{"id":339971,"date":"2017-04-18T02:00:00","date_gmt":"2017-04-18T00:00:00","guid":{"rendered":"https:\/\/medizinonline.com\/cme-module-ovarian-cancer-care-situation-in-switzerland\/"},"modified":"2023-01-18T13:35:18","modified_gmt":"2023-01-18T12:35:18","slug":"cme-module-ovarian-cancer-care-situation-in-switzerland","status":"publish","type":"post","link":"https:\/\/medizinonline.com\/en\/cme-module-ovarian-cancer-care-situation-in-switzerland\/","title":{"rendered":"CME Module Ovarian Cancer: Care Situation in Switzerland"},"content":{"rendered":"\n<p><strong>Prof. em. Dr. Richard Herrmann in conversation with Prof. Dr. Andreas G\u00fcnthert, Head of gyn-zentrum Luzern<\/strong><\/p>\n\n<p><strong>Video part 2\/3: Care situation and treatment in Switzerland  <\/strong><\/p>\n\n<p><strong>The ovarian cancer module was updated in June 2022. <\/strong><\/p>\n\n<!--more-->\n\n<p><span style=\"font-size: 12px;\"><strong>Moderation:<\/strong><br\/>Richard Herrmann, MD, Prof. em. for Oncology Basel<\/span><\/p>\n\n<p><span style=\"font-size: 12px;\"><strong>Lecture Guest:<\/strong><br\/>Prof. Dr. med. Andreas G\u00fcnthert, Head of gyn-zentrum Luzern<\/span><\/p>\n\n<p><span style=\"font-size: 12px;\"><strong>Video duration: <\/strong>38:04 min.<br\/>Language: German<\/span><\/p>\n\n<p><strong>After the video training, click START TEST to go to the online training.<\/strong><\/p>\n\n<p><iframe title=\"4_PDAC_G&#xFC;nthert_V4.mp4\" data-src=\"https:\/\/player.vimeo.com\/video\/718236393?h=4d9d299d31&amp;badge=0&amp;autopause=0&amp;player_id=0&amp;app_id=58479\" width=\"1920\" height=\"1080\" frameborder=\"0\" src=\"data:image\/svg+xml;base64,PHN2ZyB3aWR0aD0iMSIgaGVpZ2h0PSIxIiB4bWxucz0iaHR0cDovL3d3dy53My5vcmcvMjAwMC9zdmciPjwvc3ZnPg==\" class=\"lazyload\" data-load-mode=\"1\"><\/iframe><\/p>\n\n<p><span style=\"color: #ffffff; font-family: calibri,sans-serif; font-size: 14.666666984558105px;\">(<\/span><em>The video can be viewed in full-screen mode by right-clicking and then clicking &#8220;Open frame in a tab&#8221;.<\/em><span style=\"color: #ffffff; font-family: calibri,sans-serif; font-size: 14.666666984558105px;\">). <\/span> <\/p>\n\n<p><em><span style=\"color: #4d4d4d; font-family: calibri,sans-serif; font-size: 14.666666984558105px;\">Update June 2022.<\/span><\/em><\/p>\n\n<p><span style=\"font-size: 12px;\">With the kind support of <\/span>GSK<\/p>\n\n<figure class=\"wp-block-image\"><img decoding=\"async\" width=\"191\" height=\"176\" data-src=\"https:\/\/medizinonline.com\/wp-content\/uploads\/2017\/04\/gsk_rgb_0.png\" alt=\"\" class=\"wp-image-11722 lazyload\" data-srcset=\"https:\/\/medizinonline.com\/wp-content\/uploads\/2017\/04\/gsk_rgb_0.png 191w, https:\/\/medizinonline.com\/wp-content\/uploads\/2017\/04\/gsk_rgb_0-120x111.png 120w, https:\/\/medizinonline.com\/wp-content\/uploads\/2017\/04\/gsk_rgb_0-90x83.png 90w\" data-sizes=\"(max-width: 191px) 100vw, 191px\" src=\"data:image\/svg+xml;base64,PHN2ZyB3aWR0aD0iMSIgaGVpZ2h0PSIxIiB4bWxucz0iaHR0cDovL3d3dy53My5vcmcvMjAwMC9zdmciPjwvc3ZnPg==\" style=\"--smush-placeholder-width: 191px; --smush-placeholder-aspect-ratio: 191\/176;\" \/><\/figure>\n","protected":false},"excerpt":{"rendered":"<p>Prof. em. Dr. Richard Herrmann in conversation with Prof. Dr. Andreas G\u00fcnthert, Head of gyn-zentrum Luzern Video part 2\/3: Care situation and treatment in Switzerland The ovarian cancer module was&hellip;<\/p>\n","protected":false},"author":7,"featured_media":0,"comment_status":"closed","ping_status":"closed","sticky":false,"template":"","format":"standard","meta":{"_acf_changed":false,"pmpro_default_level":"","cat_1_feature_home_top":false,"cat_2_editor_pick":false,"csco_eyebrow_text":"Online training Swiss Oncology in Motion","footnotes":""},"category":[22615,11508,11400,11370,11323,11548,11693],"tags":[11746],"powerkit_post_featured":[],"class_list":["post-339971","post","type-post","status-publish","format-standard","category-cme-continuing-education","category-education","category-gynecology","category-oncology","category-partner-content-en","category-rx-en","category-training-with-partner","tag-cme-continuing-education","pmpro-has-access"],"acf":[],"publishpress_future_action":{"enabled":false,"date":"2026-05-06 21:39:51","action":"change-status","newStatus":"draft","terms":[],"taxonomy":"category","extraData":[]},"publishpress_future_workflow_manual_trigger":{"enabledWorkflows":[]},"wpml_current_locale":"en_US","wpml_translations":{"fr_FR":{"locale":"fr_FR","id":339986,"slug":"module-cme-sur-le-cancer-de-lovaire-situation-des-soins-en-suisse","post_title":"Module CME sur le cancer de l'ovaire : situation des soins en Suisse","href":"https:\/\/medizinonline.com\/fr\/module-cme-sur-le-cancer-de-lovaire-situation-des-soins-en-suisse\/"},"it_IT":{"locale":"it_IT","id":339997,"slug":"modulo-ecm-cancro-ovarico-situazione-di-cura-in-svizzera","post_title":"Modulo ECM Cancro ovarico: situazione di cura in Svizzera","href":"https:\/\/medizinonline.com\/it\/modulo-ecm-cancro-ovarico-situazione-di-cura-in-svizzera\/"},"pt_PT":{"locale":"pt_PT","id":340010,"slug":"cme-module-ovarian-cancer-situacao-dos-cuidados-na-suica","post_title":"CME Module Ovarian Cancer: Situa\u00e7\u00e3o dos cuidados na Su\u00ed\u00e7a","href":"https:\/\/medizinonline.com\/pt-pt\/cme-module-ovarian-cancer-situacao-dos-cuidados-na-suica\/"},"es_ES":{"locale":"es_ES","id":340021,"slug":"modulo-cme-cancer-de-ovario-situacion-asistencial-en-suiza","post_title":"M\u00f3dulo CME C\u00e1ncer de ovario: situaci\u00f3n asistencial en Suiza","href":"https:\/\/medizinonline.com\/es\/modulo-cme-cancer-de-ovario-situacion-asistencial-en-suiza\/"}},"_links":{"self":[{"href":"https:\/\/medizinonline.com\/en\/wp-json\/wp\/v2\/posts\/339971","targetHints":{"allow":["GET"]}}],"collection":[{"href":"https:\/\/medizinonline.com\/en\/wp-json\/wp\/v2\/posts"}],"about":[{"href":"https:\/\/medizinonline.com\/en\/wp-json\/wp\/v2\/types\/post"}],"author":[{"embeddable":true,"href":"https:\/\/medizinonline.com\/en\/wp-json\/wp\/v2\/users\/7"}],"replies":[{"embeddable":true,"href":"https:\/\/medizinonline.com\/en\/wp-json\/wp\/v2\/comments?post=339971"}],"version-history":[{"count":1,"href":"https:\/\/medizinonline.com\/en\/wp-json\/wp\/v2\/posts\/339971\/revisions"}],"predecessor-version":[{"id":339980,"href":"https:\/\/medizinonline.com\/en\/wp-json\/wp\/v2\/posts\/339971\/revisions\/339980"}],"wp:attachment":[{"href":"https:\/\/medizinonline.com\/en\/wp-json\/wp\/v2\/media?parent=339971"}],"wp:term":[{"taxonomy":"category","embeddable":true,"href":"https:\/\/medizinonline.com\/en\/wp-json\/wp\/v2\/category?post=339971"},{"taxonomy":"post_tag","embeddable":true,"href":"https:\/\/medizinonline.com\/en\/wp-json\/wp\/v2\/tags?post=339971"},{"taxonomy":"powerkit_post_featured","embeddable":true,"href":"https:\/\/medizinonline.com\/en\/wp-json\/wp\/v2\/powerkit_post_featured?post=339971"}],"curies":[{"name":"wp","href":"https:\/\/api.w.org\/{rel}","templated":true}]}}