{"id":344797,"date":"2014-09-11T13:32:52","date_gmt":"2014-09-11T11:32:52","guid":{"rendered":"https:\/\/medizinonline.com\/balanced-diet-is-learned-already-in-childhood\/"},"modified":"2014-09-11T13:32:52","modified_gmt":"2014-09-11T11:32:52","slug":"balanced-diet-is-learned-already-in-childhood","status":"publish","type":"post","link":"https:\/\/medizinonline.com\/en\/balanced-diet-is-learned-already-in-childhood\/","title":{"rendered":"Balanced diet is learned already in childhood"},"content":{"rendered":"<p><strong>The promotion of health begins in childhood. At a young age, the foundation for a healthy lifestyle is set for a person to build upon as an adult.<\/strong><\/p>\n<p> <!--more--> <\/p>\n<p>In the first years of a child&#8217;s life, parents determine the range of foods for their offspring. Within this spectrum, children then develop their tastes and preferences. Sweet is the only preference that children bring with them from birth. All other taste preferences are learned. Parents and other caregivers are role models in this process: What do mother, father, brother, grandmother, caregiver in kindergarten, teachers, etc. like? And what don&#8217;t they like? What is put on the table and where is it eaten? The nutritional experiences that children make in the first years of life remain; the preferences from childhood are rarely lost.<\/p>\n<p>With all the good intentions for a balanced diet, fun and joy are also part of eating. Children do not judge food by its health value. They want to experience food with all their senses &#8211; appearance, taste and smell are of great importance to children. Even older children do not primarily want to eat healthy &#8211; physical or mental performance, fitness, good looks, etc. are much more important to them. Children do not want a &#8220;theoretically healthy diet&#8221; but an imaginative, varied meal, which may also include fast food.<br \/>\nThe following recommendations <strong>(Tab.&nbsp;1) <\/strong>ensure an adequate supply of energy, nutrients and protective substances in the sense of a balanced mixed diet and thus a balanced diet for healthy children.<\/p>\n<p><img fetchpriority=\"high\" decoding=\"async\" class=\" size-full wp-image-4427\" alt=\"\" src=\"https:\/\/medizinonline.com\/wp-content\/uploads\/2014\/09\/tab1_hp8_s5.jpg\" style=\"height:816px; width:600px\" width=\"1029\" height=\"1400\" srcset=\"https:\/\/medizinonline.com\/wp-content\/uploads\/2014\/09\/tab1_hp8_s5.jpg 1029w, https:\/\/medizinonline.com\/wp-content\/uploads\/2014\/09\/tab1_hp8_s5-800x1088.jpg 800w, https:\/\/medizinonline.com\/wp-content\/uploads\/2014\/09\/tab1_hp8_s5-120x163.jpg 120w, https:\/\/medizinonline.com\/wp-content\/uploads\/2014\/09\/tab1_hp8_s5-90x122.jpg 90w, https:\/\/medizinonline.com\/wp-content\/uploads\/2014\/09\/tab1_hp8_s5-320x435.jpg 320w, https:\/\/medizinonline.com\/wp-content\/uploads\/2014\/09\/tab1_hp8_s5-560x762.jpg 560w\" sizes=\"(max-width: 1029px) 100vw, 1029px\" \/><\/p>\n<p>The amounts and portions given have been adjusted to the child&#8217;s nutrient and energy requirements, but represent only average values for orientation, as the actual requirement depends strongly on the child&#8217;s size and physical activity. In addition, the recommendations do not have to be followed every day, but over the long term, e.g. over a week. An exception are the recommendations on fluid intake, these should be considered daily.<\/p>\n<p>For more information on balanced nutrition in childhood, see:<br \/>\n<a href=\"http:\/\/www.sge-ssn.ch\/kinder\" target=\"_blank\" rel=\"noopener\">www.sge-ssn.ch\/kinder.<\/a><\/p>\n<p><em>HAUSARZT PRAXIS 2014; 9(8): 5<\/em><\/p>\n","protected":false},"excerpt":{"rendered":"<p>The promotion of health begins in childhood. At a young age, the foundation for a healthy lifestyle is set for a person to build upon as an adult.<\/p>\n","protected":false},"author":7,"featured_media":46189,"comment_status":"closed","ping_status":"","sticky":false,"template":"","format":"standard","meta":{"_acf_changed":false,"pmpro_default_level":"","cat_1_feature_home_top":false,"cat_2_editor_pick":false,"csco_eyebrow_text":"Nutrition recommendation of the Swiss Society for Nutrition SGE","footnotes":""},"category":[11500,11388,11437,11548],"tags":[51331,51325,24956,51336,51339,13050],"powerkit_post_featured":[],"class_list":["post-344797","post","type-post","status-publish","format-standard","has-post-thumbnail","category-news-en","category-nutrition","category-pediatrics","category-rx-en","tag-fast-food-en","tag-food","tag-lifestyle-en-2","tag-mixed-diet","tag-nutrient-requirements","tag-nutrition-en","pmpro-has-access"],"acf":[],"publishpress_future_action":{"enabled":false,"date":"2026-05-03 13:15:20","action":"change-status","newStatus":"draft","terms":[],"taxonomy":"category","extraData":[]},"publishpress_future_workflow_manual_trigger":{"enabledWorkflows":[]},"wpml_current_locale":"en_US","wpml_translations":{"fr_FR":{"locale":"fr_FR","id":344758,"slug":"lequilibre-alimentaire-sapprend-des-lenfance","post_title":"L'\u00e9quilibre alimentaire s'apprend d\u00e8s l'enfance","href":"https:\/\/medizinonline.com\/fr\/lequilibre-alimentaire-sapprend-des-lenfance\/"},"it_IT":{"locale":"it_IT","id":344776,"slug":"lalimentazione-equilibrata-si-impara-gia-nellinfanzia","post_title":"L'alimentazione equilibrata si impara gi\u00e0 nell'infanzia","href":"https:\/\/medizinonline.com\/it\/lalimentazione-equilibrata-si-impara-gia-nellinfanzia\/"},"pt_PT":{"locale":"pt_PT","id":344787,"slug":"a-nutricao-equilibrada-ja-e-aprendida-na-infancia","post_title":"A nutri\u00e7\u00e3o equilibrada j\u00e1 \u00e9 aprendida na inf\u00e2ncia","href":"https:\/\/medizinonline.com\/pt-pt\/a-nutricao-equilibrada-ja-e-aprendida-na-infancia\/"},"es_ES":{"locale":"es_ES","id":344795,"slug":"la-nutricion-equilibrada-ya-se-aprende-en-la-infancia","post_title":"La nutrici\u00f3n equilibrada ya se aprende en la infancia","href":"https:\/\/medizinonline.com\/es\/la-nutricion-equilibrada-ya-se-aprende-en-la-infancia\/"}},"_links":{"self":[{"href":"https:\/\/medizinonline.com\/en\/wp-json\/wp\/v2\/posts\/344797","targetHints":{"allow":["GET"]}}],"collection":[{"href":"https:\/\/medizinonline.com\/en\/wp-json\/wp\/v2\/posts"}],"about":[{"href":"https:\/\/medizinonline.com\/en\/wp-json\/wp\/v2\/types\/post"}],"author":[{"embeddable":true,"href":"https:\/\/medizinonline.com\/en\/wp-json\/wp\/v2\/users\/7"}],"replies":[{"embeddable":true,"href":"https:\/\/medizinonline.com\/en\/wp-json\/wp\/v2\/comments?post=344797"}],"version-history":[{"count":0,"href":"https:\/\/medizinonline.com\/en\/wp-json\/wp\/v2\/posts\/344797\/revisions"}],"wp:featuredmedia":[{"embeddable":true,"href":"https:\/\/medizinonline.com\/en\/wp-json\/wp\/v2\/media\/46189"}],"wp:attachment":[{"href":"https:\/\/medizinonline.com\/en\/wp-json\/wp\/v2\/media?parent=344797"}],"wp:term":[{"taxonomy":"category","embeddable":true,"href":"https:\/\/medizinonline.com\/en\/wp-json\/wp\/v2\/category?post=344797"},{"taxonomy":"post_tag","embeddable":true,"href":"https:\/\/medizinonline.com\/en\/wp-json\/wp\/v2\/tags?post=344797"},{"taxonomy":"powerkit_post_featured","embeddable":true,"href":"https:\/\/medizinonline.com\/en\/wp-json\/wp\/v2\/powerkit_post_featured?post=344797"}],"curies":[{"name":"wp","href":"https:\/\/api.w.org\/{rel}","templated":true}]}}