{"id":399961,"date":"2025-05-31T14:05:00","date_gmt":"2025-05-31T12:05:00","guid":{"rendered":"https:\/\/medizinonline.com\/?p=399961"},"modified":"2025-05-31T13:04:33","modified_gmt":"2025-05-31T11:04:33","slug":"migraine-in-men-underdiagnosed-underestimated-under-researched","status":"publish","type":"post","link":"https:\/\/medizinonline.com\/en\/migraine-in-men-underdiagnosed-underestimated-under-researched\/","title":{"rendered":"Migraine in men: underdiagnosed, underestimated, under-researched"},"content":{"rendered":"\n<p><strong>Migraine is a highly prevalent primary headache disorder whose gender-specific differences have so far mainly been considered with regard to women. However, migraine in men has special characteristics &#8211; both in terms of symptoms, comorbidities and pain management as well as response to treatment. This article highlights the current state of knowledge on migraine in men, emphasizes the role of biological and social influences and argues for greater consideration of male patients in diagnostics, therapy and research.  <\/strong><\/p>\n\n<div class=\"pmpro\"><div class=\"pmpro_card pmpro_content_message\"><div class=\"pmpro_card_content\">Dieser Inhalt ist nur f\u00fcr Benutzer der Gruppe: Medizinische Fachperson zug\u00e4nglich <br \/><a href=\"https:\/\/medizinonline.com\/en\/my-account\/packages\/\">Jetzt beitreten<\/a><\/div><div class=\"pmpro_card_actions pmpro_font-medium\">Already a member? <a href=\"https:\/\/medizinonline.com\/en\/log-in\/?redirect_to=https%3A%2F%2Fmedizinonline.com%2Fen%2Fmigraine-in-men-underdiagnosed-underestimated-under-researched%2F\">Log in here<\/a><\/div><\/div><\/div>","protected":false},"excerpt":{"rendered":"<p>Migraine is a highly prevalent primary headache disorder whose gender-specific differences have so far mainly been considered with regard to women. However, migraine in men has special characteristics &#8211; both&#8230;&hellip;... <\/p>\n<div class=\"pmpro\"><div class=\"pmpro_card pmpro_content_message\"><div class=\"pmpro_card_content\">Dieser Inhalt ist nur f\u00fcr Benutzer der Gruppe: Medizinische Fachperson zug\u00e4nglich <br \/><a href=\"https:\/\/medizinonline.com\/en\/my-account\/packages\/\">Jetzt beitreten<\/a><\/div><div class=\"pmpro_card_actions pmpro_font-medium\">Already a member? <a href=\"https:\/\/medizinonline.com\/en\/log-in\/?redirect_to=https%3A%2F%2Fmedizinonline.com%2Fen%2Fmigraine-in-men-underdiagnosed-underestimated-under-researched%2F\">Log in here<\/a><\/div><\/div><\/div>","protected":false},"author":7,"featured_media":399964,"comment_status":"closed","ping_status":"closed","sticky":false,"template":"","format":"standard","meta":{"_acf_changed":false,"pmpro_default_level":"","cat_1_feature_home_top":false,"cat_2_editor_pick":false,"csco_eyebrow_text":"Plea for sex-specific neurology","footnotes":""},"category":[11508,11363,11548,11503],"tags":[],"powerkit_post_featured":[],"class_list":["post-399961","post","type-post","status-publish","format-standard","has-post-thumbnail","category-education","category-neurology","category-rx-en","category-studies","pmpro-level-required","pmpro-level-1","pmpro-no-access"],"acf":[],"publishpress_future_action":{"enabled":false,"date":"2026-05-03 17:16:33","action":"change-status","newStatus":"draft","terms":[],"taxonomy":"category","extraData":[]},"publishpress_future_workflow_manual_trigger":{"enabledWorkflows":[]},"wpml_current_locale":"en_US","wpml_translations":{"fr_FR":{"locale":"fr_FR","id":399969,"slug":"la-migraine-chez-les-hommes-sous-diagnostiquee-sous-estimee-sous-etudiee","post_title":"La migraine chez les hommes : sous-diagnostiqu\u00e9e, sous-estim\u00e9e, sous-\u00e9tudi\u00e9e","href":"https:\/\/medizinonline.com\/fr\/la-migraine-chez-les-hommes-sous-diagnostiquee-sous-estimee-sous-etudiee\/"},"it_IT":{"locale":"it_IT","id":399973,"slug":"emicrania-negli-uomini-sottodiagnosticata-sottovalutata-poco-studiata","post_title":"Emicrania negli uomini: sottodiagnosticata, sottovalutata, poco studiata","href":"https:\/\/medizinonline.com\/it\/emicrania-negli-uomini-sottodiagnosticata-sottovalutata-poco-studiata\/"},"pt_PT":{"locale":"pt_PT","id":399960,"slug":"enxaqueca-nos-homens-subdiagnosticada-subestimada-pouco-estudada","post_title":"Enxaqueca nos homens: subdiagnosticada, subestimada, pouco estudada","href":"https:\/\/medizinonline.com\/pt-pt\/enxaqueca-nos-homens-subdiagnosticada-subestimada-pouco-estudada\/"},"es_ES":{"locale":"es_ES","id":399962,"slug":"la-migrana-en-los-hombres-infradiagnosticada-subestimada-poco-investigada","post_title":"La migra\u00f1a en los hombres: infradiagnosticada, subestimada, poco investigada","href":"https:\/\/medizinonline.com\/es\/la-migrana-en-los-hombres-infradiagnosticada-subestimada-poco-investigada\/"}},"_links":{"self":[{"href":"https:\/\/medizinonline.com\/en\/wp-json\/wp\/v2\/posts\/399961","targetHints":{"allow":["GET"]}}],"collection":[{"href":"https:\/\/medizinonline.com\/en\/wp-json\/wp\/v2\/posts"}],"about":[{"href":"https:\/\/medizinonline.com\/en\/wp-json\/wp\/v2\/types\/post"}],"author":[{"embeddable":true,"href":"https:\/\/medizinonline.com\/en\/wp-json\/wp\/v2\/users\/7"}],"replies":[{"embeddable":true,"href":"https:\/\/medizinonline.com\/en\/wp-json\/wp\/v2\/comments?post=399961"}],"version-history":[{"count":1,"href":"https:\/\/medizinonline.com\/en\/wp-json\/wp\/v2\/posts\/399961\/revisions"}],"predecessor-version":[{"id":399966,"href":"https:\/\/medizinonline.com\/en\/wp-json\/wp\/v2\/posts\/399961\/revisions\/399966"}],"wp:featuredmedia":[{"embeddable":true,"href":"https:\/\/medizinonline.com\/en\/wp-json\/wp\/v2\/media\/399964"}],"wp:attachment":[{"href":"https:\/\/medizinonline.com\/en\/wp-json\/wp\/v2\/media?parent=399961"}],"wp:term":[{"taxonomy":"category","embeddable":true,"href":"https:\/\/medizinonline.com\/en\/wp-json\/wp\/v2\/category?post=399961"},{"taxonomy":"post_tag","embeddable":true,"href":"https:\/\/medizinonline.com\/en\/wp-json\/wp\/v2\/tags?post=399961"},{"taxonomy":"powerkit_post_featured","embeddable":true,"href":"https:\/\/medizinonline.com\/en\/wp-json\/wp\/v2\/powerkit_post_featured?post=399961"}],"curies":[{"name":"wp","href":"https:\/\/api.w.org\/{rel}","templated":true}]}}