{"id":406924,"date":"2025-09-05T00:30:00","date_gmt":"2025-09-04T22:30:00","guid":{"rendered":"https:\/\/medizinonline.com\/?p=406924"},"modified":"2025-08-29T16:58:25","modified_gmt":"2025-08-29T14:58:25","slug":"clinic-therapy-and-prevention-in-early-childhood","status":"publish","type":"post","link":"https:\/\/medizinonline.com\/en\/clinic-therapy-and-prevention-in-early-childhood\/","title":{"rendered":"Clinic, therapy and prevention in early childhood"},"content":{"rendered":"\n<p><strong>Atopic dermatitis is the most common chronic inflammatory skin disease in early childhood and is caused by a complex interaction of genetic and environmental factors. The quality of life of patients and their families is considerably impaired, mainly due to the unpleasant itching, restrictions in everyday activities, insomnia and the disfiguring, highly inflammatory skin changes. In addition, increased risks of autoimmune diseases have been described. Provocation factors, clinic, therapy and preventive measures are presented.   <\/strong><\/p>\n\n<div class=\"pmpro\"><div class=\"pmpro_card pmpro_content_message\"><div class=\"pmpro_card_content\">Dieser Inhalt ist nur f\u00fcr Benutzer der Gruppe: Medizinische Fachperson zug\u00e4nglich <br \/><a href=\"https:\/\/medizinonline.com\/en\/my-account\/packages\/\">Jetzt beitreten<\/a><\/div><div class=\"pmpro_card_actions pmpro_font-medium\">Already a member? <a href=\"https:\/\/medizinonline.com\/en\/log-in\/?redirect_to=https%3A%2F%2Fmedizinonline.com%2Fen%2Fclinic-therapy-and-prevention-in-early-childhood%2F\">Log in here<\/a><\/div><\/div><\/div>","protected":false},"excerpt":{"rendered":"<p>Atopic dermatitis is the most common chronic inflammatory skin disease in early childhood and is caused by a complex interaction of genetic and environmental factors. The quality of life of&#8230;&hellip;... <\/p>\n<div class=\"pmpro\"><div class=\"pmpro_card pmpro_content_message\"><div class=\"pmpro_card_content\">Dieser Inhalt ist nur f\u00fcr Benutzer der Gruppe: Medizinische Fachperson zug\u00e4nglich <br \/><a href=\"https:\/\/medizinonline.com\/en\/my-account\/packages\/\">Jetzt beitreten<\/a><\/div><div class=\"pmpro_card_actions pmpro_font-medium\">Already a member? <a href=\"https:\/\/medizinonline.com\/en\/log-in\/?redirect_to=https%3A%2F%2Fmedizinonline.com%2Fen%2Fclinic-therapy-and-prevention-in-early-childhood%2F\">Log in here<\/a><\/div><\/div><\/div>","protected":false},"author":7,"featured_media":406926,"comment_status":"closed","ping_status":"closed","sticky":false,"template":"","format":"standard","meta":{"_acf_changed":false,"pmpro_default_level":"","cat_1_feature_home_top":false,"cat_2_editor_pick":false,"csco_eyebrow_text":"Atopic dermatitis  ","footnotes":""},"category":[11331,22615,11340,11406,11437,11460,11548,11503],"tags":[51501,12624,15857,13116,18267,23359,35829,84565,35213,13117,66170,14240,84564,52812,26766,18254],"powerkit_post_featured":[],"class_list":["post-406924","post","type-post","status-publish","format-standard","has-post-thumbnail","category-allergology-and-clinical-immunology","category-cme-continuing-education","category-dermatology-and-venereology","category-infectiology","category-pediatrics","category-prevention-and-health-care","category-rx-en","category-studies","tag-alopecia-areata-en","tag-atopic-dermatitis-en","tag-atopic-eczema","tag-autoimmune-diseases","tag-calcineurin-inhibitors","tag-celiac-disease","tag-childhood-en","tag-endogenous-eczema","tag-inflammatory-bowel-disease-en","tag-neurodermatitis","tag-provocation-factors","tag-rheumatoid-arthritis","tag-seborrheic-infant-eczema","tag-skin-disease","tag-topical-corticosteroids","tag-vitiligo-en","pmpro-level-required","pmpro-level-1","pmpro-no-access"],"acf":[],"publishpress_future_action":{"enabled":false,"date":"2026-05-05 04:48:57","action":"change-status","newStatus":"draft","terms":[],"taxonomy":"category","extraData":[]},"publishpress_future_workflow_manual_trigger":{"enabledWorkflows":[]},"wpml_current_locale":"en_US","wpml_translations":{"fr_FR":{"locale":"fr_FR","id":406980,"slug":"clinique-traitement-et-prevention-dans-la-petite-enfance","post_title":"Clinique, traitement et pr\u00e9vention dans la petite enfance","href":"https:\/\/medizinonline.com\/fr\/clinique-traitement-et-prevention-dans-la-petite-enfance\/"},"it_IT":{"locale":"it_IT","id":406983,"slug":"clinica-terapia-e-prevenzione-nella-prima-infanzia","post_title":"Clinica, terapia e prevenzione nella prima infanzia","href":"https:\/\/medizinonline.com\/it\/clinica-terapia-e-prevenzione-nella-prima-infanzia\/"},"pt_PT":{"locale":"pt_PT","id":406932,"slug":"clinica-terapia-e-prevencao-na-primeira-infancia","post_title":"Cl\u00ednica, terapia e preven\u00e7\u00e3o na primeira inf\u00e2ncia","href":"https:\/\/medizinonline.com\/pt-pt\/clinica-terapia-e-prevencao-na-primeira-infancia\/"},"es_ES":{"locale":"es_ES","id":406929,"slug":"clinica-terapia-y-prevencion-en-la-primera-infancia","post_title":"Cl\u00ednica, terapia y prevenci\u00f3n en la primera infancia","href":"https:\/\/medizinonline.com\/es\/clinica-terapia-y-prevencion-en-la-primera-infancia\/"}},"_links":{"self":[{"href":"https:\/\/medizinonline.com\/en\/wp-json\/wp\/v2\/posts\/406924","targetHints":{"allow":["GET"]}}],"collection":[{"href":"https:\/\/medizinonline.com\/en\/wp-json\/wp\/v2\/posts"}],"about":[{"href":"https:\/\/medizinonline.com\/en\/wp-json\/wp\/v2\/types\/post"}],"author":[{"embeddable":true,"href":"https:\/\/medizinonline.com\/en\/wp-json\/wp\/v2\/users\/7"}],"replies":[{"embeddable":true,"href":"https:\/\/medizinonline.com\/en\/wp-json\/wp\/v2\/comments?post=406924"}],"version-history":[{"count":1,"href":"https:\/\/medizinonline.com\/en\/wp-json\/wp\/v2\/posts\/406924\/revisions"}],"predecessor-version":[{"id":406928,"href":"https:\/\/medizinonline.com\/en\/wp-json\/wp\/v2\/posts\/406924\/revisions\/406928"}],"wp:featuredmedia":[{"embeddable":true,"href":"https:\/\/medizinonline.com\/en\/wp-json\/wp\/v2\/media\/406926"}],"wp:attachment":[{"href":"https:\/\/medizinonline.com\/en\/wp-json\/wp\/v2\/media?parent=406924"}],"wp:term":[{"taxonomy":"category","embeddable":true,"href":"https:\/\/medizinonline.com\/en\/wp-json\/wp\/v2\/category?post=406924"},{"taxonomy":"post_tag","embeddable":true,"href":"https:\/\/medizinonline.com\/en\/wp-json\/wp\/v2\/tags?post=406924"},{"taxonomy":"powerkit_post_featured","embeddable":true,"href":"https:\/\/medizinonline.com\/en\/wp-json\/wp\/v2\/powerkit_post_featured?post=406924"}],"curies":[{"name":"wp","href":"https:\/\/api.w.org\/{rel}","templated":true}]}}