{"id":459826,"date":"2026-02-11T21:56:15","date_gmt":"2026-02-11T20:56:15","guid":{"rendered":"https:\/\/medizinonline.com\/treatment-recommendations-depend-on-the-severity-and-inflammatory-activity\/"},"modified":"2025-12-15T22:40:59","modified_gmt":"2025-12-15T21:40:59","slug":"treatment-recommendations-depend-on-the-severity-and-inflammatory-activity","status":"publish","type":"post","link":"https:\/\/medizinonline.com\/en\/treatment-recommendations-depend-on-the-severity-and-inflammatory-activity\/","title":{"rendered":"Treatment recommendations depend on the severity and inflammatory activity"},"content":{"rendered":"\n<p><strong>Due to its phenotypic heterogeneity and multifactorial pathogenesis, hidradenitis suppurativa is a complex disease that can be difficult to treat. Fortunately, research has achieved significant breakthroughs in the recent past, which is reflected in the fact that several biologics are now available and a number of drug candidates from the field of monoclonal antibodies and small molecules are being tested in trials. The further development of the therapy spectrum and other innovations are reflected in the recently published European S2k guideline.  <\/strong><\/p>\n\n<div class=\"pmpro\"><div class=\"pmpro_card pmpro_content_message\"><div class=\"pmpro_card_content\">Dieser Inhalt ist nur f\u00fcr Benutzer der Gruppe: Medizinische Fachperson zug\u00e4nglich <br \/><a href=\"https:\/\/medizinonline.com\/en\/my-account\/packages\/\">Jetzt beitreten<\/a><\/div><div class=\"pmpro_card_actions pmpro_font-medium\">Already a member? <a href=\"https:\/\/medizinonline.com\/en\/log-in\/?redirect_to=https%3A%2F%2Fmedizinonline.com%2Fen%2Ftreatment-recommendations-depend-on-the-severity-and-inflammatory-activity%2F\">Log in here<\/a><\/div><\/div><\/div>","protected":false},"excerpt":{"rendered":"<p>Due to its phenotypic heterogeneity and multifactorial pathogenesis, hidradenitis suppurativa is a complex disease that can be difficult to treat. Fortunately, research has achieved significant breakthroughs in the recent past,&#8230;&hellip;... <\/p>\n<div class=\"pmpro\"><div class=\"pmpro_card pmpro_content_message\"><div class=\"pmpro_card_content\">Dieser Inhalt ist nur f\u00fcr Benutzer der Gruppe: Medizinische Fachperson zug\u00e4nglich <br \/><a href=\"https:\/\/medizinonline.com\/en\/my-account\/packages\/\">Jetzt beitreten<\/a><\/div><div class=\"pmpro_card_actions pmpro_font-medium\">Already a member? <a href=\"https:\/\/medizinonline.com\/en\/log-in\/?redirect_to=https%3A%2F%2Fmedizinonline.com%2Fen%2Ftreatment-recommendations-depend-on-the-severity-and-inflammatory-activity%2F\">Log in here<\/a><\/div><\/div><\/div>","protected":false},"author":7,"featured_media":459832,"comment_status":"closed","ping_status":"closed","sticky":false,"template":"","format":"standard","meta":{"_acf_changed":false,"pmpro_default_level":"","cat_1_feature_home_top":false,"cat_2_editor_pick":false,"csco_eyebrow_text":"Hidradenitis suppurativa: biologics reduce inflammatory processes","footnotes":""},"category":[11331,11513,11340,11406,11548,11503],"tags":[12395,12526,12391,12400,87700,17979,12536,26040,15545],"powerkit_post_featured":[],"class_list":["post-459826","post","type-post","status-publish","format-standard","has-post-thumbnail","category-allergology-and-clinical-immunology","category-congress-reports","category-dermatology-and-venereology","category-infectiology","category-rx-en","category-studies","tag-acne-inversa","tag-adalimumab-en","tag-biologics-en","tag-hidradenitis-suppurativa-en","tag-inflammatory-processes-2","tag-s2k-guideline","tag-secukinumab-en","tag-severity","tag-small-molecules-en","pmpro-level-required","pmpro-level-1","pmpro-no-access"],"acf":[],"publishpress_future_action":{"enabled":false,"date":"2026-05-06 12:40:14","action":"change-status","newStatus":"draft","terms":[],"taxonomy":"category","extraData":[]},"publishpress_future_workflow_manual_trigger":{"enabledWorkflows":[]},"wpml_current_locale":"en_US","wpml_translations":{"fr_FR":{"locale":"fr_FR","id":459824,"slug":"les-recommandations-therapeutiques-dependent-du-degre-de-gravite-et-de-lactivite-inflammatoire","post_title":"Les recommandations th\u00e9rapeutiques d\u00e9pendent du degr\u00e9 de gravit\u00e9 et de l'activit\u00e9 inflammatoire","href":"https:\/\/medizinonline.com\/fr\/les-recommandations-therapeutiques-dependent-du-degre-de-gravite-et-de-lactivite-inflammatoire\/"},"it_IT":{"locale":"it_IT","id":459821,"slug":"le-raccomandazioni-di-trattamento-dipendono-dalla-gravita-e-dallattivita-infiammatoria","post_title":"Le raccomandazioni di trattamento dipendono dalla gravit\u00e0 e dall'attivit\u00e0 infiammatoria.","href":"https:\/\/medizinonline.com\/it\/le-raccomandazioni-di-trattamento-dipendono-dalla-gravita-e-dallattivita-infiammatoria\/"},"pt_PT":{"locale":"pt_PT","id":459835,"slug":"as-recomendacoes-de-tratamento-dependem-da-gravidade-e-da-atividade-inflamatoria","post_title":"As recomenda\u00e7\u00f5es de tratamento dependem da gravidade e da atividade inflamat\u00f3ria","href":"https:\/\/medizinonline.com\/pt-pt\/as-recomendacoes-de-tratamento-dependem-da-gravidade-e-da-atividade-inflamatoria\/"},"es_ES":{"locale":"es_ES","id":459839,"slug":"las-recomendaciones-de-tratamiento-dependen-de-la-gravedad-y-de-la-actividad-inflamatoria","post_title":"Las recomendaciones de tratamiento dependen de la gravedad y de la actividad inflamatoria","href":"https:\/\/medizinonline.com\/es\/las-recomendaciones-de-tratamiento-dependen-de-la-gravedad-y-de-la-actividad-inflamatoria\/"}},"_links":{"self":[{"href":"https:\/\/medizinonline.com\/en\/wp-json\/wp\/v2\/posts\/459826","targetHints":{"allow":["GET"]}}],"collection":[{"href":"https:\/\/medizinonline.com\/en\/wp-json\/wp\/v2\/posts"}],"about":[{"href":"https:\/\/medizinonline.com\/en\/wp-json\/wp\/v2\/types\/post"}],"author":[{"embeddable":true,"href":"https:\/\/medizinonline.com\/en\/wp-json\/wp\/v2\/users\/7"}],"replies":[{"embeddable":true,"href":"https:\/\/medizinonline.com\/en\/wp-json\/wp\/v2\/comments?post=459826"}],"version-history":[{"count":1,"href":"https:\/\/medizinonline.com\/en\/wp-json\/wp\/v2\/posts\/459826\/revisions"}],"predecessor-version":[{"id":459834,"href":"https:\/\/medizinonline.com\/en\/wp-json\/wp\/v2\/posts\/459826\/revisions\/459834"}],"wp:featuredmedia":[{"embeddable":true,"href":"https:\/\/medizinonline.com\/en\/wp-json\/wp\/v2\/media\/459832"}],"wp:attachment":[{"href":"https:\/\/medizinonline.com\/en\/wp-json\/wp\/v2\/media?parent=459826"}],"wp:term":[{"taxonomy":"category","embeddable":true,"href":"https:\/\/medizinonline.com\/en\/wp-json\/wp\/v2\/category?post=459826"},{"taxonomy":"post_tag","embeddable":true,"href":"https:\/\/medizinonline.com\/en\/wp-json\/wp\/v2\/tags?post=459826"},{"taxonomy":"powerkit_post_featured","embeddable":true,"href":"https:\/\/medizinonline.com\/en\/wp-json\/wp\/v2\/powerkit_post_featured?post=459826"}],"curies":[{"name":"wp","href":"https:\/\/api.w.org\/{rel}","templated":true}]}}