{"id":460047,"date":"2026-02-16T00:30:00","date_gmt":"2026-02-15T23:30:00","guid":{"rendered":"https:\/\/medizinonline.com\/treatment-decisions-between-mrd-monitoring-transplantation-and-car-t-cells\/"},"modified":"2026-02-15T21:29:25","modified_gmt":"2026-02-15T20:29:25","slug":"treatment-decisions-between-mrd-monitoring-transplantation-and-car-t-cells","status":"publish","type":"post","link":"https:\/\/medizinonline.com\/en\/treatment-decisions-between-mrd-monitoring-transplantation-and-car-t-cells\/","title":{"rendered":"Treatment decisions between MRD monitoring, transplantation and CAR-T cells"},"content":{"rendered":"\n<p><strong>As part of the SOHC 2025<em> (Swiss Oncology &amp; Hematology Congress)<\/em>, Christoph R\u00f6llig from Dresden University Hospital gave a presentation on current developments in the diagnosis and treatment of minimal residual disease (MRD) in acute myeloid leukemia (AML); in particular, he emphasized its prognostic significance and showed how MRD findings &#8211; depending on the genetic risk &#8211; can influence decisions on allogeneic stem cell transplantation. In addition, he emphasized the potential of pre-emptive MRD-based strategies for early relapse prevention, but made it clear that their future significance and the benefits of MRD-guided transplantation decisions will largely depend on ongoing studies such as INTERCEPT. <\/strong><\/p>\n\n<div class=\"pmpro\"><div class=\"pmpro_card pmpro_content_message\"><div class=\"pmpro_card_content\">Dieser Inhalt ist nur f\u00fcr Benutzer der Gruppe: Medizinische Fachperson zug\u00e4nglich <br \/><a href=\"https:\/\/medizinonline.com\/en\/my-account\/packages\/\">Jetzt beitreten<\/a><\/div><div class=\"pmpro_card_actions pmpro_font-medium\">Already a member? <a href=\"https:\/\/medizinonline.com\/en\/log-in\/?redirect_to=https%3A%2F%2Fmedizinonline.com%2Fen%2Ftreatment-decisions-between-mrd-monitoring-transplantation-and-car-t-cells%2F\">Log in here<\/a><\/div><\/div><\/div>","protected":false},"excerpt":{"rendered":"<p>As part of the SOHC 2025 (Swiss Oncology &amp; Hematology Congress), Christoph R\u00f6llig from Dresden University Hospital gave a presentation on current developments in the diagnosis and treatment of minimal&#8230;&hellip;... <\/p>\n<div class=\"pmpro\"><div class=\"pmpro_card pmpro_content_message\"><div class=\"pmpro_card_content\">Dieser Inhalt ist nur f\u00fcr Benutzer der Gruppe: Medizinische Fachperson zug\u00e4nglich <br \/><a href=\"https:\/\/medizinonline.com\/en\/my-account\/packages\/\">Jetzt beitreten<\/a><\/div><div class=\"pmpro_card_actions pmpro_font-medium\">Already a member? <a href=\"https:\/\/medizinonline.com\/en\/log-in\/?redirect_to=https%3A%2F%2Fmedizinonline.com%2Fen%2Ftreatment-decisions-between-mrd-monitoring-transplantation-and-car-t-cells%2F\">Log in here<\/a><\/div><\/div><\/div>","protected":false},"author":7,"featured_media":460048,"comment_status":"closed","ping_status":"closed","sticky":false,"template":"","format":"standard","meta":{"_acf_changed":false,"pmpro_default_level":"","cat_1_feature_home_top":false,"cat_2_editor_pick":false,"csco_eyebrow_text":"Acute myeloid leukemia  ","footnotes":""},"category":[11513,11353,11370,11548,11503],"tags":[87870,87865,87860,87861,87859,20792,87869,87867,87866,87864,87857,87862,87868,87858,87863],"powerkit_post_featured":[],"class_list":["post-460047","post","type-post","status-publish","format-standard","has-post-thumbnail","category-congress-reports","category-hematology","category-oncology","category-rx-en","category-studies","tag-acute-myeloid-leukemia-aml","tag-allogeneic-transplantation","tag-concept-intercept","tag-flt3-inhibitor-therapy","tag-flt3-itd","tag-maintenance-therapy","tag-molecular-markers","tag-molecular-relapse","tag-mrd-marker","tag-mrd-monitoring","tag-next-generation-sequencing-ngs","tag-npm1-transcription-level","tag-oligoblastic-relapse","tag-preemptive-therapy","tag-ven-aza","pmpro-level-required","pmpro-level-1","pmpro-no-access"],"acf":[],"publishpress_future_action":{"enabled":false,"date":"2026-05-07 19:17:35","action":"change-status","newStatus":"draft","terms":[],"taxonomy":"category","extraData":[]},"publishpress_future_workflow_manual_trigger":{"enabledWorkflows":[]},"wpml_current_locale":"en_US","wpml_translations":{"fr_FR":{"locale":"fr_FR","id":460050,"slug":"decisions-therapeutiques-entre-la-surveillance-de-la-mrd-la-transplantation-et-les-cellules-car-t","post_title":"D\u00e9cisions th\u00e9rapeutiques entre la surveillance de la MRD, la transplantation et les cellules CAR-T","href":"https:\/\/medizinonline.com\/fr\/decisions-therapeutiques-entre-la-surveillance-de-la-mrd-la-transplantation-et-les-cellules-car-t\/"},"it_IT":{"locale":"it_IT","id":460084,"slug":"decisioni-terapeutiche-tra-monitoraggio-della-mrd-trapianto-e-cellule-car-t","post_title":"Decisioni terapeutiche tra monitoraggio della MRD, trapianto e cellule CAR-T","href":"https:\/\/medizinonline.com\/it\/decisioni-terapeutiche-tra-monitoraggio-della-mrd-trapianto-e-cellule-car-t\/"},"pt_PT":{"locale":"pt_PT","id":460079,"slug":"decisoes-terapeuticas-entre-monitorizacao-de-mrd-transplante-e-celulas-car-t","post_title":"Decis\u00f5es terap\u00eauticas entre monitoriza\u00e7\u00e3o de MRD, transplante e c\u00e9lulas CAR-T","href":"https:\/\/medizinonline.com\/pt-pt\/decisoes-terapeuticas-entre-monitorizacao-de-mrd-transplante-e-celulas-car-t\/"},"es_ES":{"locale":"es_ES","id":460044,"slug":"decisiones-terapeuticas-entre-la-monitorizacion-de-la-erm-el-trasplante-y-las-celulas-car-t","post_title":"Decisiones terap\u00e9uticas entre la monitorizaci\u00f3n de la ERM, el trasplante y las c\u00e9lulas CAR-T","href":"https:\/\/medizinonline.com\/es\/decisiones-terapeuticas-entre-la-monitorizacion-de-la-erm-el-trasplante-y-las-celulas-car-t\/"}},"_links":{"self":[{"href":"https:\/\/medizinonline.com\/en\/wp-json\/wp\/v2\/posts\/460047","targetHints":{"allow":["GET"]}}],"collection":[{"href":"https:\/\/medizinonline.com\/en\/wp-json\/wp\/v2\/posts"}],"about":[{"href":"https:\/\/medizinonline.com\/en\/wp-json\/wp\/v2\/types\/post"}],"author":[{"embeddable":true,"href":"https:\/\/medizinonline.com\/en\/wp-json\/wp\/v2\/users\/7"}],"replies":[{"embeddable":true,"href":"https:\/\/medizinonline.com\/en\/wp-json\/wp\/v2\/comments?post=460047"}],"version-history":[{"count":1,"href":"https:\/\/medizinonline.com\/en\/wp-json\/wp\/v2\/posts\/460047\/revisions"}],"predecessor-version":[{"id":460049,"href":"https:\/\/medizinonline.com\/en\/wp-json\/wp\/v2\/posts\/460047\/revisions\/460049"}],"wp:featuredmedia":[{"embeddable":true,"href":"https:\/\/medizinonline.com\/en\/wp-json\/wp\/v2\/media\/460048"}],"wp:attachment":[{"href":"https:\/\/medizinonline.com\/en\/wp-json\/wp\/v2\/media?parent=460047"}],"wp:term":[{"taxonomy":"category","embeddable":true,"href":"https:\/\/medizinonline.com\/en\/wp-json\/wp\/v2\/category?post=460047"},{"taxonomy":"post_tag","embeddable":true,"href":"https:\/\/medizinonline.com\/en\/wp-json\/wp\/v2\/tags?post=460047"},{"taxonomy":"powerkit_post_featured","embeddable":true,"href":"https:\/\/medizinonline.com\/en\/wp-json\/wp\/v2\/powerkit_post_featured?post=460047"}],"curies":[{"name":"wp","href":"https:\/\/api.w.org\/{rel}","templated":true}]}}