{"id":550457,"date":"2026-04-06T22:23:43","date_gmt":"2026-04-06T20:23:43","guid":{"rendered":"https:\/\/medizinonline.com\/findings-of-a-nationwide-survey-in-switzerland\/"},"modified":"2026-02-19T13:46:11","modified_gmt":"2026-02-19T12:46:11","slug":"findings-of-a-nationwide-survey-in-switzerland","status":"publish","type":"post","link":"https:\/\/medizinonline.com\/en\/findings-of-a-nationwide-survey-in-switzerland\/","title":{"rendered":"Findings of a nationwide survey in Switzerland"},"content":{"rendered":"\n<p><strong>The majority of the participants in the survey published in 2025 were internists who had completed their specialist training and were working in outpatient care. One third reported reduced well-being, mainly due to burnout or difficulties in managing their workload. The results are largely consistent with previous study data from Switzerland and other countries.    <\/strong><\/p>\n\n<div class=\"pmpro\"><div class=\"pmpro_card pmpro_content_message\"><div class=\"pmpro_card_content\">Dieser Inhalt ist nur f\u00fcr Benutzer der Gruppe: Medizinische Fachperson zug\u00e4nglich <br \/><a href=\"https:\/\/medizinonline.com\/en\/my-account\/packages\/\">Jetzt beitreten<\/a><\/div><div class=\"pmpro_card_actions pmpro_font-medium\">Already a member? <a href=\"https:\/\/medizinonline.com\/en\/log-in\/?redirect_to=https%3A%2F%2Fmedizinonline.com%2Fen%2Ffindings-of-a-nationwide-survey-in-switzerland%2F\">Log in here<\/a><\/div><\/div><\/div>","protected":false},"excerpt":{"rendered":"<p>The majority of the participants in the survey published in 2025 were internists who had completed their specialist training and were working in outpatient care. One third reported reduced well-being,&#8230;&hellip;... <\/p>\n<div class=\"pmpro\"><div class=\"pmpro_card pmpro_content_message\"><div class=\"pmpro_card_content\">Dieser Inhalt ist nur f\u00fcr Benutzer der Gruppe: Medizinische Fachperson zug\u00e4nglich <br \/><a href=\"https:\/\/medizinonline.com\/en\/my-account\/packages\/\">Jetzt beitreten<\/a><\/div><div class=\"pmpro_card_actions pmpro_font-medium\">Already a member? <a href=\"https:\/\/medizinonline.com\/en\/log-in\/?redirect_to=https%3A%2F%2Fmedizinonline.com%2Fen%2Ffindings-of-a-nationwide-survey-in-switzerland%2F\">Log in here<\/a><\/div><\/div><\/div>","protected":false},"author":7,"featured_media":550458,"comment_status":"closed","ping_status":"closed","sticky":false,"template":"","format":"standard","meta":{"_acf_changed":false,"pmpro_default_level":"","cat_1_feature_home_top":false,"cat_2_editor_pick":false,"csco_eyebrow_text":"Well-being of the medical profession in primary care  ","footnotes":""},"category":[11297,11534,11460,11548,11503],"tags":[12547,59677,77127,78039,15562,88904,53635],"powerkit_post_featured":[],"class_list":["post-550457","post","type-post","status-publish","format-standard","has-post-thumbnail","category-general-internal-medicine","category-practice-management","category-prevention-and-health-care","category-rx-en","category-studies","tag-burnout-en","tag-physicians","tag-primary-care","tag-survey","tag-switzerland","tag-well-being","tag-workload-en","pmpro-level-required","pmpro-level-1","pmpro-no-access"],"acf":[],"publishpress_future_action":{"enabled":false,"date":"2026-05-03 07:41:16","action":"change-status","newStatus":"draft","terms":[],"taxonomy":"category","extraData":[]},"publishpress_future_workflow_manual_trigger":{"enabledWorkflows":[]},"wpml_current_locale":"en_US","wpml_translations":{"fr_FR":{"locale":"fr_FR","id":550472,"slug":"enseignements-tires-dune-enquete-nationale-en-suisse","post_title":"Enseignements tir\u00e9s d'une enqu\u00eate nationale en Suisse","href":"https:\/\/medizinonline.com\/fr\/enseignements-tires-dune-enquete-nationale-en-suisse\/"},"it_IT":{"locale":"it_IT","id":550469,"slug":"risultati-di-unindagine-nazionale-in-svizzera","post_title":"Risultati di un'indagine nazionale in Svizzera","href":"https:\/\/medizinonline.com\/it\/risultati-di-unindagine-nazionale-in-svizzera\/"},"pt_PT":{"locale":"pt_PT","id":550466,"slug":"resultados-de-um-inquerito-a-nivel-nacional-na-suica","post_title":"Resultados de um inqu\u00e9rito a n\u00edvel nacional na Su\u00ed\u00e7a","href":"https:\/\/medizinonline.com\/pt-pt\/resultados-de-um-inquerito-a-nivel-nacional-na-suica\/"},"es_ES":{"locale":"es_ES","id":550463,"slug":"resultados-de-una-encuesta-nacional-en-suiza","post_title":"Resultados de una encuesta nacional en Suiza","href":"https:\/\/medizinonline.com\/es\/resultados-de-una-encuesta-nacional-en-suiza\/"}},"_links":{"self":[{"href":"https:\/\/medizinonline.com\/en\/wp-json\/wp\/v2\/posts\/550457","targetHints":{"allow":["GET"]}}],"collection":[{"href":"https:\/\/medizinonline.com\/en\/wp-json\/wp\/v2\/posts"}],"about":[{"href":"https:\/\/medizinonline.com\/en\/wp-json\/wp\/v2\/types\/post"}],"author":[{"embeddable":true,"href":"https:\/\/medizinonline.com\/en\/wp-json\/wp\/v2\/users\/7"}],"replies":[{"embeddable":true,"href":"https:\/\/medizinonline.com\/en\/wp-json\/wp\/v2\/comments?post=550457"}],"version-history":[{"count":1,"href":"https:\/\/medizinonline.com\/en\/wp-json\/wp\/v2\/posts\/550457\/revisions"}],"predecessor-version":[{"id":550459,"href":"https:\/\/medizinonline.com\/en\/wp-json\/wp\/v2\/posts\/550457\/revisions\/550459"}],"wp:featuredmedia":[{"embeddable":true,"href":"https:\/\/medizinonline.com\/en\/wp-json\/wp\/v2\/media\/550458"}],"wp:attachment":[{"href":"https:\/\/medizinonline.com\/en\/wp-json\/wp\/v2\/media?parent=550457"}],"wp:term":[{"taxonomy":"category","embeddable":true,"href":"https:\/\/medizinonline.com\/en\/wp-json\/wp\/v2\/category?post=550457"},{"taxonomy":"post_tag","embeddable":true,"href":"https:\/\/medizinonline.com\/en\/wp-json\/wp\/v2\/tags?post=550457"},{"taxonomy":"powerkit_post_featured","embeddable":true,"href":"https:\/\/medizinonline.com\/en\/wp-json\/wp\/v2\/powerkit_post_featured?post=550457"}],"curies":[{"name":"wp","href":"https:\/\/api.w.org\/{rel}","templated":true}]}}