{"id":551618,"date":"2026-04-02T12:30:00","date_gmt":"2026-04-02T10:30:00","guid":{"rendered":"https:\/\/medizinonline.com\/?p=551618"},"modified":"2026-03-06T16:09:27","modified_gmt":"2026-03-06T15:09:27","slug":"even-a-single-moderate-exacerbation-can-be-a-predictor-of-mortality","status":"publish","type":"post","link":"https:\/\/medizinonline.com\/en\/even-a-single-moderate-exacerbation-can-be-a-predictor-of-mortality\/","title":{"rendered":"Even a single moderate exacerbation can be a predictor of mortality"},"content":{"rendered":"\n<p><strong>Although severe COPD exacerbations are widely recognized as poor prognostic factors, less is known about the long-term impact of even a single moderate exacerbation. Canadian scientists have taken up this challenge and explored the relationship between previous exacerbations and future clinical outcomes. <\/strong><\/p>\n\n<div class=\"pmpro\"><div class=\"pmpro_card pmpro_content_message\"><div class=\"pmpro_card_content\">Dieser Inhalt ist nur f\u00fcr Benutzer der Gruppe: Medizinische Fachperson zug\u00e4nglich <br \/><a href=\"https:\/\/medizinonline.com\/en\/my-account\/packages\/\">Jetzt beitreten<\/a><\/div><div class=\"pmpro_card_actions pmpro_font-medium\">Already a member? <a href=\"https:\/\/medizinonline.com\/en\/log-in\/?redirect_to=https%3A%2F%2Fmedizinonline.com%2Fen%2Feven-a-single-moderate-exacerbation-can-be-a-predictor-of-mortality%2F\">Log in here<\/a><\/div><\/div><\/div>","protected":false},"excerpt":{"rendered":"<p>Although severe COPD exacerbations are widely recognized as poor prognostic factors, less is known about the long-term impact of even a single moderate exacerbation. Canadian scientists have taken up this&#8230;&hellip;... <\/p>\n<div class=\"pmpro\"><div class=\"pmpro_card pmpro_content_message\"><div class=\"pmpro_card_content\">Dieser Inhalt ist nur f\u00fcr Benutzer der Gruppe: Medizinische Fachperson zug\u00e4nglich <br \/><a href=\"https:\/\/medizinonline.com\/en\/my-account\/packages\/\">Jetzt beitreten<\/a><\/div><div class=\"pmpro_card_actions pmpro_font-medium\">Already a member? <a href=\"https:\/\/medizinonline.com\/en\/log-in\/?redirect_to=https%3A%2F%2Fmedizinonline.com%2Fen%2Feven-a-single-moderate-exacerbation-can-be-a-predictor-of-mortality%2F\">Log in here<\/a><\/div><\/div><\/div>","protected":false},"author":7,"featured_media":551619,"comment_status":"closed","ping_status":"closed","sticky":false,"template":"","format":"standard","meta":{"_acf_changed":false,"pmpro_default_level":"","cat_1_feature_home_top":false,"cat_2_editor_pick":false,"csco_eyebrow_text":"COPD","footnotes":""},"category":[11508,11455,11548,11503],"tags":[66461,12085,90300,18866,30880,23855,77786],"powerkit_post_featured":[],"class_list":["post-551618","post","type-post","status-publish","format-standard","has-post-thumbnail","category-education","category-pneumology","category-rx-en","category-studies","tag-chronic-obstructive-pulmonary-disease","tag-copd-en","tag-dose-response-relationship","tag-exacerbations","tag-forecast-en","tag-mortality","tag-predictors","pmpro-level-required","pmpro-level-1","pmpro-no-access"],"acf":[],"publishpress_future_action":{"enabled":false,"date":"2026-05-03 09:39:49","action":"change-status","newStatus":"draft","terms":[],"taxonomy":"category","extraData":[]},"publishpress_future_workflow_manual_trigger":{"enabledWorkflows":[]},"wpml_current_locale":"en_US","wpml_translations":{"fr_FR":{"locale":"fr_FR","id":551615,"slug":"meme-une-seule-exacerbation-moderee-peut-etre-un-facteur-predictif-de-mortalite","post_title":"M\u00eame une seule exacerbation mod\u00e9r\u00e9e peut \u00eatre un facteur pr\u00e9dictif de mortalit\u00e9","href":"https:\/\/medizinonline.com\/fr\/meme-une-seule-exacerbation-moderee-peut-etre-un-facteur-predictif-de-mortalite\/"},"it_IT":{"locale":"it_IT","id":551612,"slug":"anche-una-singola-esacerbazione-moderata-puo-essere-un-fattore-predittivo-di-mortalita","post_title":"Anche una singola esacerbazione moderata pu\u00f2 essere un fattore predittivo di mortalit\u00e0.","href":"https:\/\/medizinonline.com\/it\/anche-una-singola-esacerbazione-moderata-puo-essere-un-fattore-predittivo-di-mortalita\/"},"pt_PT":{"locale":"pt_PT","id":551609,"slug":"mesmo-uma-unica-exacerbacao-moderada-pode-ser-um-fator-de-previsao-de-mortalidade","post_title":"Mesmo uma \u00fanica exacerba\u00e7\u00e3o moderada pode ser um fator de previs\u00e3o de mortalidade","href":"https:\/\/medizinonline.com\/pt-pt\/mesmo-uma-unica-exacerbacao-moderada-pode-ser-um-fator-de-previsao-de-mortalidade\/"},"es_ES":{"locale":"es_ES","id":551606,"slug":"incluso-una-sola-exacerbacion-moderada-puede-predecir-la-mortalidad","post_title":"Incluso una sola exacerbaci\u00f3n moderada puede predecir la mortalidad","href":"https:\/\/medizinonline.com\/es\/incluso-una-sola-exacerbacion-moderada-puede-predecir-la-mortalidad\/"}},"_links":{"self":[{"href":"https:\/\/medizinonline.com\/en\/wp-json\/wp\/v2\/posts\/551618","targetHints":{"allow":["GET"]}}],"collection":[{"href":"https:\/\/medizinonline.com\/en\/wp-json\/wp\/v2\/posts"}],"about":[{"href":"https:\/\/medizinonline.com\/en\/wp-json\/wp\/v2\/types\/post"}],"author":[{"embeddable":true,"href":"https:\/\/medizinonline.com\/en\/wp-json\/wp\/v2\/users\/7"}],"replies":[{"embeddable":true,"href":"https:\/\/medizinonline.com\/en\/wp-json\/wp\/v2\/comments?post=551618"}],"version-history":[{"count":1,"href":"https:\/\/medizinonline.com\/en\/wp-json\/wp\/v2\/posts\/551618\/revisions"}],"predecessor-version":[{"id":551620,"href":"https:\/\/medizinonline.com\/en\/wp-json\/wp\/v2\/posts\/551618\/revisions\/551620"}],"wp:featuredmedia":[{"embeddable":true,"href":"https:\/\/medizinonline.com\/en\/wp-json\/wp\/v2\/media\/551619"}],"wp:attachment":[{"href":"https:\/\/medizinonline.com\/en\/wp-json\/wp\/v2\/media?parent=551618"}],"wp:term":[{"taxonomy":"category","embeddable":true,"href":"https:\/\/medizinonline.com\/en\/wp-json\/wp\/v2\/category?post=551618"},{"taxonomy":"post_tag","embeddable":true,"href":"https:\/\/medizinonline.com\/en\/wp-json\/wp\/v2\/tags?post=551618"},{"taxonomy":"powerkit_post_featured","embeddable":true,"href":"https:\/\/medizinonline.com\/en\/wp-json\/wp\/v2\/powerkit_post_featured?post=551618"}],"curies":[{"name":"wp","href":"https:\/\/api.w.org\/{rel}","templated":true}]}}