{"id":564222,"date":"2026-08-29T02:00:00","date_gmt":"2026-08-29T00:00:00","guid":{"rendered":"https:\/\/medizinonline.com\/effects-on-health-well-being-and-productivity\/"},"modified":"2026-09-04T09:32:35","modified_gmt":"2026-09-04T07:32:35","slug":"effects-on-health-well-being-and-productivity","status":"publish","type":"post","link":"https:\/\/medizinonline.com\/en\/effects-on-health-well-being-and-productivity\/","title":{"rendered":"Effects on Health, Well-Being, and Productivity"},"content":{"rendered":"\n<p class=\"wp-block-paragraph\"><strong>According to the World Health Organization (WHO), 19% of the factors that influence health, well-being, and productivity are related to characteristics of the built environment [1]. Most people spend more than half of their working hours indoors [2], and there is growing evidence that interior design is a relevant factor not only for well-being but also for work-related productivity. In a <em>virtual reality pilot study<\/em>, an innovative approach was used to investigate whether and how biophilic office design can increase visual attention and contribute to improved cognitive performance.<\/strong><\/p>\n\n<div class=\"pmpro\"><div class=\"pmpro_card pmpro_content_message\"><div class=\"pmpro_card_content\">Dieser Inhalt ist nur f\u00fcr Benutzer der Gruppe: Medizinische Fachperson zug\u00e4nglich <br \/><a href=\"https:\/\/medizinonline.com\/en\/my-account\/packages\/\">Jetzt beitreten<\/a><\/div><div class=\"pmpro_card_actions pmpro_font-medium\">Already a member? <a href=\"https:\/\/medizinonline.com\/en\/log-in\/?redirect_to=https%3A%2F%2Fmedizinonline.com%2Fen%2Feffects-on-health-well-being-and-productivity%2F\">Log in here<\/a><\/div><\/div><\/div>","protected":false},"excerpt":{"rendered":"<p>According to the World Health Organization (WHO), 19% of the factors that influence health, well-being, and productivity are related to characteristics of the built environment [1]. Most people spend more&#8230;&hellip;... <\/p>\n<div class=\"pmpro\"><div class=\"pmpro_card pmpro_content_message\"><div class=\"pmpro_card_content\">Dieser Inhalt ist nur f\u00fcr Benutzer der Gruppe: Medizinische Fachperson zug\u00e4nglich <br \/><a href=\"https:\/\/medizinonline.com\/en\/my-account\/packages\/\">Jetzt beitreten<\/a><\/div><div class=\"pmpro_card_actions pmpro_font-medium\">Already a member? <a href=\"https:\/\/medizinonline.com\/en\/log-in\/?redirect_to=https%3A%2F%2Fmedizinonline.com%2Fen%2Feffects-on-health-well-being-and-productivity%2F\">Log in here<\/a><\/div><\/div><\/div>","protected":false},"author":7,"featured_media":564227,"comment_status":"closed","ping_status":"closed","sticky":false,"template":"","format":"standard","meta":{"_acf_changed":false,"pmpro_default_level":"","cat_1_feature_home_top":false,"cat_2_editor_pick":false,"csco_eyebrow_text":"Biophilic Design of Work Environments  ","footnotes":"","_members_access_role":[],"_members_access_error":""},"category":[11548,11297,11534,11460,11503],"tags":[100261,100260,13135,100262,100263,100258,100259,100265,69854],"powerkit_post_featured":[],"class_list":["post-564222","post","type-post","status-publish","format-standard","has-post-thumbnail","category-rx-en","category-general-internal-medicine","category-practice-management","category-prevention-and-health-care","category-studies","tag-biophilia-hypothesis","tag-biophilic-design","tag-health","tag-productivity","tag-virtual-reality-pilot-study","tag-well-being-2","tag-work-environments","tag-world-green-building-council","tag-world-health-organization","pmpro-level-required","pmpro-level-1","pmpro-no-access"],"acf":[],"publishpress_future_action":{"enabled":false,"date":"2026-09-11 11:11:22","action":"change-status","newStatus":"draft","terms":[],"taxonomy":"category","extraData":[]},"publishpress_future_workflow_manual_trigger":{"enabledWorkflows":[]},"wpml_current_locale":"en_US","wpml_translations":{"fr_FR":{"locale":"fr_FR","id":564230,"slug":"effets-sur-la-sante-le-bien-etre-et-la-productivite","post_title":"Effets sur la sant\u00e9, le bien-\u00eatre et la productivit\u00e9","href":"https:\/\/medizinonline.com\/fr\/effets-sur-la-sante-le-bien-etre-et-la-productivite\/"},"it_IT":{"locale":"it_IT","id":564238,"slug":"effetti-sulla-salute-sul-benessere-e-sulla-produttivita","post_title":"Effetti sulla salute, sul benessere e sulla produttivit\u00e0","href":"https:\/\/medizinonline.com\/it\/effetti-sulla-salute-sul-benessere-e-sulla-produttivita\/"},"pt_PT":{"locale":"pt_PT","id":564212,"slug":"efeitos-na-saude-no-bem-estar-e-na-produtividade","post_title":"Efeitos na sa\u00fade, no bem-estar e na produtividade","href":"https:\/\/medizinonline.com\/pt-pt\/efeitos-na-saude-no-bem-estar-e-na-produtividade\/"},"es_ES":{"locale":"es_ES","id":564218,"slug":"efectos-sobre-la-salud-el-bienestar-y-la-productividad","post_title":"Efectos sobre la salud, el bienestar y la productividad","href":"https:\/\/medizinonline.com\/es\/efectos-sobre-la-salud-el-bienestar-y-la-productividad\/"}},"_links":{"self":[{"href":"https:\/\/medizinonline.com\/en\/wp-json\/wp\/v2\/posts\/564222","targetHints":{"allow":["GET"]}}],"collection":[{"href":"https:\/\/medizinonline.com\/en\/wp-json\/wp\/v2\/posts"}],"about":[{"href":"https:\/\/medizinonline.com\/en\/wp-json\/wp\/v2\/types\/post"}],"author":[{"embeddable":true,"href":"https:\/\/medizinonline.com\/en\/wp-json\/wp\/v2\/users\/7"}],"replies":[{"embeddable":true,"href":"https:\/\/medizinonline.com\/en\/wp-json\/wp\/v2\/comments?post=564222"}],"version-history":[{"count":1,"href":"https:\/\/medizinonline.com\/en\/wp-json\/wp\/v2\/posts\/564222\/revisions"}],"predecessor-version":[{"id":564229,"href":"https:\/\/medizinonline.com\/en\/wp-json\/wp\/v2\/posts\/564222\/revisions\/564229"}],"wp:featuredmedia":[{"embeddable":true,"href":"https:\/\/medizinonline.com\/en\/wp-json\/wp\/v2\/media\/564227"}],"wp:attachment":[{"href":"https:\/\/medizinonline.com\/en\/wp-json\/wp\/v2\/media?parent=564222"}],"wp:term":[{"taxonomy":"category","embeddable":true,"href":"https:\/\/medizinonline.com\/en\/wp-json\/wp\/v2\/category?post=564222"},{"taxonomy":"post_tag","embeddable":true,"href":"https:\/\/medizinonline.com\/en\/wp-json\/wp\/v2\/tags?post=564222"},{"taxonomy":"powerkit_post_featured","embeddable":true,"href":"https:\/\/medizinonline.com\/en\/wp-json\/wp\/v2\/powerkit_post_featured?post=564222"}],"curies":[{"name":"wp","href":"https:\/\/api.w.org\/{rel}","templated":true}]}}