{"id":324049,"date":"2022-11-30T02:00:00","date_gmt":"2022-11-30T01:00:00","guid":{"rendered":"https:\/\/medizinonline.com\/igualdad-de-oportunidades-y-desafios\/"},"modified":"2022-11-30T02:00:00","modified_gmt":"2022-11-30T01:00:00","slug":"igualdad-de-oportunidades-y-desafios","status":"publish","type":"post","link":"https:\/\/medizinonline.com\/es\/igualdad-de-oportunidades-y-desafios\/","title":{"rendered":"Igualdad de oportunidades y desaf\u00edos"},"content":{"rendered":"<p><strong>Para los otorrinolaring\u00f3logos de la pr\u00e1ctica privada, la aprobaci\u00f3n de los biol\u00f3gicos para la indicaci\u00f3n de la rinosinusitis cr\u00f3nica con poliposis nasi (CRSwNP) supone, por un lado, una ampliaci\u00f3n de las opciones de tratamiento. Por otro lado, sin embargo, tambi\u00e9n existe incertidumbre, por ejemplo en lo que respecta a la eficacia econ\u00f3mica. Los datos reales son escasos fuera de los grandes centros, por lo que un equipo de consulta ha iniciado un an\u00e1lisis de los datos de sus propios pacientes.<\/strong><\/p>\n<p> <!--more--> <\/p>\n<p>Desde que se aprobaron productos biol\u00f3gicos como el dupilumab, el omalizumab y el mepolizumab en la indicaci\u00f3n de la PNRSC, el espectro de tratamiento de la enfermedad se ha ampliado no s\u00f3lo en las cl\u00ednicas sino tambi\u00e9n en las consultas de otorrinolaringolog\u00eda. &#8220;Como profesionales, nos encontramos atrapados entre las prioridades contrapuestas de la rentabilidad y el miedo al recurso, nuestra propia curiosidad y las necesidades de los pacientes con estos nuevos enfoques terap\u00e9uticos&#8221;, explican el Dr. Pascal Werminghaus y sus colegas de la consulta de otorrinolaringolog\u00eda Derichs, Hirschfeld + Werminghaus de D\u00fcsseldorf (D) en su presentaci\u00f3n de p\u00f3ster [1]. Por lo tanto, es inevitable que el cuadro cl\u00ednico de la PNRC se est\u00e9 afinando cient\u00edficamente en la actualidad como una oportunidad para ayudar a los pacientes gravemente enfermos y como un reto, especialmente en lo que respecta a su aplicaci\u00f3n en la sucursal.<\/p>\n<p>En un an\u00e1lisis retrospectivo y no controlado, los m\u00e9dicos evaluaron el tratamiento de 18 pacientes de consulta con CRSwNP con biol\u00f3gicos en condiciones reales. Registraron de forma rutinaria la gravedad de la carga de la enfermedad mediante la puntuaci\u00f3n de p\u00f3lipos nasales (PN) y el cuestionario de calidad de vida SNOT-22 al inicio, en los seis primeros meses tras el inicio del tratamiento y tras un a\u00f1o de tratamiento.<\/p>\n<h2 id=\"efectos-significativos\">Efectos significativos<\/h2>\n<p>De la cohorte (4 mujeres, 14 hombres), 11 tratamientos fueron indicados en 2022. Se iniciaron tres terapias en 2020 y cuatro m\u00e1s en 2021. Por un lado, este aumento se debe a que al principio los m\u00e9dicos s\u00f3lo trataban los casos m\u00e1s graves y ahora, animados por el \u00e9xito, est\u00e1n ampliando las indicaciones. Por otro lado, tambi\u00e9n han aumentado las derivaciones de colegas especialistas, sobre todo de la profesi\u00f3n m\u00e9dica. tambi\u00e9n de los especialistas en pulm\u00f3n, con la cuesti\u00f3n espec\u00edfica de los biol\u00f3gicos. El 44,4% de los participantes fueron reclutados de su propia base de pacientes, un tercio (33,3%) fueron remitidos por especialistas pulmonares. El resto fueron remitidos por una cl\u00ednica de ORL o un otorrinolaring\u00f3logo (11,1% cada uno). Las enfermedades concomitantes T2 conocidas eran principalmente el asma bronquial (78%) y la intolerancia a los analg\u00e9sicos (NERD, 56%). Por t\u00e9rmino medio, cada paciente se someti\u00f3 a dos cirug\u00edas de los senos paranasales.<\/p>\n<p>&nbsp;<\/p>\n<p><img fetchpriority=\"high\" decoding=\"async\" class=\" size-full wp-image-20354\" alt=\"\" src=\"https:\/\/medizinonline.com\/wp-content\/uploads\/2022\/11\/abb1_pa4_s36_0.png\" style=\"height:679px; width:600px\" width=\"1100\" height=\"1244\" srcset=\"https:\/\/medizinonline.com\/wp-content\/uploads\/2022\/11\/abb1_pa4_s36_0.png 1100w, https:\/\/medizinonline.com\/wp-content\/uploads\/2022\/11\/abb1_pa4_s36_0-800x905.png 800w, https:\/\/medizinonline.com\/wp-content\/uploads\/2022\/11\/abb1_pa4_s36_0-120x136.png 120w, https:\/\/medizinonline.com\/wp-content\/uploads\/2022\/11\/abb1_pa4_s36_0-90x102.png 90w, https:\/\/medizinonline.com\/wp-content\/uploads\/2022\/11\/abb1_pa4_s36_0-320x362.png 320w, https:\/\/medizinonline.com\/wp-content\/uploads\/2022\/11\/abb1_pa4_s36_0-560x633.png 560w\" sizes=\"(max-width: 1100px) 100vw, 1100px\" \/><\/p>\n<p>&nbsp;<\/p>\n<h2 id=\"exito-claro-en-snot-22\">\u00c9xito claro en SNOT-22<\/h2>\n<p>Todos los pacientes mejoraron en el curso. El \u00e9xito fue evidente en el aumento de la calidad de vida de 66 (\u00b115) a 13 (\u00b113) (p&lt;0,0001) en SNOT-22, pero tambi\u00e9n morfol\u00f3gicamente objetivables mostraron una disminuci\u00f3n del NPS de una media de 5,7 (\u00b11,2) a 3,3 (\u00b12,3) (p=0,001).  <span style=\"font-family:franklin gothic demi\">(Fig.&nbsp;1).<\/span>  Los efectos demostraron ser cl\u00ednicamente relevantes y estad\u00edsticamente significativos ya en los primeros seis meses y se mantuvieron estables o mejoraron en el curso posterior. Por lo tanto, la terapia tambi\u00e9n parece ser eficaz en el entorno real de una consulta y garantiza un alto nivel de satisfacci\u00f3n entre los pacientes. La cooperaci\u00f3n entre neum\u00f3logos y otorrinolaring\u00f3logos en la consulta y la cl\u00ednica permite una atenci\u00f3n \u00f3ptima de los pacientes conjuntos, concluyen los autores.<\/p>\n<p><em>Congreso:&nbsp;Congreso Alem\u00e1n de Alergia 2022<\/em><\/p>\n<p>&nbsp;<\/p>\n<p>Fuente:<\/p>\n<ol>\n<li>Congreso Alem\u00e1n de Alergia 2022, P\u00f3ster P4.08: Datos reales sobre el tratamiento biol\u00f3gico de la rinosinusitis cr\u00f3nica con p\u00f3lipos nasales en el \u00e1mbito ambulatorio de una consulta de ORL &#8211; nuestra experiencia de los primeros 3&nbsp;a\u00f1os.<\/li>\n<\/ol>\n<p>&nbsp;<\/p>\n<p><em>InFo NEUMOLOG\u00cdA Y ALERGOLOG\u00cdA 2022; 4(4): 36 (publicado el 1.12.22, antes de impresi\u00f3n).<\/em><\/p>\n","protected":false},"excerpt":{"rendered":"<p>Para los otorrinolaring\u00f3logos de la pr\u00e1ctica privada, la aprobaci\u00f3n de los biol\u00f3gicos para la indicaci\u00f3n de la rinosinusitis cr\u00f3nica con poliposis nasi (CRSwNP) supone, por un lado, una ampliaci\u00f3n de&hellip;<\/p>\n","protected":false},"author":7,"featured_media":127241,"comment_status":"closed","ping_status":"closed","sticky":false,"template":"","format":"standard","meta":{"_acf_changed":false,"pmpro_default_level":"","cat_1_feature_home_top":false,"cat_2_editor_pick":false,"csco_eyebrow_text":"Biol\u00f3gicos en CRSwNP","footnotes":""},"category":[11483,11475,11288,11424,11393,11552],"tags":[12425,12426],"powerkit_post_featured":[],"class_list":["post-324049","post","type-post","status-publish","format-standard","has-post-thumbnail","category-el-congreso-informa","category-estudios","category-medicina-interna-general","category-neumologia","category-orl-es","category-rx-es","tag-biologicos-es","tag-crswnp-es","pmpro-has-access"],"acf":[],"publishpress_future_action":{"enabled":false,"date":"2026-05-09 03:23:44","action":"change-status","newStatus":"draft","terms":[],"taxonomy":"category","extraData":[]},"publishpress_future_workflow_manual_trigger":{"enabledWorkflows":[]},"wpml_current_locale":"es_ES","wpml_translations":[],"_links":{"self":[{"href":"https:\/\/medizinonline.com\/es\/wp-json\/wp\/v2\/posts\/324049","targetHints":{"allow":["GET"]}}],"collection":[{"href":"https:\/\/medizinonline.com\/es\/wp-json\/wp\/v2\/posts"}],"about":[{"href":"https:\/\/medizinonline.com\/es\/wp-json\/wp\/v2\/types\/post"}],"author":[{"embeddable":true,"href":"https:\/\/medizinonline.com\/es\/wp-json\/wp\/v2\/users\/7"}],"replies":[{"embeddable":true,"href":"https:\/\/medizinonline.com\/es\/wp-json\/wp\/v2\/comments?post=324049"}],"version-history":[{"count":0,"href":"https:\/\/medizinonline.com\/es\/wp-json\/wp\/v2\/posts\/324049\/revisions"}],"wp:featuredmedia":[{"embeddable":true,"href":"https:\/\/medizinonline.com\/es\/wp-json\/wp\/v2\/media\/127241"}],"wp:attachment":[{"href":"https:\/\/medizinonline.com\/es\/wp-json\/wp\/v2\/media?parent=324049"}],"wp:term":[{"taxonomy":"category","embeddable":true,"href":"https:\/\/medizinonline.com\/es\/wp-json\/wp\/v2\/category?post=324049"},{"taxonomy":"post_tag","embeddable":true,"href":"https:\/\/medizinonline.com\/es\/wp-json\/wp\/v2\/tags?post=324049"},{"taxonomy":"powerkit_post_featured","embeddable":true,"href":"https:\/\/medizinonline.com\/es\/wp-json\/wp\/v2\/powerkit_post_featured?post=324049"}],"curies":[{"name":"wp","href":"https:\/\/api.w.org\/{rel}","templated":true}]}}