{"id":324831,"date":"2022-09-04T01:00:00","date_gmt":"2022-09-03T23:00:00","guid":{"rendered":"https:\/\/medizinonline.com\/desalineacion-de-la-columna-cervical-con-disfagia-funcional-miogelosis\/"},"modified":"2022-09-04T01:00:00","modified_gmt":"2022-09-03T23:00:00","slug":"desalineacion-de-la-columna-cervical-con-disfagia-funcional-miogelosis","status":"publish","type":"post","link":"https:\/\/medizinonline.com\/es\/desalineacion-de-la-columna-cervical-con-disfagia-funcional-miogelosis\/","title":{"rendered":"Desalineaci\u00f3n de la columna cervical con disfagia funcional (miogelosis)"},"content":{"rendered":"<p><strong>El s\u00edndrome cervical provoca tensi\u00f3n y endurecimiento en los m\u00fasculos, lo que puede provocar dolor y deterioro funcional. Adem\u00e1s de dolores de cabeza, mareos y otros trastornos del estado de \u00e1nimo, tambi\u00e9n pueden aparecer dificultades para tragar. El m\u00e9dico de familia suele ser el primer puerto de escala. El diagn\u00f3stico diferencial requiere ex\u00e1menes de imagen de la columna cervical. El tratamiento de la disfagia funcional es fundamentalmente conservador.<\/strong><\/p>\n<p> <!--more--> <\/p>\n<p>En la serie &#8220;Disfagia&#8221; ya se han descrito diversas alteraciones org\u00e1nicas en la zona de la parte superior del tubo digestivo como causas de disfagia. El presente art\u00edculo trata de una disfunci\u00f3n del acto de tragar, que puede considerarse funcional, desencadenada por un disestatismo de la columna cervical con consecuentes desequilibrios musculares y reacciones de tensi\u00f3n. No existen signos patognom\u00f3nicos aislados de un trastorno provocado por v\u00e9rtebras en la regi\u00f3n de la cabeza y el cuello [2]. Los s\u00edntomas <span style=\"font-family:franklin gothic demi\">(resumen 1)<\/span> son m\u00faltiples y requieren una estrecha cooperaci\u00f3n interdisciplinar entre varias disciplinas para su clarificaci\u00f3n y terapia diferencial.<\/p>\n<p>&nbsp;<\/p>\n<p><img fetchpriority=\"high\" decoding=\"async\" class=\" size-full wp-image-19605\" alt=\"\" src=\"https:\/\/medizinonline.com\/wp-content\/uploads\/2022\/09\/ubersicht1_images.png\" style=\"height:310px; width:400px\" width=\"911\" height=\"707\"><\/p>\n<p>&nbsp;<\/p>\n<p>La disfagia y la disfon\u00eda pueden estar relacionadas causalmente con enfermedades org\u00e1nicas. Deben aclararse varios diagn\u00f3sticos diferenciales <span style=\"font-family:franklin gothic demi\">(tabla 1) <\/span>. El trastorno del sistema musculoesquel\u00e9tico en la regi\u00f3n cervical est\u00e1 sujeto a varios factores de influencia <span style=\"font-family:franklin gothic demi\">(resumen 2)<\/span>.<\/p>\n<p>&nbsp;<\/p>\n<p><img decoding=\"async\" class=\"size-full wp-image-19606 lazyload\" alt=\"\" data-src=\"https:\/\/medizinonline.com\/wp-content\/uploads\/2022\/09\/tab1_images.png\" style=\"--smush-placeholder-width: 1100px; --smush-placeholder-aspect-ratio: 1100\/593;height:323px; width:600px\" width=\"1100\" height=\"593\" src=\"data:image\/svg+xml;base64,PHN2ZyB3aWR0aD0iMSIgaGVpZ2h0PSIxIiB4bWxucz0iaHR0cDovL3d3dy53My5vcmcvMjAwMC9zdmciPjwvc3ZnPg==\"><\/p>\n<p>&nbsp;<\/p>\n<p>A menudo, el m\u00e9dico de familia es el principal punto de contacto para los pacientes afectados. La anamnesis exacta y el examen neurol\u00f3gico tanto f\u00edsico como orientativo marcan el rumbo de las medidas diagn\u00f3sticas complementarias, en particular las de imagen, y de la terapia resultante. La est\u00e1tica defectuosa con problemas consecutivos no es s\u00f3lo el resultado de una sobrecarga o un traumatismo, sino que tambi\u00e9n forma parte de los cambios de diversos s\u00edndromes [3].<\/p>\n<p>&nbsp;<\/p>\n<p><img decoding=\"async\" class=\"size-full wp-image-19607 lazyload\" alt=\"\" data-src=\"https:\/\/medizinonline.com\/wp-content\/uploads\/2022\/09\/ubersicht2_images.png\" style=\"--smush-placeholder-width: 914px; --smush-placeholder-aspect-ratio: 914\/490;height:214px; width:400px\" width=\"914\" height=\"490\" src=\"data:image\/svg+xml;base64,PHN2ZyB3aWR0aD0iMSIgaGVpZ2h0PSIxIiB4bWxucz0iaHR0cDovL3d3dy53My5vcmcvMjAwMC9zdmciPjwvc3ZnPg==\"><\/p>\n<p>&nbsp;<\/p>\n<p>En <span style=\"font-family:franklin gothic demi\">el cuadro 2<\/span> encontrar\u00e1 una gu\u00eda de diagn\u00f3stico orientativa.&nbsp;&nbsp; &nbsp;<\/p>\n<p>&nbsp;<\/p>\n<p><img decoding=\"async\" class=\"size-full wp-image-19608 lazyload\" alt=\"\" data-src=\"https:\/\/medizinonline.com\/wp-content\/uploads\/2022\/09\/tab2_images.png\" style=\"--smush-placeholder-width: 1100px; --smush-placeholder-aspect-ratio: 1100\/626;height:341px; width:600px\" width=\"1100\" height=\"626\" src=\"data:image\/svg+xml;base64,PHN2ZyB3aWR0aD0iMSIgaGVpZ2h0PSIxIiB4bWxucz0iaHR0cDovL3d3dy53My5vcmcvMjAwMC9zdmciPjwvc3ZnPg==\"><\/p>\n<p>&nbsp;<\/p>\n<p>Adem\u00e1s de las medidas de terapia medicinal analg\u00e9sica y la acupuntura, se utilizan tratamientos f\u00edsico-fisioterap\u00e9uticos. A largo plazo, el ejercicio y el deporte (caminar, nadar, ejercicios de espalda y yoga) pueden contribuir a la mejora.<\/p>\n<p><em>Los ex\u00e1menes radiogr\u00e1ficos de<\/em> la columna cervical en 2 planos, complementados si es necesario con im\u00e1genes funcionales para documentar la hipermovilidad restringida o tambi\u00e9n segmentaria, pueden documentar los cambios degenerativos y la est\u00e1tica defectuosa. A veces tambi\u00e9n se aprecia una impresi\u00f3n de la pared posterior del es\u00f3fago en las im\u00e1genes laterales en caso de degluci\u00f3n esof\u00e1gica y espondilosis hipertr\u00f3fica deformante, que puede provocar disfagia espondil\u00f3tica. El estiramiento o la postura cif\u00f3tica por s\u00ed solos pueden desencadenar una miogelosis con sensaci\u00f3n de presi\u00f3n y de estar en un bulto.<\/p>\n<p> <em>La ecograf\u00eda<\/em> de los tejidos blandos del cuello es \u00fatil para descartar masas de tejidos blandos o bocio. La <em>tomograf\u00eda computerizada<\/em> muestra con gran precisi\u00f3n la extensi\u00f3n \u00f3sea de los cambios degenerativos y con las reconstrucciones 2D sagital y coronaria se puede detectar muy bien una est\u00e1tica defectuosa. Gracias a su alto contraste con los tejidos blandos, <em>la resonancia magn\u00e9tica<\/em> ofrece ventajas en la evaluaci\u00f3n de la situaci\u00f3n del disco intervertebral, el mieloma, los ligamentos y la musculatura, y puede detectar muy bien los cambios relacionados con la sobrecarga en las v\u00e9rtebras (clasificaci\u00f3n de Modic).<\/p>\n<h2 id=\"estudios-de-caso\">Estudios de caso<\/h2>\n<p>En el <span style=\"font-family:franklin gothic demi\">estudio de caso 1 (Fig. 1A y B)<\/span><strong> <\/strong>debe excluirse una fractura en un paciente de 77 a\u00f1os tras un traumatismo por distorsi\u00f3n de la columna cervical. S\u00edndrome de columna cervical preexistente, tambi\u00e9n sensaci\u00f3n de presi\u00f3n y nudo en la garganta con aparente disfagia. Adem\u00e1s de los pronunciados cambios degenerativos con espondilosis hipertr\u00f3fica deformante en la transici\u00f3n cervicotor\u00e1cica, tambi\u00e9n se pudo demostrar una est\u00e1tica defectuosa. Para el <span style=\"font-family:franklin gothic demi\">caso 2<\/span><em> <\/em>se trag\u00f3 una papilla para excluir un divert\u00edculo del es\u00f3fago. La radiograf\u00eda lateral document\u00f3 una espondilosis deformante sinost\u00f3tica considerablemente pronunciada de la columna cervical superior como en la hiperostosis esquel\u00e9tica idiop\u00e1tica diseminada (DISH), con la consiguiente estenosis del lumen del es\u00f3fago superior <span style=\"font-family:franklin gothic demi\">(Fig.&nbsp;2) <\/span>.  <\/p>\n<p>&nbsp;<\/p>\n<p><img decoding=\"async\" class=\"size-full wp-image-19609 lazyload\" alt=\"\" data-src=\"https:\/\/medizinonline.com\/wp-content\/uploads\/2022\/09\/abb1_images.jpg\" style=\"--smush-placeholder-width: 1100px; --smush-placeholder-aspect-ratio: 1100\/803;height:438px; width:600px\" width=\"1100\" height=\"803\" src=\"data:image\/svg+xml;base64,PHN2ZyB3aWR0aD0iMSIgaGVpZ2h0PSIxIiB4bWxucz0iaHR0cDovL3d3dy53My5vcmcvMjAwMC9zdmciPjwvc3ZnPg==\"><\/p>\n<p>&nbsp;<\/p>\n<p>&nbsp;<\/p>\n<p><img decoding=\"async\" class=\"size-full wp-image-19610 lazyload\" alt=\"\" data-src=\"https:\/\/medizinonline.com\/wp-content\/uploads\/2022\/09\/abb2_images.jpg\" style=\"--smush-placeholder-width: 612px; --smush-placeholder-aspect-ratio: 612\/1041;height:680px; width:400px\" width=\"612\" height=\"1041\" src=\"data:image\/svg+xml;base64,PHN2ZyB3aWR0aD0iMSIgaGVpZ2h0PSIxIiB4bWxucz0iaHR0cDovL3d3dy53My5vcmcvMjAwMC9zdmciPjwvc3ZnPg==\"><\/p>\n<p>&nbsp;<\/p>\n<p><span style=\"font-family:franklin gothic demi\">Caso pr\u00e1ctico 3<\/span><strong> <\/strong>documenta una espondilosis hipertr\u00f3fica deformante en el segmento C3\/4 y una deformidad en extensi\u00f3n en una paciente de 50 a\u00f1os con espondilitis anquilosante, adem\u00e1s del aspecto inicial de ca\u00f1a de bamb\u00fa <span style=\"font-family:franklin gothic demi\">(Fig. 3) <\/span>. La disfagia estaba presente.<\/p>\n<p>&nbsp;<\/p>\n<p><img decoding=\"async\" class=\"size-full wp-image-19611 lazyload\" alt=\"\" data-src=\"https:\/\/medizinonline.com\/wp-content\/uploads\/2022\/09\/abb3_images.jpg\" style=\"--smush-placeholder-width: 884px; --smush-placeholder-aspect-ratio: 884\/1440;height:652px; width:400px\" width=\"884\" height=\"1440\" src=\"data:image\/svg+xml;base64,PHN2ZyB3aWR0aD0iMSIgaGVpZ2h0PSIxIiB4bWxucz0iaHR0cDovL3d3dy53My5vcmcvMjAwMC9zdmciPjwvc3ZnPg==\"><\/p>\n<p>&nbsp;<\/p>\n<p>En el <span style=\"font-family:franklin gothic demi\">estudio del caso 4<\/span> se puede observar la formaci\u00f3n de un pliegue cif\u00f3tico en la columna cervical degenerada <span style=\"font-family:franklin gothic demi\">(fig. 4)<\/span> de una paciente de 58 a\u00f1os; hab\u00eda una miogelosis considerable. En el <span style=\"font-family:franklin gothic demi\">estudio de caso 5 <\/span>, una paciente de 56 a\u00f1os con s\u00edndrome de la columna cervical que incluye miogelosis y disfagia presenta una malposici\u00f3n de la columna cervical y la columna tor\u00e1cica superior <span style=\"font-family:franklin gothic demi\">(Fig.&nbsp;5)<\/span>. La <span style=\"font-family:franklin gothic demi\">figura&nbsp;6<\/span> pretende mostrar la posici\u00f3n normal (lordosis) de la columna cervical en un paciente joven con una resonancia magn\u00e9tica de la cabeza para comparar.<\/p>\n<p>&nbsp;<\/p>\n<p><img decoding=\"async\" class=\"size-full wp-image-19612 lazyload\" alt=\"\" data-src=\"https:\/\/medizinonline.com\/wp-content\/uploads\/2022\/09\/abb4_images.jpg\" style=\"--smush-placeholder-width: 1100px; --smush-placeholder-aspect-ratio: 1100\/1422;height:776px; width:600px\" width=\"1100\" height=\"1422\" src=\"data:image\/svg+xml;base64,PHN2ZyB3aWR0aD0iMSIgaGVpZ2h0PSIxIiB4bWxucz0iaHR0cDovL3d3dy53My5vcmcvMjAwMC9zdmciPjwvc3ZnPg==\"><\/p>\n<p><img decoding=\"async\" class=\"size-full wp-image-19613 lazyload\" alt=\"\" data-src=\"https:\/\/medizinonline.com\/wp-content\/uploads\/2022\/09\/abb5_images.jpg\" style=\"--smush-placeholder-width: 925px; --smush-placeholder-aspect-ratio: 925\/920;height:398px; width:400px\" width=\"925\" height=\"920\" src=\"data:image\/svg+xml;base64,PHN2ZyB3aWR0aD0iMSIgaGVpZ2h0PSIxIiB4bWxucz0iaHR0cDovL3d3dy53My5vcmcvMjAwMC9zdmciPjwvc3ZnPg==\"><\/p>\n<p>&nbsp;<\/p>\n<p><img decoding=\"async\" class=\"size-full wp-image-19614 lazyload\" alt=\"\" data-src=\"https:\/\/medizinonline.com\/wp-content\/uploads\/2022\/09\/abb6_images.jpg\" style=\"--smush-placeholder-width: 884px; --smush-placeholder-aspect-ratio: 884\/958;height:433px; width:400px\" width=\"884\" height=\"958\" src=\"data:image\/svg+xml;base64,PHN2ZyB3aWR0aD0iMSIgaGVpZ2h0PSIxIiB4bWxucz0iaHR0cDovL3d3dy53My5vcmcvMjAwMC9zdmciPjwvc3ZnPg==\"><\/p>\n<p>&nbsp;<\/p>\n<h2 id=\"mensajes-para-llevarse-a-casa\">Mensajes para llevarse a casa<\/h2>\n<ul>\n<li>Adem\u00e1s de las verdaderas lesiones ocupantes de espacio en las regiones hipofar\u00edngea, lar\u00edngea y esof\u00e1gica, los cambios degenerativos de la columna cervical y las disestesias tambi\u00e9n pueden provocar disfagia.<\/li>\n<li>De la anamnesis pueden extraerse ya importantes indicios de las noxas causantes.<\/li>\n<li>Los s\u00edntomas requieren una cooperaci\u00f3n interdisciplinar.<\/li>\n<li>Las t\u00e9cnicas de imagen son importantes para el diagn\u00f3stico diferencial.<\/li>\n<li>La terapia de la disfagia funcional puede llevarse a cabo principalmente con medidas conservadoras.<\/li>\n<\/ul>\n<p>&nbsp;<\/p>\n<p>Literatura:<\/p>\n<ol>\n<li>Armstrong B, McNair P, Taylor D: sentido de la posici\u00f3n de la cabeza y el cuello. Sports Med 2008; 38(2): 101-117.<\/li>\n<li>Ernst A, Freesmeyer B: Trastornos funcionales en la regi\u00f3n de la cabeza y el cuello. Georg Thieme Verlag Stuttgart, Nueva York: 2008, pp. 32-42.<\/li>\n<li>Unger S, et al: Displasia diastr\u00f3fica. En: GeneReviews. Seattle (WA): Universidad de Washington, Seattle: 1993-2022. 15 de noviembre de 2004.<\/li>\n<li>S\u00edndrome cervical. www.minimed.at\/medizinische-themen\/bewegungsapparat\/zervikalsyndrom, (\u00faltima consulta: 13.07.2022)<\/li>\n<\/ol>\n<p>&nbsp;<\/p>\n<p><em>PR\u00c1CTICA GP 2022; 17(8): 28-30<\/em><\/p>\n","protected":false},"excerpt":{"rendered":"<p>El s\u00edndrome cervical provoca tensi\u00f3n y endurecimiento en los m\u00fasculos, lo que puede provocar dolor y deterioro funcional. Adem\u00e1s de dolores de cabeza, mareos y otros trastornos del estado de&hellip;<\/p>\n","protected":false},"author":7,"featured_media":124314,"comment_status":"closed","ping_status":"","sticky":false,"template":"","format":"standard","meta":{"_acf_changed":false,"pmpro_default_level":"","cat_1_feature_home_top":false,"cat_2_editor_pick":false,"csco_eyebrow_text":"Del s\u00edntoma al diagn\u00f3stico","footnotes":""},"category":[11493,11478,11418,11288,11393,11441,11552],"tags":[12017,14120],"powerkit_post_featured":[],"class_list":["post-324831","post","type-post","status-publish","format-standard","has-post-thumbnail","category-casos","category-formacion-continua","category-medicina-fisica-y-rehabilitacion","category-medicina-interna-general","category-orl-es","category-radiologia","category-rx-es","tag-disfagia-es","tag-miogelosis","pmpro-has-access"],"acf":[],"publishpress_future_action":{"enabled":false,"date":"2026-05-06 05:15:42","action":"change-status","newStatus":"draft","terms":[],"taxonomy":"category","extraData":[]},"publishpress_future_workflow_manual_trigger":{"enabledWorkflows":[]},"wpml_current_locale":"es_ES","wpml_translations":[],"_links":{"self":[{"href":"https:\/\/medizinonline.com\/es\/wp-json\/wp\/v2\/posts\/324831","targetHints":{"allow":["GET"]}}],"collection":[{"href":"https:\/\/medizinonline.com\/es\/wp-json\/wp\/v2\/posts"}],"about":[{"href":"https:\/\/medizinonline.com\/es\/wp-json\/wp\/v2\/types\/post"}],"author":[{"embeddable":true,"href":"https:\/\/medizinonline.com\/es\/wp-json\/wp\/v2\/users\/7"}],"replies":[{"embeddable":true,"href":"https:\/\/medizinonline.com\/es\/wp-json\/wp\/v2\/comments?post=324831"}],"version-history":[{"count":0,"href":"https:\/\/medizinonline.com\/es\/wp-json\/wp\/v2\/posts\/324831\/revisions"}],"wp:featuredmedia":[{"embeddable":true,"href":"https:\/\/medizinonline.com\/es\/wp-json\/wp\/v2\/media\/124314"}],"wp:attachment":[{"href":"https:\/\/medizinonline.com\/es\/wp-json\/wp\/v2\/media?parent=324831"}],"wp:term":[{"taxonomy":"category","embeddable":true,"href":"https:\/\/medizinonline.com\/es\/wp-json\/wp\/v2\/category?post=324831"},{"taxonomy":"post_tag","embeddable":true,"href":"https:\/\/medizinonline.com\/es\/wp-json\/wp\/v2\/tags?post=324831"},{"taxonomy":"powerkit_post_featured","embeddable":true,"href":"https:\/\/medizinonline.com\/es\/wp-json\/wp\/v2\/powerkit_post_featured?post=324831"}],"curies":[{"name":"wp","href":"https:\/\/api.w.org\/{rel}","templated":true}]}}