{"id":325318,"date":"2022-06-24T01:00:00","date_gmt":"2022-06-23T23:00:00","guid":{"rendered":"https:\/\/medizinonline.com\/vacunacion-contra-el-vph-una-historia-de-exito\/"},"modified":"2022-06-24T01:00:00","modified_gmt":"2022-06-23T23:00:00","slug":"vacunacion-contra-el-vph-una-historia-de-exito","status":"publish","type":"post","link":"https:\/\/medizinonline.com\/es\/vacunacion-contra-el-vph-una-historia-de-exito\/","title":{"rendered":"Vacunaci\u00f3n contra el VPH: una historia de \u00e9xito"},"content":{"rendered":"<p><strong>Los virus del papiloma humano se conocen desde hace tiempo como la principal causa del carcinoma de cuello de \u00fatero. Se encuentran entre los pat\u00f3genos de transmisi\u00f3n sexual m\u00e1s comunes. Pero existe protecci\u00f3n contra ello: La vacunaci\u00f3n contra el VPH. Es eficaz contra los virus HP cancer\u00edgenos m\u00e1s comunes e idealmente deber\u00eda realizarse antes del primer contacto sexual. Mientras tanto, se ha demostrado una disminuci\u00f3n considerable de los carcinomas cervicales.<\/strong><\/p>\n<p> <!--more--> <\/p>\n<p>La mayor\u00eda de las personas sexualmente activas se infectan con el virus del papiloma humano (VPH) al menos una vez en su vida. Hasta la fecha, se conocen m\u00e1s de 200 tipos diferentes de virus HP. Algunos pueden desencadenar la formaci\u00f3n de papilomas, y unos 40 tipos de VPH provocan infecciones de las c\u00e9lulas de la piel y las mucosas de la zona genital. Los virus penetran a trav\u00e9s de microlesiones de la piel o la mucosa e infectan las c\u00e9lulas epiteliales de la capa de c\u00e9lulas basales. En la mayor\u00eda de los casos, esta infecci\u00f3n cursa sin s\u00edntomas. Es m\u00e1s, se trata de infecciones temporales que dejan de ser detectables al cabo de dos a\u00f1os como m\u00e1ximo. Sin embargo, no siempre. Las infecciones por VPH tambi\u00e9n pueden persistir y dar lugar a un carcinoma de c\u00e9lulas escamosas en la regi\u00f3n anog\u00e9nica, la cavidad oral o la faringe a trav\u00e9s de lesiones precancerosas. El carcinoma cervical suele desarrollarse en mujeres. Alrededor del 10% de las infecciones por VPH en el cuello uterino dan lugar a lesiones precancerosas de mayor grado. Si no se tratan, pueden desarrollarse carcinomas cervicales en un 30-50% de los casos en un plazo de 30 a\u00f1os.<\/p>\n<h2 id=\"la-vacunacion-reduce-la-tasa-de-cancer\">La vacunaci\u00f3n reduce la tasa de c\u00e1ncer<\/h2>\n<p>Las primeras vacunas contra el VPH se autorizaron a mediados de la d\u00e9cada de 2000. Pronto siguieron campa\u00f1as de vacunaci\u00f3n a gran escala para las j\u00f3venes en Australia y el Reino Unido. Por lo tanto, pudo demostrarse al cabo de poco tiempo que la tasa de condilomas disminu\u00eda significativamente. Sin embargo, dado que el carcinoma de cuello de \u00fatero s\u00f3lo se manifiesta a una edad m\u00e1s avanzada, a\u00fan no se han encontrado pruebas de la tasa de c\u00e1ncer. Cient\u00edficos brit\u00e1nicos han retomado ahora estas pruebas. Quer\u00edan saber si la campa\u00f1a de vacunaci\u00f3n contra el VPH entre las ni\u00f1as de 12 y 13 a\u00f1os en Inglaterra, establecida desde 2008, ha tenido alg\u00fan efecto sobre el riesgo de c\u00e1ncer de cuello de \u00fatero de aparici\u00f3n precoz e invasivo. M\u00e1s concretamente, si han disminuido las tasas de carcinoma y sus precursores, la neoplasia intraepitelial cervical (NIC) de grado 3. Para ello, se evaluaron los datos del registro de c\u00e1ncer de cuello de \u00fatero y CIN3 en mujeres de 20 a 64 a\u00f1os. Tres cohortes tuvieron en cuenta las diferencias en la cobertura nacional y el curso escolar. Se evalu\u00f3 un total de 13,7 millones de a\u00f1os de seguimiento. La reducci\u00f3n relativa estimada de las tasas de c\u00e1ncer de cuello uterino por edad cuando se vacun\u00f3 fue del 34% para las j\u00f3venes de 16 a 18 a\u00f1os (curso escolar 12-13), del 62% para las de 14 a 16 a\u00f1os (curso escolar 10-11) y del 87% para las de 12 a 13 a\u00f1os (curso escolar 8), en comparaci\u00f3n con la cohorte de referencia no vacunada. Las reducciones de riesgo correspondientes para CIN3 fueron del 39%, 75% y 97%. A 30 de junio de 2019, se estimaba que hab\u00eda 448 casos menos de los esperados de c\u00e1ncer de cuello de \u00fatero y 17.235 casos menos de los esperados de CIN3 en las cohortes vacunadas. Estas cifras muestran un descenso significativo del c\u00e1ncer de cuello de \u00fatero, especialmente en las mujeres que fueron vacunadas a la edad de 12-13 a\u00f1os. El programa de vacunaci\u00f3n contra el VPH casi ha eliminado el c\u00e1ncer de cuello de \u00fatero en las mujeres j\u00f3venes nacidas despu\u00e9s del 1 de septiembre de 1995.&nbsp;.<\/p>\n<p>En Suiza, la FOPH y la EKIF recomiendan la vacunaci\u00f3n a todos los adolescentes de entre 11 y 14 a\u00f1os. Dado que las enfermedades asociadas al VPH son m\u00e1s frecuentes en las mujeres que en los hombres, se recomienda la vacunaci\u00f3n de las ni\u00f1as como vacuna b\u00e1sica y la de los ni\u00f1os como vacuna complementaria. Se calcula que la vacunaci\u00f3n contra el VPH en Suiza podr\u00eda prevenir entre 80 y 180 nuevos casos de c\u00e1ncer en hombres y unos 300 casos de c\u00e1ncer en mujeres cada a\u00f1o. Adem\u00e1s, las dos vacunas disponibles son extremadamente bien toleradas. Hasta ahora, s\u00f3lo se han observado reacciones cut\u00e1neas en el lugar de la inyecci\u00f3n.<\/p>\n<p>&nbsp;<\/p>\n<p>Para saber m\u00e1s:<\/p>\n<ul>\n<li>www.rki.de\/SharedDocs\/FAQ\/Impfen\/HPV\/FAQ-Liste_HPV_Impfen.html<\/li>\n<li>www.gesundheitsinformation.de\/hpv-impfung-gegen-gebaermutterhalskrebs.html<\/li>\n<li>www.gelbe-liste.de\/gynaekologie\/hpv-impfung-schutz-zervixkarzinom<\/li>\n<li>www.infovac.ch\/de\/impfunge\/nach-krankheiten-geordnet\/hpv<\/li>\n<li>www.bag.admin.ch\/bag\/de\/home\/krankheiten\/krankheiten-im-ueberblick\/hpv.html<\/li>\n<\/ul>\n<p>&nbsp;<\/p>\n<p><em>InFo ONCOLOG\u00cdA Y HEMATOLOG\u00cdA 2022; 10(2): 26<\/em><\/p>\n","protected":false},"excerpt":{"rendered":"<p>Los virus del papiloma humano se conocen desde hace tiempo como la principal causa del carcinoma de cuello de \u00fatero. Se encuentran entre los pat\u00f3genos de transmisi\u00f3n sexual m\u00e1s comunes.&hellip;<\/p>\n","protected":false},"author":7,"featured_media":120652,"comment_status":"closed","ping_status":"","sticky":false,"template":"","format":"standard","meta":{"_acf_changed":false,"pmpro_default_level":"","cat_1_feature_home_top":false,"cat_2_editor_pick":false,"csco_eyebrow_text":"Carcinoma cervical","footnotes":""},"category":[11478,11369,11336,11402,11430,11552],"tags":[15155,15156,15157,15154],"powerkit_post_featured":[],"class_list":["post-325318","post","type-post","status-publish","format-standard","has-post-thumbnail","category-formacion-continua","category-ginecologia","category-oncologia","category-pediatria","category-prevencion-y-asistencia-sanitaria","category-rx-es","tag-cancer-de-cuello-de-utero","tag-carcinoma-cervical","tag-vacunacion-contra-el-vph","tag-vph","pmpro-has-access"],"acf":[],"publishpress_future_action":{"enabled":false,"date":"2026-05-07 06:00:47","action":"change-status","newStatus":"draft","terms":[],"taxonomy":"category","extraData":[]},"publishpress_future_workflow_manual_trigger":{"enabledWorkflows":[]},"wpml_current_locale":"es_ES","wpml_translations":[],"_links":{"self":[{"href":"https:\/\/medizinonline.com\/es\/wp-json\/wp\/v2\/posts\/325318","targetHints":{"allow":["GET"]}}],"collection":[{"href":"https:\/\/medizinonline.com\/es\/wp-json\/wp\/v2\/posts"}],"about":[{"href":"https:\/\/medizinonline.com\/es\/wp-json\/wp\/v2\/types\/post"}],"author":[{"embeddable":true,"href":"https:\/\/medizinonline.com\/es\/wp-json\/wp\/v2\/users\/7"}],"replies":[{"embeddable":true,"href":"https:\/\/medizinonline.com\/es\/wp-json\/wp\/v2\/comments?post=325318"}],"version-history":[{"count":0,"href":"https:\/\/medizinonline.com\/es\/wp-json\/wp\/v2\/posts\/325318\/revisions"}],"wp:featuredmedia":[{"embeddable":true,"href":"https:\/\/medizinonline.com\/es\/wp-json\/wp\/v2\/media\/120652"}],"wp:attachment":[{"href":"https:\/\/medizinonline.com\/es\/wp-json\/wp\/v2\/media?parent=325318"}],"wp:term":[{"taxonomy":"category","embeddable":true,"href":"https:\/\/medizinonline.com\/es\/wp-json\/wp\/v2\/category?post=325318"},{"taxonomy":"post_tag","embeddable":true,"href":"https:\/\/medizinonline.com\/es\/wp-json\/wp\/v2\/tags?post=325318"},{"taxonomy":"powerkit_post_featured","embeddable":true,"href":"https:\/\/medizinonline.com\/es\/wp-json\/wp\/v2\/powerkit_post_featured?post=325318"}],"curies":[{"name":"wp","href":"https:\/\/api.w.org\/{rel}","templated":true}]}}