{"id":325406,"date":"2022-07-04T14:42:44","date_gmt":"2022-07-04T12:42:44","guid":{"rendered":"https:\/\/medizinonline.com\/sexo-y-genero-como-variables-biologicas-en-la-medicina-de-precision\/"},"modified":"2022-07-04T14:42:44","modified_gmt":"2022-07-04T12:42:44","slug":"sexo-y-genero-como-variables-biologicas-en-la-medicina-de-precision","status":"publish","type":"post","link":"https:\/\/medizinonline.com\/es\/sexo-y-genero-como-variables-biologicas-en-la-medicina-de-precision\/","title":{"rendered":"&#8220;Sexo&#8221; y &#8220;g\u00e9nero&#8221; como variables biol\u00f3gicas en la medicina de precisi\u00f3n"},"content":{"rendered":"<p><strong>En el 10\u00ba MEET &amp; GREET de IACULIS, la agencia de comunicaci\u00f3n sobre medicina personalizada con sede en Z\u00farich, la Dra. Antonella Santuccione Chadha, Directora Ejecutiva del Women&#8217;s Brain Project, explic\u00f3 la importancia del g\u00e9nero como variable en el desarrollo de f\u00e1rmacos y destac\u00f3 las importantes diferencias entre mujeres y hombres en las enfermedades mentales y su tratamiento.<\/strong><\/p>\n<p> <!--more--> <\/p>\n<p>El Proyecto Cerebro de Mujer se dedica a investigar el papel del g\u00e9nero en el desarrollo y la progresi\u00f3n de las enfermedades cerebrales&nbsp;[1]. Tanto el &#8220;sexo&#8221;, es decir, el g\u00e9nero seg\u00fan consideraciones gen\u00e9ticas, como el &#8220;g\u00e9nero&#8221;, es decir, el g\u00e9nero como construcci\u00f3n social, se tienen en cuenta&nbsp;[2, 3]. Ambos influyen en los s\u00edntomas de la enfermedad. Adem\u00e1s, la respuesta al tratamiento y el perfil de seguridad de los medicamentos pueden diferir entre hombres y mujeres&nbsp;[4-6]. Con un trabajo pionero especial, el &#8220;Proyecto Cerebro de Mujer&#8221; en torno a la Dra. Santuccione Chadha quiere conseguir que las diferencias espec\u00edficas de g\u00e9nero se tengan en cuenta desde el desarrollo precl\u00ednico al cl\u00ednico de los f\u00e1rmacos.&nbsp;<\/p>\n<h2 id=\"sesgo-en-la-prevalencia-de-las-enfermedades-mentales\">Sesgo en la prevalencia de las enfermedades mentales&nbsp;<\/h2>\n<p>La esperanza de vida est\u00e1 aumentando tanto para hombres como para mujeres, pero \u00bfqu\u00e9 calidad de vida acompa\u00f1a a la vejez&nbsp;[7]? Aunque las mujeres viven de media m\u00e1s que los hombres, presentan una mayor morbilidad por enfermedades cr\u00f3nicas y mentales&nbsp;[8]. La prevalencia de la demencia es mayor en las mujeres y las mujeres de 65 a\u00f1os tienen un riesgo significativamente mayor de desarrollar la enfermedad de Alzheimer (21,1%) que los hombres de la misma edad, con un riesgo del 11,6%&nbsp;[9, 10]. Esto no se debe \u00fanicamente a que las mujeres vivan m\u00e1s: El efecto es visible mucho antes de que la enfermedad se manifieste&nbsp;[11, 12]. En Suiza, las mujeres mayores tambi\u00e9n toman analg\u00e9sicos, somn\u00edferos o ansiol\u00edticos con m\u00e1s frecuencia que los hombres&nbsp;[13].  &nbsp;<\/p>\n<h2 id=\"diferencias-en-los-sintomas-la-progresion-y-los-biomarcadores\">Diferencias en los s\u00edntomas, la progresi\u00f3n y los biomarcadores&nbsp;<\/h2>\n<p>Sin embargo, no s\u00f3lo existen diferencias en la prevalencia y el riesgo espec\u00edfico de las enfermedades cr\u00f3nicas no transmisibles entre hombres y mujeres. Tambi\u00e9n existen diferencias importantes en los biomarcadores, los s\u00edntomas y la respuesta al tratamiento&nbsp;[6, 11, 12]. Las mujeres que desarrollan Parkinson tienen m\u00e1s probabilidades de sufrir temblores, un mayor riesgo de ca\u00eddas y mostrar s\u00edntomas gastrointestinales, mientras que los hombres padecen m\u00e1s a menudo trastornos cognitivos y bloqueos musculares. El Parkinson tambi\u00e9n progresa m\u00e1s r\u00e1pidamente en las mujeres&nbsp;[6]. En el caso de la enfermedad de Alzheimer, se ha demostrado que las mujeres acumulan una mayor cantidad de los agregados t\u00f3xicos de la prote\u00edna tau que contribuyen a la atrofia&nbsp;[11]. Un conocimiento profundo de estos diferentes cursos en hombres y mujeres es esencial para desarrollar f\u00e1rmacos dirigidos a s\u00edntomas espec\u00edficos.  &nbsp;<\/p>\n<h2 id=\"se-tienen-en-cuenta-las-necesidades-especificas-de-cada-sexo-en-la-investigacion\">\u00bfSe tienen en cuenta las necesidades espec\u00edficas de cada sexo en la investigaci\u00f3n?<\/h2>\n<p>Desgraciadamente, s\u00f3lo estamos al principio y todav\u00eda se presta muy poca atenci\u00f3n a la variable &#8220;g\u00e9nero&#8221; en el desarrollo de f\u00e1rmacos. El Proyecto Cerebro de Mujer trabaja en la elaboraci\u00f3n de directrices sobre c\u00f3mo tener en cuenta las diferencias clave entre hombres y mujeres en la investigaci\u00f3n cl\u00ednica. S\u00f3lo esto permite dar un paso m\u00e1s en la direcci\u00f3n de la medicina de precisi\u00f3n definida por Eric Topol.&nbsp;[14]. Que las autoridades estadounidenses tambi\u00e9n est\u00e1n tomando conciencia de las diferencias de g\u00e9nero lo demuestra su decisi\u00f3n en 2019 de aprobar un medicamento contra el VIH s\u00f3lo para hombres. Ni una sola mujer hab\u00eda sido incluida en los ensayos cl\u00ednicos pivotales&nbsp;[15].&nbsp;<\/p>\n<h2 id=\"conclusion-el-futuro-pertenece-a-los-que-saben-contar-la-historia-de-la-forma-adecuada\">Conclusi\u00f3n &#8211; &#8220;El futuro pertenece a los que saben contar la historia de la forma adecuada&#8221;.<\/h2>\n<p>A trav\u00e9s de la investigaci\u00f3n, el intercambio, la educaci\u00f3n y la divulgaci\u00f3n, el Proyecto Cerebro de Mujer pretende acabar cada vez m\u00e1s con los prejuicios de g\u00e9nero en la prevenci\u00f3n y el tratamiento, permitiendo as\u00ed una medicina de precisi\u00f3n sostenible y evitando los costes de las terapias fallidas&nbsp;[1]. Comunicar los resultados tambi\u00e9n es clave, porque incluso la mejor idea del mundo no dar\u00e1 frutos si no se comunica bien. La excelente presentaci\u00f3n de la Dra. Santuccione Chadha ha servido as\u00ed al objetivo del Proyecto Cerebro de Mujer.<\/p>\n<p>&nbsp;<\/p>\n<p>Literatura<\/p>\n<ol>\n<li>Women&#8217;s<em> Brain<\/em> Project,&nbsp;<a href=\"https:\/\/www.womensbrainproject.com\/\" target=\"_blank\" rel=\"noopener\">https:\/\/www.womensbrainproject.com\/,<\/a> Visitado en junio de 2022.<\/li>\n<li>Diccionario Britannica, &#8220;Sexo&#8221; y &#8220;G\u00e9nero&#8221;,&nbsp;<a href=\"file:\/\/\/C:\/Users\/KatjaBecker\/AppData\/Local\/Microsoft\/Windows\/INetCache\/Content.Outlook\/NAS6O9A9\/www.britannica.com\/dictionary\">www.britannica.com\/dictionary,<\/a> \u00daltimo acceso en junio de 2022<em>.<\/em><\/li>\n<li>McCarthy MM. Or\u00edgenes multifac\u00e9ticos de las diferencias sexuales en el cerebro<em>.<\/em>&nbsp;Philos Trans R Soc Lond B Biol Sci, 2016. 371(1688): p. 20150106.<\/li>\n<li>Ferretti MT et al. Diferencias de sexo en la enfermedad de Alzheimer: la puerta a la medicina de precisi\u00f3n<em>.<\/em>&nbsp;Nat Rev Neurol, 2018. 14(8): p. 457-469.<\/li>\n<li>Oficina General de Contabilidad de los Estados Unidos (2001), Drug Safety: Most Drugs Withdrawn in Recent Years Had Greater<em> Health<\/em> Risks for Women, GAO-01-286R.<\/li>\n<li>Cerri S et al. La enfermedad de Parkinson en mujeres y hombres: \u00bfCu\u00e1l es la diferencia?&nbsp;J Parkinson&#8217;s Dis, 2019. 9(3): p. 501-515.<\/li>\n<li>Oficina Federal de Estad\u00edstica<em> de Suiza<\/em>: Poblaci\u00f3n, nacimientos y defunciones, esperanza de vida,&nbsp;<a href=\"file:\/\/\/C:\/Users\/KatjaBecker\/AppData\/Local\/Microsoft\/Windows\/INetCache\/Content.Outlook\/NAS6O9A9\/www.bfs.admin.ch\">www.bfs.admin.ch,<\/a> \u00daltimo acceso: junio de 2022.<\/li>\n<li>Habermann &amp; Horstmeier (2018), Public Health Kompakt, Cap\u00edtulo 8, p.366<em>.<\/em><\/li>\n<li>Datos y cifras sobre la enfermedad de Alzheimer en 2020<em>.<\/em>&nbsp;Alzheimer Dement, 2020.<\/li>\n<li>Alzheimer Europe, Dementia in Europe Yearbook (2019), Estimaci\u00f3n de la prevalencia de la demencia en Europa, p.108<em>.<\/em><\/li>\n<li>Smith R et al. La tasa de acumulaci\u00f3n de agregados de tau es mayor en las mujeres y en los sujetos m\u00e1s j\u00f3venes<em> con amiloide positivo<\/em>.&nbsp;Cerebro, 2020. 143(12): p. 3805-3815.<\/li>\n<li>Babapour Mofrad R et al. Las diferencias de sexo en los biomarcadores del LCR var\u00edan seg\u00fan el estadio de la enfermedad de Alzheimer y el genotipo APOE \u03b54<em>.<\/em>&nbsp;Neurolog\u00eda, 2020. 95(17): p. e2378-e2388.<\/li>\n<li>MonAM &#8211; Swiss Monitoring System for Addiction and Noncommunicable<em> Diseases<\/em>, Consumo cr\u00f3nico de drogas (edad: 15+),&nbsp;<a href=\"https:\/\/ind.obsan.admin.ch\/indicator\/monam\/chronische-medikamenteneinnahme-alter-15\" target=\"_blank\" rel=\"noopener\">https:\/\/ind.obsan.admin.ch\/indicator\/monam\/chronische-medikamenteneinnahme-alter-15,<\/a> Visitado: junio de 2022.<\/li>\n<li>Topol EJ. Medicina individualizada desde el vientre materno hasta la tumba<em>.<\/em>&nbsp;Cell, 2014. 157(1): p. 241-53.<\/li>\n<li>New York Times (2019), F.D.A. Approves NEW H.I.V. Prevention Drug, but Not for Women<em>,<\/em>&nbsp;<a href=\"https:\/\/www.nytimes.com\/2019\/10\/04\/health\/fda-descovy-truvada-hiv.html\" target=\"_blank\" rel=\"noopener\">https:\/\/www.nytimes.com\/2019\/10\/04\/health\/fda-descovy-truvada-hiv.html,<\/a> \u00daltimo acceso en junio de 2022.<\/li>\n<\/ol>\n<p>&nbsp;<\/p>\n<p>Texto: IACULIS GmbH, Dr. sc. nat. Katja Becker<\/p>\n","protected":false},"excerpt":{"rendered":"<p>En el 10\u00ba MEET &amp; GREET de IACULIS, la agencia de comunicaci\u00f3n sobre medicina personalizada con sede en Z\u00farich, la Dra. Antonella Santuccione Chadha, Directora Ejecutiva del Women&#8217;s Brain Project,&hellip;<\/p>\n","protected":false},"author":16,"featured_media":123529,"comment_status":"closed","ping_status":"","sticky":false,"template":"","format":"standard","meta":{"_acf_changed":false,"pmpro_default_level":"","cat_1_feature_home_top":false,"cat_2_editor_pick":false,"csco_eyebrow_text":"Proyecto Cerebro de Mujer","footnotes":""},"category":[11475,11470,11430,11552],"tags":[],"powerkit_post_featured":[],"class_list":["post-325406","post","type-post","status-publish","format-standard","has-post-thumbnail","category-estudios","category-noticias","category-prevencion-y-asistencia-sanitaria","category-rx-es","pmpro-has-access"],"acf":[],"publishpress_future_action":{"enabled":false,"date":"2026-05-02 07:31:59","action":"change-status","newStatus":"draft","terms":[],"taxonomy":"category","extraData":[]},"publishpress_future_workflow_manual_trigger":{"enabledWorkflows":[]},"wpml_current_locale":"es_ES","wpml_translations":[],"_links":{"self":[{"href":"https:\/\/medizinonline.com\/es\/wp-json\/wp\/v2\/posts\/325406","targetHints":{"allow":["GET"]}}],"collection":[{"href":"https:\/\/medizinonline.com\/es\/wp-json\/wp\/v2\/posts"}],"about":[{"href":"https:\/\/medizinonline.com\/es\/wp-json\/wp\/v2\/types\/post"}],"author":[{"embeddable":true,"href":"https:\/\/medizinonline.com\/es\/wp-json\/wp\/v2\/users\/16"}],"replies":[{"embeddable":true,"href":"https:\/\/medizinonline.com\/es\/wp-json\/wp\/v2\/comments?post=325406"}],"version-history":[{"count":0,"href":"https:\/\/medizinonline.com\/es\/wp-json\/wp\/v2\/posts\/325406\/revisions"}],"wp:featuredmedia":[{"embeddable":true,"href":"https:\/\/medizinonline.com\/es\/wp-json\/wp\/v2\/media\/123529"}],"wp:attachment":[{"href":"https:\/\/medizinonline.com\/es\/wp-json\/wp\/v2\/media?parent=325406"}],"wp:term":[{"taxonomy":"category","embeddable":true,"href":"https:\/\/medizinonline.com\/es\/wp-json\/wp\/v2\/category?post=325406"},{"taxonomy":"post_tag","embeddable":true,"href":"https:\/\/medizinonline.com\/es\/wp-json\/wp\/v2\/tags?post=325406"},{"taxonomy":"powerkit_post_featured","embeddable":true,"href":"https:\/\/medizinonline.com\/es\/wp-json\/wp\/v2\/powerkit_post_featured?post=325406"}],"curies":[{"name":"wp","href":"https:\/\/api.w.org\/{rel}","templated":true}]}}