{"id":326166,"date":"2022-04-10T14:00:00","date_gmt":"2022-04-10T12:00:00","guid":{"rendered":"https:\/\/medizinonline.com\/prohibicion-de-la-publicidad-del-tabaco-para-proteger-a-ninos-y-jovenes\/"},"modified":"2022-04-10T14:00:00","modified_gmt":"2022-04-10T12:00:00","slug":"prohibicion-de-la-publicidad-del-tabaco-para-proteger-a-ninos-y-jovenes","status":"publish","type":"post","link":"https:\/\/medizinonline.com\/es\/prohibicion-de-la-publicidad-del-tabaco-para-proteger-a-ninos-y-jovenes\/","title":{"rendered":"Prohibici\u00f3n de la publicidad del tabaco para proteger a ni\u00f1os y j\u00f3venes"},"content":{"rendered":"<p><strong>M\u00e1s de una cuarta parte de los suizos fuma. Aunque la mayor\u00eda de los afectados son conscientes de que el consumo de tabaco puede ir acompa\u00f1ado de importantes restricciones para su salud. Pero dejar de fumar no es tan f\u00e1cil. Por ello, se est\u00e1n intensificando las medidas para proteger a los ni\u00f1os y adolescentes de una posible adicci\u00f3n. Una iniciativa ped\u00eda la prohibici\u00f3n de la publicidad del tabaco.<\/strong><\/p>\n<p> <!--more--> <\/p>\n<p>Fumar es peligroso. Todos los ni\u00f1os lo saben. Es un factor de riesgo para las enfermedades cardiovasculares, las enfermedades respiratorias cr\u00f3nicas y varios tipos de c\u00e1ncer. M\u00e1s de una de cada siete muertes es atribuible a enfermedades causadas por el tabaco. El tabaquismo pasivo tambi\u00e9n perjudica la salud en una medida similar a la del propio tabaco. El tabaquismo es el mayor riesgo sanitario evitable en las naciones industrializadas occidentales. En Suiza, 9500 personas mueren cada a\u00f1o por las consecuencias del consumo de tabaco. A pesar del cambio de tendencia hacia una mayor concienciaci\u00f3n sanitaria, el consumo de tabaco se mantiene en un nivel elevado de casi 2 millones de fumadores [1,2]. Estas cifras deber\u00edan corregirse a la baja en el futuro. Por lo tanto, se toman medidas para advertir a los ni\u00f1os y j\u00f3venes no s\u00f3lo sobre los peligros de la sustancia adictiva. En primer lugar, no deber\u00edan ser conscientes de ello. Por ello, el 13 de febrero se adopt\u00f3 la iniciativa popular &#8220;S\u00ed a la protecci\u00f3n de los ni\u00f1os y adolescentes frente a la publicidad del tabaco (ni\u00f1os y adolescentes sin publicidad del tabaco)&#8221;. La iniciativa exige que se proh\u00edba toda la publicidad del tabaco que llegue a ni\u00f1os y j\u00f3venes. Para ello se prev\u00e9 un periodo m\u00e1ximo de tres a\u00f1os [3]. La publicidad de los productos del tabaco est\u00e1 permitida en Suiza bajo restricciones. Sin embargo, est\u00e1 prohibida la publicidad dirigida espec\u00edficamente a menores. Tampoco est\u00e1 permitido hacer regalos a menores ni distribuir cigarrillos de forma gratuita. En general, la publicidad del tabaco est\u00e1 prohibida en la radio y la televisi\u00f3n. Y en la mayor\u00eda de los cantones tambi\u00e9n est\u00e1 prohibida la publicidad del tabaco en carteles y cines, as\u00ed como el patrocinio de eventos. En virtud de la iniciativa, ahora s\u00f3lo es posible la publicidad como los correos publicitarios, los folletos o la publicidad dirigida en Internet a la que no tienen acceso los menores. El Consejo Federal y el Parlamento llevan la iniciativa demasiado lejos. Sin embargo, dado que se adopt\u00f3 por mayor\u00eda, las disposiciones legales de aplicaci\u00f3n deben adoptarse ahora antes del 13.02.2025.<\/p>\n<p>&nbsp;<\/p>\n<p>Literatura:<\/p>\n<ol>\n<li>www.bfs.admin.ch\/bfs\/de\/home\/statistiken\/gesundheit\/determinanten\/tabak.html (fecha de acceso: 30.01.2022)<\/li>\n<li>www.bag.admin.ch\/bag\/de\/home\/gesund-leben\/sucht-und-gesundheit\/tabak.html (fecha de acceso: 11.03.2022)<\/li>\n<li>www.bag.admin.ch\/bag\/de\/home\/strategie-und-politik\/politische-auftraege-und-aktionsplaene\/politische-auftraege-zur-tabakpraevention\/tabakpolitik-schweiz\/volksinitiative-kinder-ohne-tabakwerbung.html (fecha de acceso: 11.03.2022)<\/li>\n<\/ol>\n<p>&nbsp;<\/p>\n<p><em>CARDIOVASC 2022; 21(1): 36<br \/>\nInFo NEUMOLOG\u00cdA Y ALERGOLOG\u00cdA 2022; 4(2): 29<br \/>\nPR\u00c1CTICA GP 2022; 17(7): 19<\/em><\/p>\n","protected":false},"excerpt":{"rendered":"<p>M\u00e1s de una cuarta parte de los suizos fuma. Aunque la mayor\u00eda de los afectados son conscientes de que el consumo de tabaco puede ir acompa\u00f1ado de importantes restricciones para&hellip;<\/p>\n","protected":false},"author":7,"featured_media":118906,"comment_status":"closed","ping_status":"closed","sticky":false,"template":"","format":"standard","meta":{"_acf_changed":false,"pmpro_default_level":"","cat_1_feature_home_top":false,"cat_2_editor_pick":false,"csco_eyebrow_text":"Fumar","footnotes":""},"category":[11509,11288,11470,11336,11430,11552],"tags":[12127,13369,16325,16323],"powerkit_post_featured":[],"class_list":["post-326166","post","type-post","status-publish","format-standard","has-post-thumbnail","category-gestion-de-la-practica","category-medicina-interna-general","category-noticias","category-oncologia","category-prevencion-y-asistencia-sanitaria","category-rx-es","tag-fumar-es","tag-gestion-de-la-practica","tag-publicidad-del-tabaco","tag-tabaco-es","pmpro-has-access"],"acf":[],"publishpress_future_action":{"enabled":false,"date":"2026-05-06 16:47:22","action":"change-status","newStatus":"draft","terms":[],"taxonomy":"category","extraData":[]},"publishpress_future_workflow_manual_trigger":{"enabledWorkflows":[]},"wpml_current_locale":"es_ES","wpml_translations":[],"_links":{"self":[{"href":"https:\/\/medizinonline.com\/es\/wp-json\/wp\/v2\/posts\/326166","targetHints":{"allow":["GET"]}}],"collection":[{"href":"https:\/\/medizinonline.com\/es\/wp-json\/wp\/v2\/posts"}],"about":[{"href":"https:\/\/medizinonline.com\/es\/wp-json\/wp\/v2\/types\/post"}],"author":[{"embeddable":true,"href":"https:\/\/medizinonline.com\/es\/wp-json\/wp\/v2\/users\/7"}],"replies":[{"embeddable":true,"href":"https:\/\/medizinonline.com\/es\/wp-json\/wp\/v2\/comments?post=326166"}],"version-history":[{"count":0,"href":"https:\/\/medizinonline.com\/es\/wp-json\/wp\/v2\/posts\/326166\/revisions"}],"wp:featuredmedia":[{"embeddable":true,"href":"https:\/\/medizinonline.com\/es\/wp-json\/wp\/v2\/media\/118906"}],"wp:attachment":[{"href":"https:\/\/medizinonline.com\/es\/wp-json\/wp\/v2\/media?parent=326166"}],"wp:term":[{"taxonomy":"category","embeddable":true,"href":"https:\/\/medizinonline.com\/es\/wp-json\/wp\/v2\/category?post=326166"},{"taxonomy":"post_tag","embeddable":true,"href":"https:\/\/medizinonline.com\/es\/wp-json\/wp\/v2\/tags?post=326166"},{"taxonomy":"powerkit_post_featured","embeddable":true,"href":"https:\/\/medizinonline.com\/es\/wp-json\/wp\/v2\/powerkit_post_featured?post=326166"}],"curies":[{"name":"wp","href":"https:\/\/api.w.org\/{rel}","templated":true}]}}