{"id":326338,"date":"2022-03-19T01:00:00","date_gmt":"2022-03-19T00:00:00","guid":{"rendered":"https:\/\/medizinonline.com\/alivio-del-tinnitus-parcialmente-mediado-a-traves-de-la-reduccion-de-los-sintomas-neuropsiquiatricos\/"},"modified":"2022-03-19T01:00:00","modified_gmt":"2022-03-19T00:00:00","slug":"alivio-del-tinnitus-parcialmente-mediado-a-traves-de-la-reduccion-de-los-sintomas-neuropsiquiatricos","status":"publish","type":"post","link":"https:\/\/medizinonline.com\/es\/alivio-del-tinnitus-parcialmente-mediado-a-traves-de-la-reduccion-de-los-sintomas-neuropsiquiatricos\/","title":{"rendered":"Alivio del tinnitus parcialmente mediado a trav\u00e9s de la reducci\u00f3n de los s\u00edntomas neuropsiqui\u00e1tricos"},"content":{"rendered":"<p><strong>Un equipo de investigaci\u00f3n en el que participa el Centro de Ac\u00fafenos de la Charit\u00e9-Universit\u00e4tsmedizin Berlin (D) pudo demostrar en un an\u00e1lisis de mediaci\u00f3n que los pacientes con ac\u00fafenos se benefician del tratamiento con un extracto de Ginkgo biloba de alta calidad, en el que la eficacia est\u00e1 mediada en parte por la mejora de la ansiedad, la depresi\u00f3n y el deterioro cognitivo.<\/strong><\/p>\n<p> <!--more--> <\/p>\n<p>La alta prevalencia del tinnitus en pacientes con demencia no es sorprendente, ya que el tinnitus &#8211; con o sin p\u00e9rdida de audici\u00f3n &#8211; afecta a diversas funciones cognitivas y puede contribuir as\u00ed al desarrollo de un problema relacionado con la demencia [1]. El extracto de ginkgo biloba EGb&nbsp;761\u00ae ha demostrado su eficacia para reducir los s\u00edntomas neuropsiqui\u00e1tricos en pacientes ancianos con demencia y tinnitus, el mecanismo de acci\u00f3n subyacente es multifactorial [1,2]. Para determinar qu\u00e9 parte del efecto total del EGb&nbsp;761\u00ae sobre el tinnitus puede explicarse por efectos directos y qu\u00e9 proporci\u00f3n se produce indirectamente a trav\u00e9s de la mejora de los s\u00edntomas depresivos y ansiosos, Br\u00fcggemann et al. realizaron un an\u00e1lisis de mediaci\u00f3n, que se public\u00f3 en el <em>Journal of Clinical Medicine 2021<\/em> [1].<\/p>\n<p>&nbsp;<\/p>\n<h2 id=\"\"><img fetchpriority=\"high\" decoding=\"async\" class=\" size-full wp-image-18535\" alt=\"\" src=\"https:\/\/medizinonline.com\/wp-content\/uploads\/2022\/03\/abb1_hp2_s33.png\" style=\"font-size:13px; height:479px; width:400px\" width=\"752\" height=\"901\"><\/h2>\n<h2 id=\"-2\">&nbsp;<\/h2>\n<h2 id=\"datos-agrupados-de-tres-eca\">Datos agrupados de tres ECA<\/h2>\n<p>Se incluyeron tres ensayos aleatorizados, controlados con placebo y a doble ciego sobre la eficacia de EGb&nbsp;761\u00ae (240 mg\/d\u00eda; 22-24 semanas) en un total de 594 pacientes con ac\u00fafenos, demencia y s\u00edntomas neuropsiqui\u00e1tricos [1,3\u20135]. La gravedad del ac\u00fafeno se evalu\u00f3 mediante la escala de la &#8220;caja de 11 puntos&#8221; (0= sin ac\u00fafeno, 10= ac\u00fafeno extremadamente grave) [6,7]. Para evaluar la depresi\u00f3n y la ansiedad se utiliz\u00f3 el Inventario Neuropsiqui\u00e1trico (NPI), una evaluaci\u00f3n de los s\u00edntomas neuropsiqui\u00e1tricos basada en entrevistas [8].&nbsp; El grado de deterioro cognitivo se midi\u00f3 mediante la puntuaci\u00f3n total en los &#8220;Short Cognitive Performance Tests&#8221; (SKT) (puntuaciones bajas=mejor rendimiento) [9,10]. En los tres ECA, EGb&nbsp;761\u00ae se administr\u00f3 a la dosis de 240&nbsp;mg diarios [11]. La duraci\u00f3n del tratamiento fue de 22 \u00f3 24 semanas. Se tomaron mediciones test-diagn\u00f3stico (escala de &#8220;caja de 11 puntos&#8221;, NPI, SKT) en el cribado y al inicio del estudio, as\u00ed como a mitad del estudio y al final del tratamiento (semana 22 \u00f3 24).<\/p>\n<h2 id=\"-3\">&nbsp;<\/h2>\n<p><img decoding=\"async\" class=\"size-full wp-image-18536 lazyload\" alt=\"\" data-src=\"https:\/\/medizinonline.com\/wp-content\/uploads\/2022\/03\/tab1_hp2_s33_0.png\" style=\"--smush-placeholder-width: 1100px; --smush-placeholder-aspect-ratio: 1100\/710;height:387px; width:600px\" width=\"1100\" height=\"710\" data-srcset=\"https:\/\/medizinonline.com\/wp-content\/uploads\/2022\/03\/tab1_hp2_s33_0.png 1100w, https:\/\/medizinonline.com\/wp-content\/uploads\/2022\/03\/tab1_hp2_s33_0-800x516.png 800w, https:\/\/medizinonline.com\/wp-content\/uploads\/2022\/03\/tab1_hp2_s33_0-120x77.png 120w, https:\/\/medizinonline.com\/wp-content\/uploads\/2022\/03\/tab1_hp2_s33_0-90x58.png 90w, https:\/\/medizinonline.com\/wp-content\/uploads\/2022\/03\/tab1_hp2_s33_0-320x207.png 320w, https:\/\/medizinonline.com\/wp-content\/uploads\/2022\/03\/tab1_hp2_s33_0-560x361.png 560w\" data-sizes=\"(max-width: 1100px) 100vw, 1100px\" src=\"data:image\/svg+xml;base64,PHN2ZyB3aWR0aD0iMSIgaGVpZ2h0PSIxIiB4bWxucz0iaHR0cDovL3d3dy53My5vcmcvMjAwMC9zdmciPjwvc3ZnPg==\" \/><\/p>\n<h2 id=\"-4\">&nbsp;<\/h2>\n<h2 id=\"conclusion-egb-761-especialmente-util-para-pacientes-de-tinnitus-de-edad-avanzada\">Conclusi\u00f3n: EGb&nbsp;761\u00ae especialmente \u00fatil para&nbsp;pacientes de tinnitus de edad avanzada<\/h2>\n<p>Los an\u00e1lisis de mediaci\u00f3n pretenden comprobar si la relaci\u00f3n entre dos variables est\u00e1 mediada por otros factores&nbsp; <span style=\"font-family:franklin gothic demi\">(Fig. 1) <\/span>[12]. Los resultados del trabajo de Br\u00fcggemann et al. muestran que el efecto directo de EGb&nbsp;761\u00ae sobre el tinnitus representa el 58,5% del efecto total y el 41,5% del efecto total est\u00e1 causado indirectamente por una mejora de los s\u00edntomas neuropsiqui\u00e1tricos (p&lt;0,001 y p \u22640,004, respectivamente) [1].  <span style=\"font-family:franklin gothic demi\">La tabla&nbsp;1<\/span> muestra la fuerza y la direcci\u00f3n de las correlaciones respectivas (&#8220;Estimaci\u00f3n&#8221;). A partir de los resultados del an\u00e1lisis de mediaci\u00f3n disponibles en&nbsp;, puede concluirse que el EGb 761\u00ae es \u00fatil como tratamiento de apoyo para el tinnitus en pacientes ancianos con demencia, con un beneficio adicional en pacientes con depresi\u00f3n o ansiedad. En cuanto a los mecanismos de acci\u00f3n, se sabe, entre otras cosas, que el EGb 761\u00ae modula las transmisiones de se\u00f1ales neuronales y aumenta el flujo sangu\u00edneo [2].<\/p>\n<p>&nbsp;<\/p>\n<p>Literatura:<\/p>\n<ol>\n<li>Br\u00fcggemann P, S\u00f3ria MG, Brandes-Schramm J, Mazurek B: J Clin Med 2021; 10(14): 3151.<\/li>\n<li>Lang F, et al.: En: Wagner H, Ulrich-Merzenich G (eds.). Investigaci\u00f3n basada en la evidencia y la racionalidad sobre los medicamentos chinos. Viena 2013: Springer.<\/li>\n<li>Napryeyenko O, Borzenko I, Grupo de estudio GINDEM-NP: Drug Research 2007; 57: 4-11.<\/li>\n<li>Ihl R, et al; Grupo de estudio GOTADAY: Int J Geriatr Psychiatr 2010; 26: 1186-1194.<\/li>\n<li>Herrschaft H, et al: J. Psychiatr Res 2012; 46: 716-723.<\/li>\n<li>Hawker GA, et al: Arthritis Care Res 2011; 63(Suppl. S11): S240-S252<\/li>\n<li>Adamchic I, et al: Am J Audiol 2012; 21: 215-225.<\/li>\n<li>Cummings JL: Neurolog\u00eda 1997; 48(Suppl. S6): 10S-16S.<\/li>\n<li>Erzigkeit HA: Manual SKT. Versi\u00f3n concisa. Geromed GmbH; Castrop-Rauxel, Alemania: 1992.<\/li>\n<li>Lehfeld H, et al: GeroPsych 2014; 27:75-80.<\/li>\n<li>Le Bars PL : Farmacopsiquiatr\u00eda 2003; 36(Suppl. S1): S44-S49.<\/li>\n<li>Oostermeijer M, Boonen AJ, Jolles J: Front Psychol 2014; 5: 782.<\/li>\n<\/ol>\n<p>&nbsp;<\/p>\n<p><em>PR\u00c1CTICA GP 2022; 17(2): 33<\/em><\/p>\n","protected":false},"excerpt":{"rendered":"<p>Un equipo de investigaci\u00f3n en el que participa el Centro de Ac\u00fafenos de la Charit\u00e9-Universit\u00e4tsmedizin Berlin (D) pudo demostrar en un an\u00e1lisis de mediaci\u00f3n que los pacientes con ac\u00fafenos se&hellip;<\/p>\n","protected":false},"author":7,"featured_media":117250,"comment_status":"closed","ping_status":"","sticky":false,"template":"","format":"standard","meta":{"_acf_changed":false,"pmpro_default_level":"","cat_1_feature_home_top":false,"cat_2_editor_pick":false,"csco_eyebrow_text":"Extracto especial de ginkgo","footnotes":""},"category":[11475,11478,11316,11288,11328,11393,11435,11552],"tags":[15421,16734,16709,12113,14756,15097,16731,16717,15105,16723,14760,16718,16716,16712,16727,16714],"powerkit_post_featured":[],"class_list":["post-326338","post","type-post","status-publish","format-standard","has-post-thumbnail","category-estudios","category-formacion-continua","category-geriatria","category-medicina-interna-general","category-neurologia","category-orl-es","category-psiquiatria-y-psicoterapia","category-rx-es","tag-acufenos","tag-analisis-de-mediacion","tag-cognitivo-es","tag-demencia","tag-depresion","tag-egb-761-es","tag-escala-de-cajas-de-11-puntos","tag-extracto-especial-es","tag-ginkgo-es","tag-mayor","tag-miedo","tag-neuropsiquiatrico","tag-pacientes-es","tag-prevalencia-es","tag-restricciones","tag-sintomas-es","pmpro-has-access"],"acf":[],"publishpress_future_action":{"enabled":false,"date":"2026-05-04 08:22:26","action":"change-status","newStatus":"draft","terms":[],"taxonomy":"category","extraData":[]},"publishpress_future_workflow_manual_trigger":{"enabledWorkflows":[]},"wpml_current_locale":"es_ES","wpml_translations":[],"_links":{"self":[{"href":"https:\/\/medizinonline.com\/es\/wp-json\/wp\/v2\/posts\/326338","targetHints":{"allow":["GET"]}}],"collection":[{"href":"https:\/\/medizinonline.com\/es\/wp-json\/wp\/v2\/posts"}],"about":[{"href":"https:\/\/medizinonline.com\/es\/wp-json\/wp\/v2\/types\/post"}],"author":[{"embeddable":true,"href":"https:\/\/medizinonline.com\/es\/wp-json\/wp\/v2\/users\/7"}],"replies":[{"embeddable":true,"href":"https:\/\/medizinonline.com\/es\/wp-json\/wp\/v2\/comments?post=326338"}],"version-history":[{"count":0,"href":"https:\/\/medizinonline.com\/es\/wp-json\/wp\/v2\/posts\/326338\/revisions"}],"wp:featuredmedia":[{"embeddable":true,"href":"https:\/\/medizinonline.com\/es\/wp-json\/wp\/v2\/media\/117250"}],"wp:attachment":[{"href":"https:\/\/medizinonline.com\/es\/wp-json\/wp\/v2\/media?parent=326338"}],"wp:term":[{"taxonomy":"category","embeddable":true,"href":"https:\/\/medizinonline.com\/es\/wp-json\/wp\/v2\/category?post=326338"},{"taxonomy":"post_tag","embeddable":true,"href":"https:\/\/medizinonline.com\/es\/wp-json\/wp\/v2\/tags?post=326338"},{"taxonomy":"powerkit_post_featured","embeddable":true,"href":"https:\/\/medizinonline.com\/es\/wp-json\/wp\/v2\/powerkit_post_featured?post=326338"}],"curies":[{"name":"wp","href":"https:\/\/api.w.org\/{rel}","templated":true}]}}