{"id":326362,"date":"2022-03-14T08:50:46","date_gmt":"2022-03-14T07:50:46","guid":{"rendered":"https:\/\/medizinonline.com\/xiii-sfmad-de-la-sociedad-suiza-para-la-ansiedad-y-la-depresion-sgad\/"},"modified":"2022-03-14T08:50:46","modified_gmt":"2022-03-14T07:50:46","slug":"xiii-sfmad-de-la-sociedad-suiza-para-la-ansiedad-y-la-depresion-sgad","status":"publish","type":"post","link":"https:\/\/medizinonline.com\/es\/xiii-sfmad-de-la-sociedad-suiza-para-la-ansiedad-y-la-depresion-sgad\/","title":{"rendered":"XIII SFMAD de la Sociedad Suiza para la Ansiedad y la Depresi\u00f3n (SGAD)"},"content":{"rendered":"<p><strong>&#8220;Conceptos terap\u00e9uticos innovadores para la ansiedad y la depresi\u00f3n&#8221; es el tema principal de la 13\u00aa SFMAD de este a\u00f1o de la Sociedad Suiza para la Ansiedad y la Depresi\u00f3n (SGAD), que se celebrar\u00e1 el 5 de mayo de 2022 en Z\u00farich. El popular curso intensivo de la ma\u00f1ana tambi\u00e9n est\u00e1 dedicado a las &#8220;Opciones de tratamiento digital de la ansiedad y la depresi\u00f3n&#8221;.<\/strong><\/p>\n<p> <!--more--> <\/p>\n<p>&nbsp;<\/p>\n<p>&nbsp;<\/p>\n<p>&nbsp;<\/p>\n<p>&nbsp;<\/p>\n<p>Encontrar\u00e1 m\u00e1s informaci\u00f3n sobre el programa y la inscripci\u00f3n <a href=\"https:\/\/www.sgad.ch\/de\/fachleute\/sfmad\" target=\"_blank\" rel=\"noopener\">aqu\u00ed<\/a>.<\/p>\n","protected":false},"excerpt":{"rendered":"<p>&#8220;Conceptos terap\u00e9uticos innovadores para la ansiedad y la depresi\u00f3n&#8221; es el tema principal de la 13\u00aa SFMAD de este a\u00f1o de la Sociedad Suiza para la Ansiedad y la Depresi\u00f3n&hellip;<\/p>\n","protected":false},"author":14,"featured_media":118293,"comment_status":"closed","ping_status":"closed","sticky":false,"template":"","format":"standard","meta":{"_acf_changed":false,"pmpro_default_level":"","cat_1_feature_home_top":false,"cat_2_editor_pick":false,"csco_eyebrow_text":"SGAD","footnotes":""},"category":[11483,11470,11435,11552],"tags":[],"powerkit_post_featured":[],"class_list":["post-326362","post","type-post","status-publish","format-standard","has-post-thumbnail","category-el-congreso-informa","category-noticias","category-psiquiatria-y-psicoterapia","category-rx-es","pmpro-has-access"],"acf":[],"publishpress_future_action":{"enabled":false,"date":"2026-05-02 07:55:14","action":"change-status","newStatus":"draft","terms":[],"taxonomy":"category","extraData":[]},"publishpress_future_workflow_manual_trigger":{"enabledWorkflows":[]},"wpml_current_locale":"es_ES","wpml_translations":[],"_links":{"self":[{"href":"https:\/\/medizinonline.com\/es\/wp-json\/wp\/v2\/posts\/326362","targetHints":{"allow":["GET"]}}],"collection":[{"href":"https:\/\/medizinonline.com\/es\/wp-json\/wp\/v2\/posts"}],"about":[{"href":"https:\/\/medizinonline.com\/es\/wp-json\/wp\/v2\/types\/post"}],"author":[{"embeddable":true,"href":"https:\/\/medizinonline.com\/es\/wp-json\/wp\/v2\/users\/14"}],"replies":[{"embeddable":true,"href":"https:\/\/medizinonline.com\/es\/wp-json\/wp\/v2\/comments?post=326362"}],"version-history":[{"count":0,"href":"https:\/\/medizinonline.com\/es\/wp-json\/wp\/v2\/posts\/326362\/revisions"}],"wp:featuredmedia":[{"embeddable":true,"href":"https:\/\/medizinonline.com\/es\/wp-json\/wp\/v2\/media\/118293"}],"wp:attachment":[{"href":"https:\/\/medizinonline.com\/es\/wp-json\/wp\/v2\/media?parent=326362"}],"wp:term":[{"taxonomy":"category","embeddable":true,"href":"https:\/\/medizinonline.com\/es\/wp-json\/wp\/v2\/category?post=326362"},{"taxonomy":"post_tag","embeddable":true,"href":"https:\/\/medizinonline.com\/es\/wp-json\/wp\/v2\/tags?post=326362"},{"taxonomy":"powerkit_post_featured","embeddable":true,"href":"https:\/\/medizinonline.com\/es\/wp-json\/wp\/v2\/powerkit_post_featured?post=326362"}],"curies":[{"name":"wp","href":"https:\/\/api.w.org\/{rel}","templated":true}]}}