{"id":326621,"date":"2022-02-12T01:00:00","date_gmt":"2022-02-12T00:00:00","guid":{"rendered":"https:\/\/medizinonline.com\/contener-la-resistencia-a-los-antibioticos-prescribir-antibioticos-con-prudencia\/"},"modified":"2022-02-12T01:00:00","modified_gmt":"2022-02-12T00:00:00","slug":"contener-la-resistencia-a-los-antibioticos-prescribir-antibioticos-con-prudencia","status":"publish","type":"post","link":"https:\/\/medizinonline.com\/es\/contener-la-resistencia-a-los-antibioticos-prescribir-antibioticos-con-prudencia\/","title":{"rendered":"Contener la resistencia a los antibi\u00f3ticos: prescribir antibi\u00f3ticos con prudencia"},"content":{"rendered":"<p><strong>Los antibi\u00f3ticos son un pilar muy importante de la medicina moderna para la profilaxis y el control de las infecciones bacterianas. Pero si se utiliza con demasiada frecuencia o durante un periodo de tiempo demasiado largo, se favorece la aparici\u00f3n y propagaci\u00f3n de pat\u00f3genos resistentes. Seg\u00fan la Organizaci\u00f3n Mundial de la Salud (OMS), la resistencia a los antibi\u00f3ticos es una de las mayores amenazas para la salud en la actualidad. \u00bfQu\u00e9 implicaciones tiene esto en la pr\u00e1ctica cl\u00ednica diaria?<\/strong><\/p>\n<p> <!--more--> <\/p>\n<p>Existe un aumento de las infecciones por bacterias resistentes a los antibi\u00f3ticos en todo el mundo. El uso excesivo de antibi\u00f3ticos crea una presi\u00f3n de selecci\u00f3n: las cepas de bacterias resistentes al antibi\u00f3tico pueden seguir multiplic\u00e1ndose y propag\u00e1ndose. Las infecciones causadas por enterobacterias productoras de betalactamasas de espectro extendido, enterobacterias resistentes a los carbapenemes y enterococos resistentes a la vancomicina son cada vez m\u00e1s dif\u00edciles de tratar [1]. En el contexto cl\u00ednico, esto significa que la eficacia de las terapias existentes disminuye y, como consecuencia, aumentan la morbilidad y la mortalidad. Para contrarrestar el problema de la resistencia a los antibi\u00f3ticos, se han puesto en marcha varias iniciativas nacionales, como el Centro Suizo para la Resistencia a los Antibi\u00f3ticos (ANRESIS), que vigila continuamente la situaci\u00f3n de la resistencia en Suiza [2]. Los datos m\u00e1s importantes se publican mensualmente en el Bolet\u00edn de la Oficina Federal de Salud P\u00fablica (OFSP). Mientras que la resistencia en bacterias Gram negativas como la <em>Escherichia coli (E.&nbsp;coli)<\/em> est\u00e1 aumentando fuertemente en Suiza, las infecciones por <em>Staphylococcus aureus<\/em> resistente a la meticilina (SARM) han disminuido [3]. Esto se debe principalmente a la reducci\u00f3n de las infecciones por SARM adquiridas en los hospitales, gracias a los avances en la prevenci\u00f3n de infecciones, incluida la mejora de las medidas de higiene [4,5]. &#8220;La situaci\u00f3n con respecto al SARM ha mejorado considerablemente&#8221;, explica el Prof. Philip Tarr, m\u00e9dico co-jefe y responsable de enfermedades infecciosas e higiene hospitalaria del Hospital Cantonal Baselland, Bruderholz [6].<\/p>\n<h2 id=\"utilizar-los-antibioticos-de-forma-selectiva-y-de-acuerdo-con-los-criterios\">Utilizar los antibi\u00f3ticos de forma selectiva y de acuerdo con los criterios<\/h2>\n<p>Las principales razones de la resistencia a los antibi\u00f3ticos son el aumento del consumo de antibi\u00f3ticos en el engorde de animales y el uso excesivo de antibi\u00f3ticos en la medicina humana. Cuantos m\u00e1s antibi\u00f3ticos se prescriben, m\u00e1s resistencia se desarrolla. En medicina humana, cerca del 75% de todos los antibi\u00f3ticos se prescriben en las consultas de los m\u00e9dicos de cabecera, seg\u00fan el Prof. Tarr [6]. Hasta un 50% de ellos no est\u00e1n indicados, o se prescribe un antibi\u00f3tico con un efecto demasiado amplio, o la duraci\u00f3n del tratamiento es demasiado larga [6,7]. Entre 2000 y 2015, el consumo mundial de antibi\u00f3ticos aument\u00f3 un 65% [8]. En el Reino Unido, uno de cada cinco antibi\u00f3ticos se prescribe innecesariamente, en EE.UU. es incluso uno de cada tres [7]. El uso selectivo de antibi\u00f3ticos es un enfoque importante para reducir la resistencia a los antibi\u00f3ticos y est\u00e1 propagado por las directrices actuales de varias sociedades profesionales. Adem\u00e1s de las directrices para el tratamiento de enfermedades infecciosas de la <em>Sociedad Europea de Microbiolog\u00eda Cl\u00ednica y Enfermedades Infecciosas <\/em>(ESCMID), la Sociedad Suiza de <em>Enfermedades <\/em> Infecciosas (SSI) ha publicado recomendaciones adaptadas a las circunstancias especiales de Suiza [9,10].<\/p>\n<h2 id=\"\">&nbsp;<\/h2>\n<h2 id=\"-2\"><img fetchpriority=\"high\" decoding=\"async\" class=\" size-full wp-image-18310\" alt=\"\" src=\"https:\/\/medizinonline.com\/wp-content\/uploads\/2022\/02\/tab1_hp1_s44.png\" style=\"height:283px; width:600px\" width=\"1100\" height=\"519\"><\/h2>\n<h2 id=\"-3\">&nbsp;<\/h2>\n<h2 id=\"corta-duracion-del-tratamiento-antibiotico-y-evitacion-de-quinolonas\">Corta duraci\u00f3n del tratamiento antibi\u00f3tico y evitaci\u00f3n de quinolonas<\/h2>\n<p>Cuanto m\u00e1s largo es el periodo de tratamiento antibi\u00f3tico, m\u00e1s presi\u00f3n de selecci\u00f3n se genera hacia el desarrollo de resistencias. Por lo tanto, el lema es dar antibi\u00f3ticos cortos y duros, explica el Prof. Tarr. Se trata de una tendencia basada en la evidencia <span style=\"font-family:franklin gothic demi\">(Tab.&nbsp;1)<\/span> [6]. &#8220;Hoy en d\u00eda, el tratamiento es m\u00e1s corto que hace 10 \u00f3 20 a\u00f1os&#8221;, resume el infect\u00f3logo. Tanto para la neumon\u00eda como para la celulitis, se recomienda limitar la administraci\u00f3n de antibi\u00f3ticos a 5 d\u00edas y para la pielonefritis a 5-7 d\u00edas [6]. Son posibles excepciones, por ejemplo cuando se trata de pacientes gravemente inmunodeprimidos. En cuanto a la elecci\u00f3n del antibi\u00f3tico adecuado, las recomendaciones del Prof. Tarr sobre las indicaciones se resumen en <span style=\"font-family:franklin gothic demi\">la tabla&nbsp;2<\/span> [6].<\/p>\n<p>La resistencia a las quinolonas en <em>E.&nbsp;coli<\/em> ha ido en aumento durante varios a\u00f1os. La Agencia Europea del Medicamento (EMA) recomienda que las quinolonas dejen de utilizarse para las infecciones leves o moderadamente graves, como las infecciones recurrentes del tracto urinario inferior (ITU), si pueden emplearse otros antibi\u00f3ticos recomendados [11].<\/p>\n<p>Existe una fuerte asociaci\u00f3n entre el consumo y la resistencia tanto a nivel individual como poblacional [12]. Adem\u00e1s, las quinolonas provocan m\u00e1s da\u00f1os en el microbioma intestinal que otros antibi\u00f3ticos, afirma el profesor Tarr. Existen datos fehacientes de que con cada da\u00f1o al microbioma inducido por los antibi\u00f3ticos, se debilita la funci\u00f3n de defensa de la microflora sana. Y en los \u00faltimos a\u00f1os se han conocido numerosos efectos secundarios de las quinolonas.<\/p>\n<h2 id=\"-4\">&nbsp;<\/h2>\n<h2 id=\"-5\"><img decoding=\"async\" class=\"size-full wp-image-18311 lazyload\" alt=\"\" data-src=\"https:\/\/medizinonline.com\/wp-content\/uploads\/2022\/02\/tab2_hp1_s45.png\" style=\"--smush-placeholder-width: 1100px; --smush-placeholder-aspect-ratio: 1100\/762;height:416px; width:600px\" width=\"1100\" height=\"762\" data-srcset=\"https:\/\/medizinonline.com\/wp-content\/uploads\/2022\/02\/tab2_hp1_s45.png 1100w, https:\/\/medizinonline.com\/wp-content\/uploads\/2022\/02\/tab2_hp1_s45-800x554.png 800w, https:\/\/medizinonline.com\/wp-content\/uploads\/2022\/02\/tab2_hp1_s45-120x83.png 120w, https:\/\/medizinonline.com\/wp-content\/uploads\/2022\/02\/tab2_hp1_s45-90x62.png 90w, https:\/\/medizinonline.com\/wp-content\/uploads\/2022\/02\/tab2_hp1_s45-320x222.png 320w, https:\/\/medizinonline.com\/wp-content\/uploads\/2022\/02\/tab2_hp1_s45-560x388.png 560w\" data-sizes=\"(max-width: 1100px) 100vw, 1100px\" src=\"data:image\/svg+xml;base64,PHN2ZyB3aWR0aD0iMSIgaGVpZ2h0PSIxIiB4bWxucz0iaHR0cDovL3d3dy53My5vcmcvMjAwMC9zdmciPjwvc3ZnPg==\" \/><\/h2>\n<h2 id=\"-6\">&nbsp;<\/h2>\n<h2 id=\"angina-y-cistitis-no-complicada-la-terapia-sin-antibioticos-como-opcion\">Angina y cistitis no complicada: la terapia sin antibi\u00f3ticos como opci\u00f3n<\/h2>\n<p>Utilizando el ejemplo de una paciente con cistitis no complicada, el ponente ilustr\u00f3 que, en ausencia de signos de alarma (por ejemplo, mal estado general, PCR elevada), la terapia sin antibi\u00f3ticos puede ser a menudo una opci\u00f3n. La decisi\u00f3n debe tomarse en el marco de la &#8220;toma de decisiones compartida&#8221;, en la que los pacientes deben ser informados sobre las ventajas y los inconvenientes. Es muy raro que una cistitis se convierta en una pielonefritis secundaria sin tratamiento antibi\u00f3tico, dijo el ponente. Afecta como m\u00e1ximo a 1:100 de las mujeres afectadas. En cuanto a la angina estreptoc\u00f3cica, las directrices permiten oficialmente un tratamiento principalmente sin antibi\u00f3ticos desde 2019 [13]. Esto no significa que siempre funcione. Si la fiebre y el dolor de garganta empeoran despu\u00e9s de dos o tres d\u00edas, tambi\u00e9n puede recetarse un tratamiento retardado de antibi\u00f3ticos.<\/p>\n<p>En el \u00e1mbito pedi\u00e1trico, la Asociaci\u00f3n de M\u00e9dicos Cantonales de Suiza decidi\u00f3 en 2020 que los ni\u00f1os con angina estreptoc\u00f3cica y escarlatina ya no ser\u00e1n excluidos de la guarder\u00eda o la escuela si se encuentran bien [14].<\/p>\n<p><em>Congreso:&nbsp;Foro de Educaci\u00f3n M\u00e9dica Continua 17-20.11.2021<\/em><\/p>\n<p>&nbsp;<\/p>\n<p>&nbsp;<\/p>\n<p>Literatura:<\/p>\n<ol>\n<li>FOPH: Estrategia Resistencia a los Antibi\u00f3ticos en el Sector Humano, www.bag.admin.ch\/bag\/de\/home\/strategie-und-politik\/nationale-gesundheitsstrategien\/strategie-antibiotikaresistenzen-schweiz.html&nbsp;(\u00faltima consulta 21.12.2021)<\/li>\n<li>ANRESIS, www.anresis.ch\/de (\u00faltimo acceso 21.12.2021)<\/li>\n<li>Renggli L, et al.: La lucha contra la resistencia a los antibi\u00f3ticos en Suiza. Atenci\u00f3n Primaria y Hospitalaria &#8211; Medicina Interna General 2020; 20(11): 352-355.<\/li>\n<li>Knight GM, EL Budd, Lindsay JA: Grandes elementos gen\u00e9ticos m\u00f3viles portadores de genes de resistencia que no confieren una carga de aptitud en el Staphylococcus aureus resistente a la meticilina asociado a la asistencia sanitaria. Microbiolog\u00eda 2013; 159(Pt 8): 1661-1672.<\/li>\n<li>Landelle C, K Marimuthu, S Harbarth: Medidas de control de la infecci\u00f3n para disminuir la carga de la resistencia antimicrobiana en el entorno de cuidados cr\u00edticos. Curr Opin Crit Care 2014; 20(5): 499-506.<\/li>\n<li>Tarr P: Infecciones comunes y los antibi\u00f3ticos m\u00e1s importantes en la pr\u00e1ctica. Prof. Philip Tarr, MD, Foro para la Educaci\u00f3n M\u00e9dica Continua, 17.11.2021<\/li>\n<li>Schwenke J, Schaub R, Tarr P: Actualizaci\u00f3n de la resistencia a los antibi\u00f3ticos 2018 para la consulta. Atenci\u00f3n Primaria y Hospitalaria 2018, DOI:10.4414\/PHC-D.2018.01839<\/li>\n<li>Global Antibiotic Research &amp; Development Partnership (GARDP), https:\/\/gardp.org\/uploads\/2020\/05\/GARDP-brochure-2020-de.pdf (\u00faltima consulta: 21.12.21)<\/li>\n<li>ESCMID, www.escmid.org (\u00faltima consulta: 21.12.21)<\/li>\n<li>Sociedad Suiza de Enfermedades Infecciosas, https:\/\/ssi.guidelines.ch, (\u00faltima consulta: 21.12.21)<\/li>\n<li>Agencia Europea de Medicamentos (EMA), www.ema.europa.eu\/en\/documents\/press-release\/fluoroquinolone-quinolone-antibiotics-prac-recommends-restrictions-use_en.pdf, (\u00faltima consulta: 21.12.21)<\/li>\n<li>Gasser M, Schrenzel J, Kronenberg A: &#8220;Desarrollo actual de la resistencia a los antibi\u00f3ticos en Suiza&#8221;, Swiss Med Forum 2018; 18(46): 943-949. https:\/\/medicalforum.ch\/de\/detail\/doi\/smf.2018.03404 (\u00faltima consulta: 21.12.21)<\/li>\n<li>Sociedad Suiza de Enfermedades Infecciosas, Pharyngitis-Guidelines, https:\/\/ssi.guidelines.ch\/guideline\/2408, (\u00faltima consulta: 21.12.21)<\/li>\n<li>Asociaci\u00f3n de M\u00e9dicos Cantonales de Suiza, www.vks-amcs.ch\/fileadmin\/docs\/public\/vks\/Schulausschluss__def_20200505_d.pdf (\u00faltima consulta: 21.12.21)<\/li>\n<li>Llewelyn MJ, et al: El curso antibi\u00f3tico ha tenido su d\u00eda. BMJ 2017 Jul 26; 358:j3418.<\/li>\n<li>Organizaci\u00f3n Mundial de la Salud (OMS), www.who.int\/news-room\/fact-sheets\/detail\/antibiotic-resistance (\u00faltima consulta: 21.12.21)<\/li>\n<\/ol>\n<p>&nbsp;<\/p>\n<p><em>PR\u00c1CTICA GP 2022; 17(1): 44-45<\/em><\/p>\n","protected":false},"excerpt":{"rendered":"<p>Los antibi\u00f3ticos son un pilar muy importante de la medicina moderna para la profilaxis y el control de las infecciones bacterianas. Pero si se utiliza con demasiada frecuencia o durante&hellip;<\/p>\n","protected":false},"author":7,"featured_media":115600,"comment_status":"closed","ping_status":"","sticky":false,"template":"","format":"standard","meta":{"_acf_changed":false,"pmpro_default_level":"","cat_1_feature_home_top":false,"cat_2_editor_pick":false,"csco_eyebrow_text":"Enfermedades infecciosas: informaci\u00f3n \u00fatil para el m\u00e9dico generalista  ","footnotes":""},"category":[11483,11408,11372,11288,11430,11552],"tags":[17276,12275,17272],"powerkit_post_featured":[],"class_list":["post-326621","post","type-post","status-publish","format-standard","has-post-thumbnail","category-el-congreso-informa","category-farmacologia-y-toxicologia","category-infectologia","category-medicina-interna-general","category-prevencion-y-asistencia-sanitaria","category-rx-es","tag-antibiosis-es","tag-antibioticos-es","tag-resistencias-es","pmpro-has-access"],"acf":[],"publishpress_future_action":{"enabled":false,"date":"2026-05-03 12:43:29","action":"change-status","newStatus":"draft","terms":[],"taxonomy":"category","extraData":[]},"publishpress_future_workflow_manual_trigger":{"enabledWorkflows":[]},"wpml_current_locale":"es_ES","wpml_translations":[],"_links":{"self":[{"href":"https:\/\/medizinonline.com\/es\/wp-json\/wp\/v2\/posts\/326621","targetHints":{"allow":["GET"]}}],"collection":[{"href":"https:\/\/medizinonline.com\/es\/wp-json\/wp\/v2\/posts"}],"about":[{"href":"https:\/\/medizinonline.com\/es\/wp-json\/wp\/v2\/types\/post"}],"author":[{"embeddable":true,"href":"https:\/\/medizinonline.com\/es\/wp-json\/wp\/v2\/users\/7"}],"replies":[{"embeddable":true,"href":"https:\/\/medizinonline.com\/es\/wp-json\/wp\/v2\/comments?post=326621"}],"version-history":[{"count":0,"href":"https:\/\/medizinonline.com\/es\/wp-json\/wp\/v2\/posts\/326621\/revisions"}],"wp:featuredmedia":[{"embeddable":true,"href":"https:\/\/medizinonline.com\/es\/wp-json\/wp\/v2\/media\/115600"}],"wp:attachment":[{"href":"https:\/\/medizinonline.com\/es\/wp-json\/wp\/v2\/media?parent=326621"}],"wp:term":[{"taxonomy":"category","embeddable":true,"href":"https:\/\/medizinonline.com\/es\/wp-json\/wp\/v2\/category?post=326621"},{"taxonomy":"post_tag","embeddable":true,"href":"https:\/\/medizinonline.com\/es\/wp-json\/wp\/v2\/tags?post=326621"},{"taxonomy":"powerkit_post_featured","embeddable":true,"href":"https:\/\/medizinonline.com\/es\/wp-json\/wp\/v2\/powerkit_post_featured?post=326621"}],"curies":[{"name":"wp","href":"https:\/\/api.w.org\/{rel}","templated":true}]}}