{"id":327182,"date":"2021-12-10T09:34:08","date_gmt":"2021-12-10T08:34:08","guid":{"rendered":"https:\/\/medizinonline.com\/actualizacion-de-las-recomendaciones-eticas-clinicas-para-la-priorizacion-y-el-triaje-en-covid-19\/"},"modified":"2021-12-10T09:34:08","modified_gmt":"2021-12-10T08:34:08","slug":"actualizacion-de-las-recomendaciones-eticas-clinicas-para-la-priorizacion-y-el-triaje-en-covid-19","status":"publish","type":"post","link":"https:\/\/medizinonline.com\/es\/actualizacion-de-las-recomendaciones-eticas-clinicas-para-la-priorizacion-y-el-triaje-en-covid-19\/","title":{"rendered":"Actualizaci\u00f3n de las recomendaciones \u00e9ticas cl\u00ednicas para la priorizaci\u00f3n y el triaje en COVID-19"},"content":{"rendered":"<p><strong>En vista del fuerte aumento de pacientes de COVID-19 con cursos graves de la enfermedad, los m\u00e9dicos de urgencias y de cuidados intensivos, as\u00ed como otras disciplinas del sistema sanitario, se enfrentan actualmente a decisiones dif\u00edciles: \u00bfC\u00f3mo deben distribuirse los recursos disponibles de forma que se beneficie el mayor n\u00famero posible de pacientes necesitados? Ahora que est\u00e1n surgiendo nuevos aspectos en el debate, sobre todo como consecuencia de la vacunaci\u00f3n, expertos de siete sociedades profesionales han actualizado la &#8220;Gu\u00eda sobre priorizaci\u00f3n y triaje en situaciones de escasez aguda de recursos&#8221; publicada en la primavera de 2020.<\/strong><\/p>\n<p> <!--more--> <\/p>\n<p><span style=\"color:rgb(34, 34, 34); font-family:helvetica neue,helveticaneue,helvetica,arial,lucida grande,sans-serif\">Los puntos m\u00e1s importantes se refieren a la igualdad de trato de los pacientes vacunados y no vacunados en la atenci\u00f3n sanitaria, as\u00ed como a la observancia del principio de igualdad a la hora de aumentar los recursos en favor de la atenci\u00f3n de los pacientes con COVID-19.<\/span><\/p>\n<p><strong><span style=\"color:rgb(34, 34, 34); font-family:helvetica neue,helveticaneue,helvetica,arial,lucida grande,sans-serif\">La falta de vacunaci\u00f3n no es motivo para limitar la asistencia sanitaria&nbsp;<\/span><\/strong><\/p>\n<p><span style=\"color:rgb(34, 34, 34); font-family:helvetica neue,helveticaneue,helvetica,arial,lucida grande,sans-serif\">En el debate p\u00fablico de las \u00faltimas semanas, se ha propuesto repetidamente utilizar el estado de vacunaci\u00f3n como criterio de decisi\u00f3n para establecer prioridades cuando los fondos son escasos. La frustraci\u00f3n de que algunas personas renuncien a una vacunaci\u00f3n eficaz es comprensible, sobre todo por la enorme carga que supone para quienes trabajan en el sistema sanitario, afirma el profesor Uwe Janssens, ex presidente de la DIVI y jefe del grupo de trabajo sobre \u00e9tica. Sin embargo, las sociedades profesionales han aclarado en la directriz actualizada que la falta de vacunaci\u00f3n no puede ser un criterio leg\u00edtimo para las decisiones de triaje.<\/span><br \/>\n<span style=\"color:rgb(34, 34, 34); font-family:helvetica neue,helveticaneue,helvetica,arial,lucida grande,sans-serif\">&#8220;El deber de socorro en el sistema sanitario existe en caso de enfermedades potencialmente mortales, independientemente del desencadenante o del comportamiento precedente del paciente necesitado&#8221;, resume Janssens la posici\u00f3n de la directriz.&nbsp;<\/span><\/p>\n<p><span style=\"color:rgb(34, 34, 34); font-family:helvetica neue,helveticaneue,helvetica,arial,lucida grande,sans-serif\">El profesor Georg Marckmann, especialista en \u00e9tica m\u00e9dica y presidente de la Academia de \u00c9tica M\u00e9dica, a\u00f1ade que el derecho a las prestaciones en nuestro sistema sanitario solidario no se hace depender de criterios como la &#8220;autoculpabilidad&#8221; o la &#8220;responsabilidad personal&#8221; por buenas razones \u00e9ticas. En primer lugar, en los casos individuales no suele ser posible demostrar con suficiente certeza que la enfermedad se debe causalmente a un comportamiento del paciente perjudicial para la salud. En segundo lugar, el comportamiento no suele basarse en una decisi\u00f3n libre, autodeterminada y, por tanto, responsable. En tercer lugar, faltan normas generalmente aceptadas sobre las acciones autoinfligidas y libremente elegidas que ponen en peligro la salud de las que el individuo debe responsabilizarse y en qu\u00e9 medida. Esto se aplica no s\u00f3lo a la obesidad, el tabaquismo o los deportes de riesgo, sino tambi\u00e9n a la decisi\u00f3n de no vacunarse contra el SRAS-CoV-2. Por lo tanto, priorizar los escasos recursos m\u00e9dicos agudos en funci\u00f3n del estado de vacunaci\u00f3n no es aceptable.<\/span><\/p>\n<p><strong><span style=\"color:rgb(34, 34, 34); font-family:helvetica neue,helveticaneue,helvetica,arial,lucida grande,sans-serif\">Crear recursos para los pacientes COVID-19, garantizar la igualdad de trato a los dem\u00e1s pacientes<\/span><\/strong><\/p>\n<p><span style=\"color:rgb(34, 34, 34); font-family:helvetica neue,helveticaneue,helvetica,arial,lucida grande,sans-serif\">El segundo cambio importante de la directriz pretende abordar la base \u00e9tica cl\u00ednica de la asignaci\u00f3n de recursos a la luz de la mayor necesidad de pacientes con COVID-19. Si se pone de manifiesto una escasez de recursos, los hospitales deben reducir las operaciones regulares para proporcionar capacidad al creciente n\u00famero de pacientes en estado cr\u00edtico con COVID-19. Para ello, primero deben posponerse los tratamientos cuando no quepa esperar un deterioro del pron\u00f3stico, da\u00f1os irreversibles para la salud o incluso la muerte prematura debido al retraso.<\/span><\/p>\n<p><span style=\"color:rgb(34, 34, 34); font-family:helvetica neue,helveticaneue,helvetica,arial,lucida grande,sans-serif\">En caso de que tambi\u00e9n sea necesaria una mayor ampliaci\u00f3n de las capacidades de tratamiento para los pacientes con COVID-19, debe tenerse en cuenta que los pacientes con otras enfermedades no se vean perjudicados en comparaci\u00f3n con los pacientes con COVID-19, subraya el m\u00e9dico y especialista en \u00e9tica m\u00e9dica, el Prof. Schildmann, coautor de la directriz. Debe garantizarse la igualdad de trato a todos los pacientes que deban ser atendidos, incluso en caso de escasez de recursos. Los efectos negativos para la salud debidos a las restricciones deben reducirse al m\u00ednimo. Los pacientes y sus familiares ser\u00e1n informados de forma transparente sobre las razones de cualquier limitaci\u00f3n en la asistencia y los efectos sobre la salud que puedan estar asociados a ellas.<\/span><\/p>\n<p>&nbsp;<\/p>\n<h3 id=\"para-mas-informacion\">Para m\u00e1s informaci\u00f3n:<\/h3>\n<p><a href=\"https:\/\/www.divi.de\/presse\/pressemeldungen\/pm-intensiv-und-notfallmediziner-aktualisieren-klinisch-ethische-empfehlungen-zur-priorisierung-und-triage-bei-covid-19\" style=\"box-sizing: border-box; color: rgb(27, 123, 69); text-decoration: none; line-height: inherit; outline: none 0px;\" target=\"_blank\" rel=\"noopener\"><span style=\"color:#000000\">https:\/\/www.divi.de\/presse\/pressemeldungen\/pm-intensiv-und-notfallmediziner-aktu&#8230;<\/span><\/a><\/p>\n","protected":false},"excerpt":{"rendered":"<p>En vista del fuerte aumento de pacientes de COVID-19 con cursos graves de la enfermedad, los m\u00e9dicos de urgencias y de cuidados intensivos, as\u00ed como otras disciplinas del sistema sanitario,&hellip;<\/p>\n","protected":false},"author":16,"featured_media":114370,"comment_status":"closed","ping_status":"","sticky":false,"template":"","format":"standard","meta":{"_acf_changed":false,"pmpro_default_level":"","cat_1_feature_home_top":false,"cat_2_editor_pick":false,"csco_eyebrow_text":"Medicina intensiva y de urgencias","footnotes":""},"category":[11341,11289,11552],"tags":[],"powerkit_post_featured":[],"class_list":["post-327182","post","type-post","status-publish","format-standard","has-post-thumbnail","category-anestesiologia","category-medicina-de-urgencias-y-cuidados-intensivos","category-rx-es","pmpro-has-access"],"acf":[],"publishpress_future_action":{"enabled":false,"date":"2026-05-06 21:43:53","action":"change-status","newStatus":"draft","terms":[],"taxonomy":"category","extraData":[]},"publishpress_future_workflow_manual_trigger":{"enabledWorkflows":[]},"wpml_current_locale":"es_ES","wpml_translations":[],"_links":{"self":[{"href":"https:\/\/medizinonline.com\/es\/wp-json\/wp\/v2\/posts\/327182","targetHints":{"allow":["GET"]}}],"collection":[{"href":"https:\/\/medizinonline.com\/es\/wp-json\/wp\/v2\/posts"}],"about":[{"href":"https:\/\/medizinonline.com\/es\/wp-json\/wp\/v2\/types\/post"}],"author":[{"embeddable":true,"href":"https:\/\/medizinonline.com\/es\/wp-json\/wp\/v2\/users\/16"}],"replies":[{"embeddable":true,"href":"https:\/\/medizinonline.com\/es\/wp-json\/wp\/v2\/comments?post=327182"}],"version-history":[{"count":0,"href":"https:\/\/medizinonline.com\/es\/wp-json\/wp\/v2\/posts\/327182\/revisions"}],"wp:featuredmedia":[{"embeddable":true,"href":"https:\/\/medizinonline.com\/es\/wp-json\/wp\/v2\/media\/114370"}],"wp:attachment":[{"href":"https:\/\/medizinonline.com\/es\/wp-json\/wp\/v2\/media?parent=327182"}],"wp:term":[{"taxonomy":"category","embeddable":true,"href":"https:\/\/medizinonline.com\/es\/wp-json\/wp\/v2\/category?post=327182"},{"taxonomy":"post_tag","embeddable":true,"href":"https:\/\/medizinonline.com\/es\/wp-json\/wp\/v2\/tags?post=327182"},{"taxonomy":"powerkit_post_featured","embeddable":true,"href":"https:\/\/medizinonline.com\/es\/wp-json\/wp\/v2\/powerkit_post_featured?post=327182"}],"curies":[{"name":"wp","href":"https:\/\/api.w.org\/{rel}","templated":true}]}}