{"id":327190,"date":"2021-12-10T09:26:06","date_gmt":"2021-12-10T08:26:06","guid":{"rendered":"https:\/\/medizinonline.com\/anos-de-tratamiento-y-cuidados-necesarios\/"},"modified":"2021-12-10T09:26:06","modified_gmt":"2021-12-10T08:26:06","slug":"anos-de-tratamiento-y-cuidados-necesarios","status":"publish","type":"post","link":"https:\/\/medizinonline.com\/es\/anos-de-tratamiento-y-cuidados-necesarios\/","title":{"rendered":"A\u00f1os de tratamiento y cuidados necesarios"},"content":{"rendered":"<p><strong>Tres de cada cuatro supervivientes de sepsis se ven afectados por nuevos trastornos de la memoria o enfermedades mentales o f\u00edsicas. Incluso en el grupo de menores de 40 a\u00f1os, m\u00e1s de la mitad de los supervivientes de sepsis la padecen. \u00c9stas son dos conclusiones de un an\u00e1lisis an\u00f3nimo de los datos de los seguros sanitarios que ahora publica la revista JAMA Network Open. El equipo de autores del Hospital Universitario de Jena, Charit\u00e9 &#8211; Universit\u00e4tsmedizin Berlin y el Instituto Cient\u00edfico de la AOK examina la frecuencia y los costes de las consecuencias sanitarias de la sepsis.<\/strong><\/p>\n<p> <!--more--> <\/p>\n<p><span style=\"color:rgb(34, 34, 34); font-family:helvetica neue,helveticaneue,helvetica,arial,lucida grande,sans-serif\">La ciencia m\u00e9dica define la sepsis como una disfunci\u00f3n org\u00e1nica peligrosa causada por una respuesta inmunitaria excesiva a una infecci\u00f3n. Esta afecci\u00f3n potencialmente mortal se produce cuando la respuesta del organismo a una infecci\u00f3n da\u00f1a sus propios tejidos de modo que \u00f3rganos como los ri\u00f1ones o el h\u00edgado dejan de funcionar. En todo el mundo, la sepsis es la principal causa de muerte relacionada con las infecciones. En Alemania, cada a\u00f1o se tratan 320.000 casos en el hospital, y la tasa de mortalidad hospitalaria es de aproximadamente el 25%, lo que resulta alarmantemente elevado. Seg\u00fan estudios recientes, la mayor\u00eda de las personas tratadas con COVID-19 grave tambi\u00e9n padecen sepsis.<\/span><\/p>\n<p><span style=\"color:rgb(34, 34, 34); font-family:helvetica neue,helveticaneue,helvetica,arial,lucida grande,sans-serif\">Los resultados de la investigaci\u00f3n del Centro de Sepsis y Consecuencias de la Sepsis (CSCC) del Hospital Universitario de Jena (UKJ) no s\u00f3lo han contribuido significativamente a la conexi\u00f3n en red de la investigaci\u00f3n b\u00e1sica orientada al paciente con la investigaci\u00f3n cl\u00ednica en el campo de la sepsis, sino que el centro tambi\u00e9n ha investigado las consecuencias a largo plazo y la rehabilitaci\u00f3n tras la grave enfermedad. En la actualidad se est\u00e1 creando aqu\u00ed un Centro Postcov\u00eddico interdisciplinar. Una cooperaci\u00f3n de la UKJ y la Charit\u00e9, financiada por el Comit\u00e9 Federal Conjunto con recursos del Fondo de Innovaci\u00f3n, ha analizado ahora las secuelas, los factores de riesgo, los cuidados y los costes de la sepsis junto con el Instituto Cient\u00edfico de la AOK.&nbsp;<\/span><\/p>\n<p><span style=\"color:rgb(34, 34, 34); font-family:helvetica neue,helveticaneue,helvetica,arial,lucida grande,sans-serif\">Para la evaluaci\u00f3n, el equipo del estudio pudo recurrir a los datos sanitarios anonimizados de m\u00e1s de 23 millones de asegurados de la AOK entre 2009 y 2017, que bien pueden representar al conjunto de la poblaci\u00f3n alemana. Entre ellos, el equipo identific\u00f3 a 159 684 asegurados mayores de 15 a\u00f1os que fueron hospitalizados por sepsis en una unidad de cuidados normales o intensivos en 2013 o 2014. Para ellos, se registraron tanto las enfermedades previas como los nuevos diagn\u00f3sticos que se produjeron en los tres a\u00f1os posteriores a la sepsis y el tratamiento y las necesidades de cuidados resultantes. &#8220;Busc\u00e1bamos nuevas alteraciones f\u00edsicas, mentales y cognitivas que se sabe que se producen como consecuencia de la sepsis, como enfermedades cardiovasculares, trastornos cognitivos o motores, s\u00edndrome de fatiga o depresi\u00f3n&#8221;, explica la Dra. Carolin Fleischmann-Struzek, directora del proyecto.&nbsp;<\/span><\/p>\n<p><span style=\"color:rgb(34, 34, 34); font-family:helvetica neue,helveticaneue,helvetica,arial,lucida grande,sans-serif\">S\u00f3lo en el primer a\u00f1o tras el alta, tres cuartas partes de los supervivientes de sepsis tuvieron un nuevo diagn\u00f3stico y m\u00e1s del 30% murieron en el primer a\u00f1o. Incluso en el grupo de personas menores de 40 a\u00f1os, m\u00e1s del 56% desarrollaron enfermedades secundarias en el primer a\u00f1o tras la enfermedad. La Prof. Dra. Christiane Hartog, investigadora de servicios sanitarios de la Cl\u00ednica de Anestesiolog\u00eda con especializaci\u00f3n en Medicina Intensiva Operatoria de la Charit\u00e9 y \u00faltima autora del estudio, subraya: &#8220;Las secuelas psicol\u00f3gicas, cognitivas y f\u00edsicas afectan a la mayor\u00eda de los supervivientes e incluso con frecuencia se presentan juntas, lo que supone una carga especial para los afectados. Sorprendentemente, apenas hay diferencia si la sepsis fue menos grave o tuvo que ser tratada en cuidados intensivos. Especialmente en lo que respecta al s\u00edndrome de secuelas infecciosas tras el covid-19, esto es de gran relevancia&#8221;.<\/span><\/p>\n<p><span style=\"color:rgb(34, 34, 34); font-family:helvetica neue,helveticaneue,helvetica,arial,lucida grande,sans-serif\">El equipo del estudio tambi\u00e9n analiz\u00f3 los gastos en que incurrieron los supervivientes en concepto de tratamiento hospitalario y ambulatorio, rehabilitaci\u00f3n, remedios y medicaci\u00f3n. Sit\u00faa los costes de tratamiento por caso en los tres primeros a\u00f1os tras la enfermedad en 29.000 euros. Esto no incluye los costes de emergencia y transporte, ayudas, costes de cuidados y costes indirectos como la p\u00e9rdida de trabajo. M\u00e1s del 30% de los supervivientes de sepsis requirieron cuidados de enfermer\u00eda en el a\u00f1o posterior al alta hospitalaria, y m\u00e1s del 13% necesitaron nuevos cuidados en una residencia tras un curso grave. El equipo de autores tambi\u00e9n afirma en su estudio que apenas existen medidas de seguimiento adaptadas. S\u00f3lo el 5% de los supervivientes de sepsis fueron dados de alta a un centro de rehabilitaci\u00f3n. &#8220;La sepsis tiene consecuencias masivas y duraderas, tanto para los supervivientes y sus familiares como para el sistema sanitario. Por eso se necesitan conceptos de cuidados posteriores espec\u00edficos para la sepsis&#8221;, subraya Carolin Fleischmann-Struzek.<\/span><\/p>\n<p>&nbsp;<\/p>\n<h3 id=\"publicacion-original\">Publicaci\u00f3n original:<\/h3>\n<p>Fleischmann-Struzek C, et al. Epidemiolog\u00eda y costes de la morbilidad, la dependencia de cuidados de enfermer\u00eda y la mortalidad post-epsis en Alemania, de 2013 a 2017. JAMA Netw Open. 2021;4(11):e2134290. doi:10.1001\/jamanetworkopen.2021.34290&nbsp;<a href=\"https:\/\/jamanetwork.com\/journals\/jamanetworkopen\/fullarticle\/2786030\" style=\"box-sizing: border-box; color: rgb(27, 123, 69); text-decoration: none; line-height: inherit; outline: none 0px;\" target=\"_new\" rel=\"noopener\"><span style=\"color:#000000\">https:\/\/jamanetwork.com\/journals\/jamanetworkopen\/fullarticle\/2786030<\/span><\/a><\/p>\n","protected":false},"excerpt":{"rendered":"<p>Tres de cada cuatro supervivientes de sepsis se ven afectados por nuevos trastornos de la memoria o enfermedades mentales o f\u00edsicas. Incluso en el grupo de menores de 40 a\u00f1os,&hellip;<\/p>\n","protected":false},"author":16,"featured_media":114365,"comment_status":"closed","ping_status":"","sticky":false,"template":"","format":"standard","meta":{"_acf_changed":false,"pmpro_default_level":"","cat_1_feature_home_top":false,"cat_2_editor_pick":false,"csco_eyebrow_text":"Secuelas a largo plazo de la sepsis","footnotes":""},"category":[11341,11289,11552],"tags":[],"powerkit_post_featured":[],"class_list":["post-327190","post","type-post","status-publish","format-standard","has-post-thumbnail","category-anestesiologia","category-medicina-de-urgencias-y-cuidados-intensivos","category-rx-es","pmpro-has-access"],"acf":[],"publishpress_future_action":{"enabled":false,"date":"2026-05-07 00:32:14","action":"change-status","newStatus":"draft","terms":[],"taxonomy":"category","extraData":[]},"publishpress_future_workflow_manual_trigger":{"enabledWorkflows":[]},"wpml_current_locale":"es_ES","wpml_translations":[],"_links":{"self":[{"href":"https:\/\/medizinonline.com\/es\/wp-json\/wp\/v2\/posts\/327190","targetHints":{"allow":["GET"]}}],"collection":[{"href":"https:\/\/medizinonline.com\/es\/wp-json\/wp\/v2\/posts"}],"about":[{"href":"https:\/\/medizinonline.com\/es\/wp-json\/wp\/v2\/types\/post"}],"author":[{"embeddable":true,"href":"https:\/\/medizinonline.com\/es\/wp-json\/wp\/v2\/users\/16"}],"replies":[{"embeddable":true,"href":"https:\/\/medizinonline.com\/es\/wp-json\/wp\/v2\/comments?post=327190"}],"version-history":[{"count":0,"href":"https:\/\/medizinonline.com\/es\/wp-json\/wp\/v2\/posts\/327190\/revisions"}],"wp:featuredmedia":[{"embeddable":true,"href":"https:\/\/medizinonline.com\/es\/wp-json\/wp\/v2\/media\/114365"}],"wp:attachment":[{"href":"https:\/\/medizinonline.com\/es\/wp-json\/wp\/v2\/media?parent=327190"}],"wp:term":[{"taxonomy":"category","embeddable":true,"href":"https:\/\/medizinonline.com\/es\/wp-json\/wp\/v2\/category?post=327190"},{"taxonomy":"post_tag","embeddable":true,"href":"https:\/\/medizinonline.com\/es\/wp-json\/wp\/v2\/tags?post=327190"},{"taxonomy":"powerkit_post_featured","embeddable":true,"href":"https:\/\/medizinonline.com\/es\/wp-json\/wp\/v2\/powerkit_post_featured?post=327190"}],"curies":[{"name":"wp","href":"https:\/\/api.w.org\/{rel}","templated":true}]}}