{"id":327959,"date":"2021-09-16T11:30:00","date_gmt":"2021-09-16T09:30:00","guid":{"rendered":"https:\/\/medizinonline.com\/abordar-un-fenomeno-que-ha-dejado-de-ser-tabu\/"},"modified":"2021-09-16T11:30:00","modified_gmt":"2021-09-16T09:30:00","slug":"abordar-un-fenomeno-que-ha-dejado-de-ser-tabu","status":"publish","type":"post","link":"https:\/\/medizinonline.com\/es\/abordar-un-fenomeno-que-ha-dejado-de-ser-tabu\/","title":{"rendered":"Abordar un fen\u00f3meno que ha dejado de ser tab\u00fa"},"content":{"rendered":"<p><strong>Transexualidad, tansg\u00e9nero, transidentidad son t\u00e9rminos que se leen y escuchan cada vez con m\u00e1s frecuencia en los \u00faltimos meses. Hasta hace poco,&nbsp;se declaraba un trastorno mental, pero ahora se busca un enfoque m\u00e1s (auto)comprensible. Esta percepci\u00f3n del g\u00e9nero de las personas como no puramente binario permite una gama de identidades de g\u00e9nero y requiere una nueva forma de pensar.<\/strong><\/p>\n<p> <!--more--> <\/p>\n<p>Hasta el cambio de milenio, el t\u00e9rmino &#8220;trans&#8221; segu\u00eda utiliz\u00e1ndose de forma despectiva y peyorativa para referirse a las personas cuya filiaci\u00f3n de g\u00e9nero no pod\u00eda asignarse con claridad. Afortunadamente, muchas cosas han cambiado desde entonces. Sin embargo, todav\u00eda no es f\u00e1cil seguir la pista y asignar las numerosas nuevas impresiones y denominaciones. B\u00e1sicamente, hay que distinguir entre identidad de g\u00e9nero y orientaci\u00f3n sexual. Uno describe qui\u00e9n es usted, el otro a qui\u00e9n ama, tal y como lo resume el Dr. Rahul Gupta, de Graub\u00fcnden. Puede presentarse de forma a\u00fan m\u00e1s diferenciada si se distingue entre identidad, orientaci\u00f3n, expresi\u00f3n y sexo biol\u00f3gico<span style=\"font-family:franklin gothic demi\"> (Fig.&nbsp;1) <\/span>.  <\/p>\n<p>En una encuesta holandesa en l\u00ednea con 8064 participantes, el 4,6% de los hombres y el 3,2% de las mujeres se describieron a s\u00ed mismos como ambivalentes y\/o incongruentes hacia su propio g\u00e9nero. Esto corresponde a una prevalencia del 1,1% y del 0,8% respectivamente. En un estudio belga, las prevalencias fueron del 2,2% y el 1,9%, respectivamente.<\/p>\n<h2 id=\"\">&nbsp;<\/h2>\n<h2 id=\"-2\"><img fetchpriority=\"high\" decoding=\"async\" class=\" size-full wp-image-17128\" alt=\"\" src=\"https:\/\/medizinonline.com\/wp-content\/uploads\/2021\/09\/abb1_np4_s21.png\" style=\"height:424px; width:600px\" width=\"1100\" height=\"778\"><\/h2>\n<p><span style=\"font-size:12px\"><em>www.trans-kinder-netz.de\/erklaerungshilfe.html<\/em><\/span><\/p>\n<p>&nbsp;<\/p>\n<p>&nbsp;<\/p>\n<h2 id=\"directrices-y-su-enfoque-de-la-transexualidad\">Directrices y su enfoque de la transexualidad<\/h2>\n<p>En la CIE-10, el transexualismo segu\u00eda clasific\u00e1ndose como un trastorno de la identidad de g\u00e9nero y, por tanto, se declaraba un trastorno mental. En la clasificaci\u00f3n posterior, que entrar\u00e1 en vigor a principios de 2022, se ha revisado este aspecto. El t\u00e9rmino &#8220;incongruencia de g\u00e9nero&#8221; pretende expresar la discrepancia entre el g\u00e9nero y el g\u00e9nero de asignaci\u00f3n y sustituye a la terminolog\u00eda anterior. En su 4\u00aa edici\u00f3n, el Manual diagn\u00f3stico y estad\u00edstico de los trastornos mentales (DSM) introdujo el t\u00e9rmino &#8220;trastorno de identidad de g\u00e9nero&#8221; en lugar de &#8220;transexualismo&#8221; y lo asign\u00f3 a la categor\u00eda &#8220;trastornos sexuales y de identidad de g\u00e9nero&#8221;. El DSM-5 sustituy\u00f3 finalmente el t\u00e9rmino &#8220;trastorno de identidad de g\u00e9nero&#8221; por &#8220;disforia de g\u00e9nero&#8221; y ya no considera la identidad trans en s\u00ed misma como un trastorno mental, sino el sufrimiento causado por la incongruencia entre el sexo biol\u00f3gico y la identidad de g\u00e9nero. Esto representa un paso importante hacia la despatologizaci\u00f3n sin el riesgo de que el seguro de enfermedad deje de proporcionar prestaciones. Un acto de equilibrio que intenta hacer justicia a todos los aspectos. Ya en 2002 se hicieron llamamientos para que la psiquiatr\u00eda se distanciara del concepto patol\u00f3gico del transexualismo y lo considerara una variante de la norma.<\/p>\n<p>La directriz S3 Incongruencia de g\u00e9nero, disforia de g\u00e9nero y salud trans se\u00f1ala que el acceso limitado al sistema sanitario, el estigma y la discriminaci\u00f3n se asocian a importantes riesgos para la salud. Por lo tanto, debe garantizarse a quienes busquen tratamiento un acceso sin restricciones a la asistencia sanitaria. Esto incluye tambi\u00e9n apoyo psicosocial, asesoramiento y, si es necesario, psicoterapia para poder afrontar y superar las consecuencias de la negatividad trans y la hostilidad trans y prevenir trastornos mentales secundarios.<\/p>\n<p>&nbsp;<\/p>\n<p><img decoding=\"async\" class=\"size-full wp-image-17129 lazyload\" alt=\"\" data-src=\"https:\/\/medizinonline.com\/wp-content\/uploads\/2021\/09\/ubersicht1-np4_s21.png\" style=\"--smush-placeholder-width: 1100px; --smush-placeholder-aspect-ratio: 1100\/292;height:159px; width:600px\" width=\"1100\" height=\"292\" src=\"data:image\/svg+xml;base64,PHN2ZyB3aWR0aD0iMSIgaGVpZ2h0PSIxIiB4bWxucz0iaHR0cDovL3d3dy53My5vcmcvMjAwMC9zdmciPjwvc3ZnPg==\"><\/p>\n<p>&nbsp;<\/p>\n<p>El diagn\u00f3stico debe abarcar tambi\u00e9n aspectos psicol\u00f3gicos, f\u00edsicos, sociales y culturales y conducir a una visi\u00f3n hol\u00edstica de la persona que busca tratamiento. La historia debe registrar si la incongruencia de g\u00e9nero y\/o la disforia de g\u00e9nero han sido constantes durante al menos unos meses, son transitorias o intermitentes. Tampoco deben despreciarse las comorbilidades, que han demostrado en estudios cl\u00ednicos tener tasas de prevalencia elevadas <span style=\"font-family:franklin gothic demi\">(Visi\u00f3n general 1)<\/span>.<\/p>\n<p>\n<em><span style=\"font-size:11px\"><br \/>\n  <span style=\"font-family:verdana,geneva,sans-serif\">Congreso:&nbsp;<\/span><br \/>\n<\/span>Actualizaci\u00f3n del FomF<\/em><\/p>\n<p><span style=\"font-size:11px\"><span style=\"font-family:verdana,geneva,sans-serif\"><em>InFo NEUROLOGY &amp; PSYCHIATRY 2021; 19(4): 21 (publicado el 20.8.21, antes de impresi\u00f3n).<\/em><\/span><\/span><\/p>\n","protected":false},"excerpt":{"rendered":"<p>Transexualidad, tansg\u00e9nero, transidentidad son t\u00e9rminos que se leen y escuchan cada vez con m\u00e1s frecuencia en los \u00faltimos meses. Hasta hace poco,&nbsp;se declaraba un trastorno mental, pero ahora se busca&hellip;<\/p>\n","protected":false},"author":7,"featured_media":111005,"comment_status":"closed","ping_status":"","sticky":false,"template":"","format":"standard","meta":{"_acf_changed":false,"pmpro_default_level":"","cat_1_feature_home_top":false,"cat_2_editor_pick":false,"csco_eyebrow_text":"Transexualidad","footnotes":""},"category":[11483,11475,11288,11402,11435,11552],"tags":[19488,19486,12658],"powerkit_post_featured":[],"class_list":["post-327959","post","type-post","status-publish","format-standard","has-post-thumbnail","category-el-congreso-informa","category-estudios","category-medicina-interna-general","category-pediatria","category-psiquiatria-y-psicoterapia","category-rx-es","tag-identidad-trans","tag-transexualidad","tag-transgenero-es","pmpro-has-access"],"acf":[],"publishpress_future_action":{"enabled":false,"date":"2026-05-09 07:17:25","action":"change-status","newStatus":"draft","terms":[],"taxonomy":"category","extraData":[]},"publishpress_future_workflow_manual_trigger":{"enabledWorkflows":[]},"wpml_current_locale":"es_ES","wpml_translations":[],"_links":{"self":[{"href":"https:\/\/medizinonline.com\/es\/wp-json\/wp\/v2\/posts\/327959","targetHints":{"allow":["GET"]}}],"collection":[{"href":"https:\/\/medizinonline.com\/es\/wp-json\/wp\/v2\/posts"}],"about":[{"href":"https:\/\/medizinonline.com\/es\/wp-json\/wp\/v2\/types\/post"}],"author":[{"embeddable":true,"href":"https:\/\/medizinonline.com\/es\/wp-json\/wp\/v2\/users\/7"}],"replies":[{"embeddable":true,"href":"https:\/\/medizinonline.com\/es\/wp-json\/wp\/v2\/comments?post=327959"}],"version-history":[{"count":0,"href":"https:\/\/medizinonline.com\/es\/wp-json\/wp\/v2\/posts\/327959\/revisions"}],"wp:featuredmedia":[{"embeddable":true,"href":"https:\/\/medizinonline.com\/es\/wp-json\/wp\/v2\/media\/111005"}],"wp:attachment":[{"href":"https:\/\/medizinonline.com\/es\/wp-json\/wp\/v2\/media?parent=327959"}],"wp:term":[{"taxonomy":"category","embeddable":true,"href":"https:\/\/medizinonline.com\/es\/wp-json\/wp\/v2\/category?post=327959"},{"taxonomy":"post_tag","embeddable":true,"href":"https:\/\/medizinonline.com\/es\/wp-json\/wp\/v2\/tags?post=327959"},{"taxonomy":"powerkit_post_featured","embeddable":true,"href":"https:\/\/medizinonline.com\/es\/wp-json\/wp\/v2\/powerkit_post_featured?post=327959"}],"curies":[{"name":"wp","href":"https:\/\/api.w.org\/{rel}","templated":true}]}}