{"id":328388,"date":"2021-08-07T02:00:00","date_gmt":"2021-08-07T00:00:00","guid":{"rendered":"https:\/\/medizinonline.com\/de-donde-procede-realmente-el-nombre-sindrome-de-sezary\/"},"modified":"2021-08-07T02:00:00","modified_gmt":"2021-08-07T00:00:00","slug":"de-donde-procede-realmente-el-nombre-sindrome-de-sezary","status":"publish","type":"post","link":"https:\/\/medizinonline.com\/es\/de-donde-procede-realmente-el-nombre-sindrome-de-sezary\/","title":{"rendered":"\u00bfDe d\u00f3nde procede realmente el nombre &#8220;s\u00edndrome de S\u00e9zary&#8221;?"},"content":{"rendered":"<p><strong>Como linfoma cut\u00e1neo de c\u00e9lulas T de curso eritrod\u00e9rmico, el s\u00edndrome de S\u00e9zary es una entidad poco frecuente. Sin embargo, esta enfermedad de pron\u00f3stico desfavorable ya ha llamado la atenci\u00f3n de la mayor\u00eda de los m\u00e9dicos, al menos en teor\u00eda. Esto puede deberse tanto al pegadizo cuadro cl\u00ednico como al nombre propio. Pero, \u00bfde d\u00f3nde procede realmente?<\/strong><\/p>\n<p> <!--more--> <\/p>\n<p>En 1938, un paciente con sobrepeso se present\u00f3 en el <em>H\u00f4pital Saint-Louis <\/em>de Par\u00eds con fuertes picores y un impresionante enrojecimiento escamoso de la piel. La enfermedad se hab\u00eda extendido desde la parte superior de la espalda a todo el cuerpo durante cinco meses. Un examen m\u00e1s detallado tambi\u00e9n revel\u00f3 ganglios linf\u00e1ticos inguinales inflamados. El profesor de dermatolog\u00eda Albert S\u00e9zary, que entonces ten\u00eda 58 a\u00f1os, se enfrent\u00f3 a su primer caso del s\u00edndrome que m\u00e1s tarde llevar\u00eda su nombre. En biopsias de piel y muestras de sangre de su paciente, descubri\u00f3 c\u00e9lulas gigantes inusuales &#8211; &#8220;cellules monstreuses&#8221; &#8211; con n\u00facleos que casi llenaban todo el cuerpo celular. Ya hab\u00eda observado c\u00e9lulas similares en la piel de pacientes con micosis fungoide, pero no en la sangre. S\u00e9zary anot\u00f3 el caso.<\/p>\n<p>S\u00f3lo un mes m\u00e1s tarde, se produjo la segunda descripci\u00f3n de un cuadro cl\u00ednico similar, esta vez de una paciente de 69 a\u00f1os en condiciones extremadamente precarias. S\u00e9zary propuso &#8220;paramicosis h\u00e9motrope&#8221; como nombre para la entidad reci\u00e9n descubierta, en referencia a la micosis fungoide, aparentemente relacionada. En 1942, el dermat\u00f3logo escribi\u00f3 otra descripci\u00f3n de un caso y en 1949 -tras el fin de la agitaci\u00f3n de la Segunda Guerra Mundial- un tratado m\u00e1s detallado sobre la enfermedad con varias ilustraciones. Todos los pacientes hab\u00edan fallecido en los 40 meses siguientes a la presentaci\u00f3n inicial.<\/p>\n<h2 id=\"\">&nbsp;<\/h2>\n<h2 id=\"-2\"><img fetchpriority=\"high\" decoding=\"async\" class=\" size-full wp-image-16729\" alt=\"\" src=\"https:\/\/medizinonline.com\/wp-content\/uploads\/2021\/08\/abb1_oh3_s30.png\" style=\"height:510px; width:400px\" width=\"753\" height=\"960\"><\/h2>\n<h2 id=\"-3\">&nbsp;<\/h2>\n<h2 id=\"una-vida-para-la-medicina\">Una vida para la medicina<\/h2>\n<p>Sin embargo, la influencia de S\u00e9zary en la historia de la medicina va mucho m\u00e1s all\u00e1 de lo evidente, la primera descripci\u00f3n del s\u00edndrome de S\u00e9zary. As\u00ed, el m\u00e9dico dedic\u00f3 gran parte de su vida a investigar la s\u00edfilis y las enfermedades endocrinol\u00f3gicas, especialmente las de las gl\u00e1ndulas suprarrenales. En 1921 fue el primero en utilizar el tratamiento combinado con ars\u00e9nico y bismuto para la terapia de la s\u00edfilis. Tambi\u00e9n desempe\u00f1\u00f3 un papel importante en la introducci\u00f3n del estovarsol para el tratamiento de la neuros\u00edfilis, lo que supuso un avance significativo. Otras \u00e1reas de investigaci\u00f3n inclu\u00edan las pruebas de alergia cut\u00e1nea y las neoplasias del sistema reticuloendotelial, como las histiocitosis, que en aquella \u00e9poca se agrupaban bajo el t\u00e9rmino &#8220;reticulosis&#8221;.<\/p>\n<p>En total, S\u00e9zary public\u00f3 unos 830 escritos a lo largo de sus 75 a\u00f1os de vida. Su carrera cl\u00ednica comenz\u00f3 en medicina interna y neurolog\u00eda, primero en su ciudad natal de Argel (Argelia) y despu\u00e9s en Par\u00eds. A continuaci\u00f3n se pas\u00f3 a la dermatolog\u00eda. Entre otros cargos, S\u00e9zary fue jefe de servicio en <em>el H\u00f4pital Broca <\/em>y en<em> el H\u00f4pital Saint-Louis <\/em>de Par\u00eds. Fue profesor de dermatolog\u00eda y venereolog\u00eda en la Universidad de Par\u00eds desde 1927.<\/p>\n<p>Las dos guerras mundiales, que el m\u00e9dico nacido en 1880 vivi\u00f3 con toda su fuerza, dejaron profundas huellas en su vida. Mientras serv\u00eda en el cuerpo m\u00e9dico durante la Primera Guerra Mundial y era condecorado con la Orden al M\u00e9rito de la Legi\u00f3n de Honor en 1917, dirigi\u00f3 la cl\u00ednica dermatol\u00f3gica de Tours tras el estallido de la Segunda Guerra Mundial. All\u00ed, tras la ocupaci\u00f3n alemana, S\u00e9zary confirm\u00f3 el diagn\u00f3stico de s\u00edfilis a muchas personas sanas y las salv\u00f3 as\u00ed de la deportaci\u00f3n. En 1942, \u00e9l mismo tuvo que huir y se libr\u00f3 de la ejecuci\u00f3n por muy poco.<\/p>\n<p>Con sus diversos intereses m\u00e9dicos y las bruscas interrupciones provocadas por las dos guerras, aparentemente hab\u00eda poco espacio para los asuntos privados. S\u00e9zary compart\u00eda el hogar con su madre y una sirvienta, Carmen. S\u00f3lo cuando su madre muri\u00f3 en 1944 se cas\u00f3 a la edad de 63 a\u00f1os. Asisti\u00f3 a conferencias hasta su muerte en 1956 y se dice que conced\u00eda gran importancia a la puntualidad. Se negaba a dar la mano a los alumnos que llegaban incluso segundos tarde. Hoy en d\u00eda, probablemente tendr\u00eda que pensar en otra cosa para conseguir el efecto de esta medida en aquel momento.<\/p>\n<p><em>Fuente: Steffen C: El hombre tras el ep\u00f3nimo dermatolog\u00eda en perspectiva hist\u00f3rica: Albert S\u00e9zary y el s\u00edndrome de S\u00e9zary. Am J Dermatopathol. 2006; 28(4): 357-367.<\/em><\/p>\n<p>&nbsp;<\/p>\n<p>Literatura:<\/p>\n<ol>\n<li>Bagot M: S\u00edndrome de S\u00e9zary. Orphanet. Estado Agosto 2013. www.orpha.net (\u00faltimo acceso 01.05.2021)<\/li>\n<\/ol>\n<p>&nbsp;<\/p>\n<p><em>InFo ONCOLOG\u00cdA Y HEMATOLOG\u00cdA 2021; 9(3): 30<\/em><\/p>\n","protected":false},"excerpt":{"rendered":"<p>Como linfoma cut\u00e1neo de c\u00e9lulas T de curso eritrod\u00e9rmico, el s\u00edndrome de S\u00e9zary es una entidad poco frecuente. Sin embargo, esta enfermedad de pron\u00f3stico desfavorable ya ha llamado la atenci\u00f3n&hellip;<\/p>\n","protected":false},"author":7,"featured_media":109194,"comment_status":"closed","ping_status":"","sticky":false,"template":"","format":"standard","meta":{"_acf_changed":false,"pmpro_default_level":"","cat_1_feature_home_top":false,"cat_2_editor_pick":false,"csco_eyebrow_text":"El conocimiento algo diferente","footnotes":""},"category":[11310,11478,11288,11336,11552],"tags":[19853,19851,12814],"powerkit_post_featured":[],"class_list":["post-328388","post","type-post","status-publish","format-standard","has-post-thumbnail","category-dermatologia-y-venereologia","category-formacion-continua","category-medicina-interna-general","category-oncologia","category-rx-es","tag-albert-sezary-es","tag-historia-de-la-medicina","tag-sindrome-de-sezary","pmpro-has-access"],"acf":[],"publishpress_future_action":{"enabled":false,"date":"2026-05-09 11:31:54","action":"change-status","newStatus":"draft","terms":[],"taxonomy":"category","extraData":[]},"publishpress_future_workflow_manual_trigger":{"enabledWorkflows":[]},"wpml_current_locale":"es_ES","wpml_translations":[],"_links":{"self":[{"href":"https:\/\/medizinonline.com\/es\/wp-json\/wp\/v2\/posts\/328388","targetHints":{"allow":["GET"]}}],"collection":[{"href":"https:\/\/medizinonline.com\/es\/wp-json\/wp\/v2\/posts"}],"about":[{"href":"https:\/\/medizinonline.com\/es\/wp-json\/wp\/v2\/types\/post"}],"author":[{"embeddable":true,"href":"https:\/\/medizinonline.com\/es\/wp-json\/wp\/v2\/users\/7"}],"replies":[{"embeddable":true,"href":"https:\/\/medizinonline.com\/es\/wp-json\/wp\/v2\/comments?post=328388"}],"version-history":[{"count":0,"href":"https:\/\/medizinonline.com\/es\/wp-json\/wp\/v2\/posts\/328388\/revisions"}],"wp:featuredmedia":[{"embeddable":true,"href":"https:\/\/medizinonline.com\/es\/wp-json\/wp\/v2\/media\/109194"}],"wp:attachment":[{"href":"https:\/\/medizinonline.com\/es\/wp-json\/wp\/v2\/media?parent=328388"}],"wp:term":[{"taxonomy":"category","embeddable":true,"href":"https:\/\/medizinonline.com\/es\/wp-json\/wp\/v2\/category?post=328388"},{"taxonomy":"post_tag","embeddable":true,"href":"https:\/\/medizinonline.com\/es\/wp-json\/wp\/v2\/tags?post=328388"},{"taxonomy":"powerkit_post_featured","embeddable":true,"href":"https:\/\/medizinonline.com\/es\/wp-json\/wp\/v2\/powerkit_post_featured?post=328388"}],"curies":[{"name":"wp","href":"https:\/\/api.w.org\/{rel}","templated":true}]}}