{"id":328932,"date":"2021-05-26T11:00:00","date_gmt":"2021-05-26T09:00:00","guid":{"rendered":"https:\/\/medizinonline.com\/aspectos-relevantes-para-el-tratamiento-de-la-dermatitis-atopica\/"},"modified":"2021-05-26T11:00:00","modified_gmt":"2021-05-26T09:00:00","slug":"aspectos-relevantes-para-el-tratamiento-de-la-dermatitis-atopica","status":"publish","type":"post","link":"https:\/\/medizinonline.com\/es\/aspectos-relevantes-para-el-tratamiento-de-la-dermatitis-atopica\/","title":{"rendered":"Aspectos relevantes para el tratamiento de la dermatitis at\u00f3pica"},"content":{"rendered":"<p>A modo de introducci\u00f3n, los expertos presentar\u00e1n los principios activos de las terapias del nuevo sistema, la carga de la enfermedad y las comorbilidades de la dermatitis at\u00f3pica. A continuaci\u00f3n tendr\u00e1 lugar un intercambio de experiencias en el panel de expertos.<\/p>\n<p> <!--more--> <\/p>\n<p><strong>Nuevas&nbsp;Terapias sist\u00e9micas&nbsp;&nbsp; en&nbsp;Dermatitis at\u00f3pica&nbsp;Aspectos relevantes&nbsp;para el tratamiento de la dermatitis at\u00f3pica<\/strong><\/p>\n<p><strong>Ponente:&nbsp;<\/strong>Prof. Dr. med. Kristian Reich (Centro M\u00e9dico Universitario Hamburgo-Eppendorf), Prof. Dr. med. Peter Schmid-Grendelmeier (USZ), Prof. Dr. med. Dagmar Simon (Inselspital), Prof. Dr. med. Diego Kyburz (USB)<\/p>\n<p>&nbsp;<\/p>\n<h2 id=\"programa-webinar\"><strong><a href=\"https:\/\/assets.medizinonline.com\/sites\/default\/files\/210520_949_072126_olumiant_ad_p2p_medical_210x148_digital_d_-_lo.pdf\" target=\"_blank\" rel=\"noopener\"><span style=\"color:#cc0000\">PROGRAMA WEBINAR<\/span><\/a><\/strong><\/h2>\n<p><span style=\"color:rgb(51, 102, 187)\"><strong>Fecha:<\/strong>&nbsp;1.&nbsp;Junio 2021, 18:30 &#8211; 20:00<\/span><\/p>\n<p>&nbsp;<\/p>\n<h2 id=\"registrese-ahora\"><strong><a href=\"https:\/\/register.gotowebinar.com\/register\/6674095369021842704\" target=\"_blank\" rel=\"noopener\"><span style=\"color:#cc0000\">REG\u00cdSTRESE AHORA<\/span><\/a><\/strong><\/h2>\n<p>En&nbsp;esperamos su inscripci\u00f3n, s\u00f3lo tiene que hacer clic en el <a href=\"https:\/\/register.gotowebinar.com\/register\/6674095369021842704\" target=\"_blank\" rel=\"noopener\">enlace<\/a> anterior.<\/p>\n<p>PP-BA-CH-0363\/05.2021<\/p>\n","protected":false},"excerpt":{"rendered":"<p>A modo de introducci\u00f3n, los expertos presentar\u00e1n los principios activos de las terapias del nuevo sistema, la carga de la enfermedad y las comorbilidades de la dermatitis at\u00f3pica. A continuaci\u00f3n&hellip;<\/p>\n","protected":false},"author":12,"featured_media":108226,"comment_status":"closed","ping_status":"","sticky":false,"template":"","format":"standard","meta":{"_acf_changed":false,"pmpro_default_level":"","cat_1_feature_home_top":false,"cat_2_editor_pick":false,"csco_eyebrow_text":"Webinar","footnotes":""},"category":[11310,11552],"tags":[],"powerkit_post_featured":[],"class_list":["post-328932","post","type-post","status-publish","format-standard","has-post-thumbnail","category-dermatologia-y-venereologia","category-rx-es","pmpro-has-access"],"acf":[],"publishpress_future_action":{"enabled":false,"date":"2026-05-05 16:05:40","action":"change-status","newStatus":"draft","terms":[],"taxonomy":"category","extraData":[]},"publishpress_future_workflow_manual_trigger":{"enabledWorkflows":[]},"wpml_current_locale":"es_ES","wpml_translations":[],"_links":{"self":[{"href":"https:\/\/medizinonline.com\/es\/wp-json\/wp\/v2\/posts\/328932","targetHints":{"allow":["GET"]}}],"collection":[{"href":"https:\/\/medizinonline.com\/es\/wp-json\/wp\/v2\/posts"}],"about":[{"href":"https:\/\/medizinonline.com\/es\/wp-json\/wp\/v2\/types\/post"}],"author":[{"embeddable":true,"href":"https:\/\/medizinonline.com\/es\/wp-json\/wp\/v2\/users\/12"}],"replies":[{"embeddable":true,"href":"https:\/\/medizinonline.com\/es\/wp-json\/wp\/v2\/comments?post=328932"}],"version-history":[{"count":0,"href":"https:\/\/medizinonline.com\/es\/wp-json\/wp\/v2\/posts\/328932\/revisions"}],"wp:featuredmedia":[{"embeddable":true,"href":"https:\/\/medizinonline.com\/es\/wp-json\/wp\/v2\/media\/108226"}],"wp:attachment":[{"href":"https:\/\/medizinonline.com\/es\/wp-json\/wp\/v2\/media?parent=328932"}],"wp:term":[{"taxonomy":"category","embeddable":true,"href":"https:\/\/medizinonline.com\/es\/wp-json\/wp\/v2\/category?post=328932"},{"taxonomy":"post_tag","embeddable":true,"href":"https:\/\/medizinonline.com\/es\/wp-json\/wp\/v2\/tags?post=328932"},{"taxonomy":"powerkit_post_featured","embeddable":true,"href":"https:\/\/medizinonline.com\/es\/wp-json\/wp\/v2\/powerkit_post_featured?post=328932"}],"curies":[{"name":"wp","href":"https:\/\/api.w.org\/{rel}","templated":true}]}}