{"id":328996,"date":"2021-05-16T21:00:00","date_gmt":"2021-05-16T19:00:00","guid":{"rendered":"https:\/\/medizinonline.com\/aprovechamiento-de-los-recursos-en-el-sector-sanitario\/"},"modified":"2021-05-16T21:00:00","modified_gmt":"2021-05-16T19:00:00","slug":"aprovechamiento-de-los-recursos-en-el-sector-sanitario","status":"publish","type":"post","link":"https:\/\/medizinonline.com\/es\/aprovechamiento-de-los-recursos-en-el-sector-sanitario\/","title":{"rendered":"Aprovechamiento de los recursos en el sector sanitario"},"content":{"rendered":"<p><strong>La pandemia nos ha mostrado el papel central que puede asumir de repente el sector sanitario. Por lo tanto, es esencial garantizar la seguridad del abastecimiento y explotar todos los recursos en consecuencia. Las estad\u00edsticas m\u00e9dicas anuales recogidas por la FMH contribuyen a ello.<\/strong><\/p>\n<p> <!--more--> <\/p>\n<p>En 2020 hab\u00eda 21.594 m\u00e9dicos y 16.908 m\u00e9dicas trabajando en Suiza, lo que supone un aumento del 1,6% respecto al a\u00f1o anterior. Teniendo en cuenta las cargas de trabajo, el n\u00famero total de m\u00e9dicos que trabajan en Suiza corresponde a 33 496 equivalentes a tiempo completo. Esto significa que el volumen de trabajo disponible aument\u00f3 s\u00f3lo marginalmente en un 0,03%. El 52,7% de los m\u00e9dicos trabajaba a tiempo completo en una consulta, el 45,7% en el sector hospitalario y s\u00f3lo el 1,6% trabajaba fuera de los dos sectores. Por t\u00e9rmino medio, trabajan muchas m\u00e1s mujeres en el sector hospitalario que en el sector de la consulta. La edad media de las m\u00e9dicas (46,4 a\u00f1os) y los m\u00e9dicos (52,7 a\u00f1os) en 2020 era exactamente de 50 a\u00f1os (2019: 49,8 a\u00f1os). En el sector de los consultorios, la profesi\u00f3n m\u00e9dica tiene una media de diez a\u00f1os m\u00e1s que en el sector hospitalario (54,8 a\u00f1os frente a 44,1 a\u00f1os). La diferencia de edad entre los sectores se debe principalmente a los residentes que siguen form\u00e1ndose en los hospitales.<\/p>\n<p>La medicina interna general es, con diferencia, la especialidad m\u00e1s frecuentemente representada (21,7%). En segundo lugar se encuentra la psiquiatr\u00eda y psicoterapia, seguida de la pediatr\u00eda y medicina del adolescente y la ginecolog\u00eda y obstetricia. En conjunto, sin embargo, la proporci\u00f3n de m\u00e9dicos generalistas y pediatras (especialidades: medicina interna general, pediatr\u00eda y medicina infantil, y m\u00e9dicos generalistas) ha ido disminuyendo desde 2013.<\/p>\n<h2 id=\"sigue-aumentando-la-dependencia-de-los-medicos-extranjeros\">Sigue aumentando la dependencia de los m\u00e9dicos extranjeros<\/h2>\n<p>14.386 de los m\u00e9dicos que trabajan en Suiza no terminaron ni se graduaron en la facultad de medicina en Suiza. En comparaci\u00f3n con el a\u00f1o anterior, esto supone un aumento del 1,1% hasta el 37,4%. La mayor\u00eda de los profesionales m\u00e9dicos extranjeros proceden de Alemania (52,6%), seguida de Italia (9,1%), Francia (7,1%) y Austria (6,0%).<\/p>\n<p>La situaci\u00f3n actual, en particular, ha puesto de manifiesto la importancia central de la seguridad del abastecimiento en el sector sanitario. Hasta ahora, los m\u00e9dicos bien formados han contribuido a garantizar una atenci\u00f3n de alta calidad a los pacientes. Medidas como la creaci\u00f3n de plazas en los estudios de medicina y el mantenimiento de unas buenas condiciones de trabajo, sobre todo en comparaci\u00f3n con nuestros pa\u00edses vecinos, son de la m\u00e1xima importancia para Suiza.<\/p>\n<p>&nbsp;<\/p>\n<p><em>Fuente: &#8220;FMH-\u00c4rztestatistik 2020: Den Ressourcen Sorge tragen&#8221;, 24.03.2021, FMH<\/em><\/p>\n","protected":false},"excerpt":{"rendered":"<p>La pandemia nos ha mostrado el papel central que puede asumir de repente el sector sanitario. Por lo tanto, es esencial garantizar la seguridad del abastecimiento y explotar todos los&hellip;<\/p>\n","protected":false},"author":7,"featured_media":105879,"comment_status":"closed","ping_status":"","sticky":false,"template":"","format":"standard","meta":{"_acf_changed":false,"pmpro_default_level":"","cat_1_feature_home_top":false,"cat_2_editor_pick":false,"csco_eyebrow_text":"Seguridad de abastecimiento","footnotes":""},"category":[11478,11288,11430,11552],"tags":[20473,15609,20472],"powerkit_post_featured":[],"class_list":["post-328996","post","type-post","status-publish","format-standard","has-post-thumbnail","category-formacion-continua","category-medicina-interna-general","category-prevencion-y-asistencia-sanitaria","category-rx-es","tag-estadisticas-medicas","tag-sanidad","tag-seguridad-de-abastecimiento","pmpro-has-access"],"acf":[],"publishpress_future_action":{"enabled":false,"date":"2026-05-05 03:15:04","action":"change-status","newStatus":"draft","terms":[],"taxonomy":"category","extraData":[]},"publishpress_future_workflow_manual_trigger":{"enabledWorkflows":[]},"wpml_current_locale":"es_ES","wpml_translations":[],"_links":{"self":[{"href":"https:\/\/medizinonline.com\/es\/wp-json\/wp\/v2\/posts\/328996","targetHints":{"allow":["GET"]}}],"collection":[{"href":"https:\/\/medizinonline.com\/es\/wp-json\/wp\/v2\/posts"}],"about":[{"href":"https:\/\/medizinonline.com\/es\/wp-json\/wp\/v2\/types\/post"}],"author":[{"embeddable":true,"href":"https:\/\/medizinonline.com\/es\/wp-json\/wp\/v2\/users\/7"}],"replies":[{"embeddable":true,"href":"https:\/\/medizinonline.com\/es\/wp-json\/wp\/v2\/comments?post=328996"}],"version-history":[{"count":0,"href":"https:\/\/medizinonline.com\/es\/wp-json\/wp\/v2\/posts\/328996\/revisions"}],"wp:featuredmedia":[{"embeddable":true,"href":"https:\/\/medizinonline.com\/es\/wp-json\/wp\/v2\/media\/105879"}],"wp:attachment":[{"href":"https:\/\/medizinonline.com\/es\/wp-json\/wp\/v2\/media?parent=328996"}],"wp:term":[{"taxonomy":"category","embeddable":true,"href":"https:\/\/medizinonline.com\/es\/wp-json\/wp\/v2\/category?post=328996"},{"taxonomy":"post_tag","embeddable":true,"href":"https:\/\/medizinonline.com\/es\/wp-json\/wp\/v2\/tags?post=328996"},{"taxonomy":"powerkit_post_featured","embeddable":true,"href":"https:\/\/medizinonline.com\/es\/wp-json\/wp\/v2\/powerkit_post_featured?post=328996"}],"curies":[{"name":"wp","href":"https:\/\/api.w.org\/{rel}","templated":true}]}}