{"id":329064,"date":"2021-05-12T14:00:00","date_gmt":"2021-05-12T12:00:00","guid":{"rendered":"https:\/\/medizinonline.com\/los-extractos-de-alergenos-se-funden-bajo-la-lengua\/"},"modified":"2021-05-12T14:00:00","modified_gmt":"2021-05-12T12:00:00","slug":"los-extractos-de-alergenos-se-funden-bajo-la-lengua","status":"publish","type":"post","link":"https:\/\/medizinonline.com\/es\/los-extractos-de-alergenos-se-funden-bajo-la-lengua\/","title":{"rendered":"Los extractos de al\u00e9rgenos se funden bajo la lengua"},"content":{"rendered":"<p><strong>La inmunoterapia espec\u00edfica con al\u00e9rgenos es actualmente la \u00fanica terapia causal para el tratamiento de las alergias de tipo inmediato, como la rinitis al\u00e9rgica. A diferencia de las terapias sintom\u00e1ticas, el objetivo es lograr una tolerancia inmunol\u00f3gica duradera a los al\u00e9rgenos. La inmunoterapia espec\u00edfica sublingual (SLIT) es una alternativa menos compleja para el paciente que la forma de aplicaci\u00f3n subcut\u00e1nea (SCIT).<\/strong><\/p>\n<p> <!--more--> <\/p>\n<p>Las enfermedades causadas por alergias de tipo inmediato tienen una alta prevalencia en nuestras latitudes. Hasta un 40% de la poblaci\u00f3n europea padece rinitis al\u00e9rgica, desencadenada por al\u00e9rgenos transportados por el aire, como el polen de los \u00e1rboles o de las gram\u00edneas [1]. La fiebre del heno, junto con el asma al\u00e9rgica y la neurodermatitis, es una de las enfermedades at\u00f3picas que comparten una predisposici\u00f3n gen\u00e9tica a las reacciones al\u00e9rgicas [2].<\/p>\n<h2 id=\"para-quien-es-adecuada-la-inmunoterapia-alergeno-especifica-sublingual\">\u00bfPara qui\u00e9n es adecuada la inmunoterapia alergeno-espec\u00edfica sublingual?<\/h2>\n<p>La indicaci\u00f3n cl\u00ednica es la sensibilizaci\u00f3n probada mediada por IgE con s\u00edntomas cl\u00ednicos asociados, teniendo en cuenta las afecciones preexistentes, la medicaci\u00f3n y las contraindicaciones [3]. Las alergias de tipo inmediato mediadas por IgE, como la rinitis al\u00e9rgica, se basan en complejas interacciones gen-ambiente y en una hipersensibilidad mediada inmunol\u00f3gicamente [3]. Tras la sensibilizaci\u00f3n inicial frente a (glico)prote\u00ednas definidas, se desarrolla una respuesta inmunitaria Th2 espec\u00edfica del al\u00e9rgeno y, tras un nuevo contacto con el al\u00e9rgeno, se produce la liberaci\u00f3n de mediadores inflamatorios desencadenada por la IgE (por ejemplo, la histamina), que desencadenan los s\u00edntomas al\u00e9rgicos. La inmunoterapia alergeno-espec\u00edfica (ITA) es actualmente la \u00fanica opci\u00f3n de tratamiento curativo y modificador de la enfermedad. En Suiza existen preparados de ITA para el tratamiento de las alergias al polen de \u00e1rboles y gram\u00edneas.<\/p>\n<h2 id=\"reducir-los-sintomas-de-la-alergia-a-medio-y-largo-plazo\">Reducir los s\u00edntomas de la alergia a medio y largo plazo<\/h2>\n<p>En la inmunoterapia espec\u00edfica con al\u00e9rgenos, la administraci\u00f3n de extractos de al\u00e9rgenos activa anticuerpos bloqueantes espec\u00edficos, c\u00e9lulas inductoras de tolerancia y sustancias mensajeras que impiden una mayor amplificaci\u00f3n de la respuesta inmunitaria desencadenada por los al\u00e9rgenos, bloquean la respuesta inmunitaria espec\u00edfica y amortiguan la reacci\u00f3n inflamatoria en el tejido [4]. Se trata, por tanto, de una hiposensibilizaci\u00f3n como terapia inmunomoduladora causal con el objetivo de reducir los s\u00edntomas de la alergia a medio y largo plazo. La inmunoterapia sublingual espec\u00edfica se administra mediante comprimidos o gotas y debe continuarse durante un periodo de 3 a\u00f1os [5]. Ocasionalmente, puede haber picor o hinchaz\u00f3n en la zona de la boca, que remite en el curso del tratamiento. Al igual que con la inmunoterapia subcut\u00e1nea, deben observarse las indicaciones y contraindicaciones espec\u00edficas de cada preparado para la forma de aplicaci\u00f3n sublingual.<\/p>\n<p>&nbsp;<\/p>\n<p><img fetchpriority=\"high\" decoding=\"async\" class=\" size-full wp-image-16113\" alt=\"\" src=\"https:\/\/medizinonline.com\/wp-content\/uploads\/2021\/05\/ubersicht1_hp4_s28.png\" style=\"height:300px; width:400px\" width=\"765\" height=\"573\"><\/p>\n<p>&nbsp;<\/p>\n<h2 id=\"eficacia-basada-en-multiples-pruebas\">Eficacia basada en m\u00faltiples pruebas<\/h2>\n<p>En la actualidad, las formas de inmunoterapia subcut\u00e1nea (SCIT) y sublingual (SLIT) se consideran el tratamiento est\u00e1ndar [6]. Muchos pacientes consideran que la SCIT requiere demasiado tiempo. La forma de aplicaci\u00f3n sublingual (SLIT) podr\u00eda establecerse como una posible alternativa. La terapia suele durar de dos a tres a\u00f1os. Seg\u00fan la directriz s2k, la eficacia de la SLIT en la rinoconjuntivitis al\u00e9rgica causada por la alergia al polen de gram\u00edneas es muy buena en adultos y ni\u00f1os y est\u00e1 bien probada en la alergia al polen de \u00e1rboles en adultos [4]. Un an\u00e1lisis secundario publicado en JAMA investig\u00f3 la eficacia y seguridad de la SLIT en la rinoconjuntivitis al\u00e9rgica y el asma al\u00e9rgica [9]. El an\u00e1lisis de los datos incluy\u00f3 63 ensayos controlados aleatorios que comparaban la SLIT con placebo, farmacoterapia antial\u00e9rgica u otra inmunoterapia espec\u00edfica. En total, se analizaron los datos de 5131 pacientes de edades comprendidas entre los 4 y los 74 a\u00f1os. En la rinitis al\u00e9rgica y la conjuntivitis al\u00e9rgica, se consigui\u00f3 una mejor\u00eda de m\u00e1s del 40% en 9 de 36 estudios. En 16 de 41 estudios se inform\u00f3 de una reducci\u00f3n de la necesidad de medicaci\u00f3n antial\u00e9rgica y antiasm\u00e1tica superior al 40%. En cuanto a la tolerabilidad del tratamiento, las reacciones locales fueron frecuentes, pero no se produjeron acontecimientos adversos graves, en particular ninguna reacci\u00f3n anafil\u00e1ctica.<\/p>\n<h2 id=\"preparados-contra-el-polen-de-arboles-y-gramineas-disponibles\">Preparados contra el polen de \u00e1rboles y gram\u00edneas disponibles<\/h2>\n<p>En resumen, la inmunoterapia sublingual para el asma al\u00e9rgica y la rinitis al\u00e9rgica tiene una eficacia demostrada con un perfil de efectos secundarios favorable y es menos costosa que la inmunoterapia subcut\u00e1nea (SCIT). En Suiza existen preparados para inmunoterapia sublingual contra el polen de gram\u00edneas y \u00e1rboles. Grazax\u00ae y Oralair\u00ae [10] est\u00e1n aprobados para el tratamiento de la rinitis por polen de gram\u00edneas y la conjuntivitis en adultos y ni\u00f1os a partir de 5 a\u00f1os. Para los adultos con rinitis al\u00e9rgica estacional, conjuntivitis y rinoconjuntivitis causadas por el polen de abedul, est\u00e1 disponible Staloral\u00ae. Adem\u00e1s, desde 2020, el preparado Itulazax\u00ae , que es activo contra varias plantas de floraci\u00f3n temprana (grupo hom\u00f3logo del abedul) al mismo tiempo, ha sido aprobado para pacientes a partir de 12 a\u00f1os [10].<\/p>\n<p>&nbsp;<\/p>\n<p>&nbsp;<\/p>\n<p>Literatura:<\/p>\n<ol>\n<li>CK Care, www.ck-care.ch\/news\/2020&nbsp;(\u00faltima consulta: 10.03.2021)<\/li>\n<li>Servicio de Informaci\u00f3n sobre la Alergia, www.allergieinformationsdienst.de\/allergische-rhinitis.html, (\u00faltima consulta: 10.03.2021)<\/li>\n<li>Mahler V: Inmunoterapias para las alergias: Situaci\u00f3n actual. Protecci\u00f3n de la salud. 2020; 63(11): 1341-1356.<\/li>\n<li>Pfaar O, et al.: Directriz sobre inmunoterapia espec\u00edfica (con al\u00e9rgenos) para las enfermedades al\u00e9rgicas mediadas por IgE. S2k-Leitlinie 2014, www.awmf.org, (\u00faltima consulta: 10.03.2021).<\/li>\n<li>Medix: Factsheet Hay Fever 2018, www.medix.ch, (\u00faltima consulta: 10.03.2021)<\/li>\n<li>Klimek L, et al.: Nuevas formas de inmunoterapia de aplicaci\u00f3n para la rinitis al\u00e9rgica. Der niedergelassene Arzt 2017, www.der-niedergelassene-arzt.de (\u00faltima consulta: 10.03.2021).<\/li>\n<li>Durham SR, et al: The New England journal of medicine 1999; 341(7): 468-475.<\/li>\n<li>Pajno GB, et al: Clin Exp Allergy 2001; 31(9): 1392-1397.<\/li>\n<li>Lin SY, et al: Inmunoterapia sublingual para el tratamiento de la rinoconjuntivitis al\u00e9rgica y el asma: una revisi\u00f3n sistem\u00e1tica. JAMA 2013; 309(12): 1278-1288.<\/li>\n<li>Swissmedic: Informaci\u00f3n sobre medicamentos, www.swissmedicinfo.ch, (\u00faltimo acceso 10.03.2021<\/li>\n<\/ol>\n<p>&nbsp;<\/p>\n<p><em>PR\u00c1CTICA GP 2021; 16(4): 28<\/em><\/p>\n","protected":false},"excerpt":{"rendered":"<p>La inmunoterapia espec\u00edfica con al\u00e9rgenos es actualmente la \u00fanica terapia causal para el tratamiento de las alergias de tipo inmediato, como la rinitis al\u00e9rgica. A diferencia de las terapias sintom\u00e1ticas,&hellip;<\/p>\n","protected":false},"author":7,"featured_media":106119,"comment_status":"closed","ping_status":"","sticky":false,"template":"","format":"standard","meta":{"_acf_changed":false,"pmpro_default_level":"","cat_1_feature_home_top":false,"cat_2_editor_pick":false,"csco_eyebrow_text":"Rinitis al\u00e9rgica: inmunoterapia espec\u00edfica sublingual","footnotes":""},"category":[11298,11475,11478,11288,11430,11552],"tags":[12931,13555,20523,12684,13386,13394],"powerkit_post_featured":[],"class_list":["post-329064","post","type-post","status-publish","format-standard","has-post-thumbnail","category-alergologia-e-inmunologia-clinica","category-estudios","category-formacion-continua","category-medicina-interna-general","category-prevencion-y-asistencia-sanitaria","category-rx-es","tag-alergia-es","tag-inmunoterapia","tag-lge-es","tag-rinitis-alergica","tag-scit-es","tag-slit-es","pmpro-has-access"],"acf":[],"publishpress_future_action":{"enabled":false,"date":"2026-05-08 08:39:17","action":"change-status","newStatus":"draft","terms":[],"taxonomy":"category","extraData":[]},"publishpress_future_workflow_manual_trigger":{"enabledWorkflows":[]},"wpml_current_locale":"es_ES","wpml_translations":[],"_links":{"self":[{"href":"https:\/\/medizinonline.com\/es\/wp-json\/wp\/v2\/posts\/329064","targetHints":{"allow":["GET"]}}],"collection":[{"href":"https:\/\/medizinonline.com\/es\/wp-json\/wp\/v2\/posts"}],"about":[{"href":"https:\/\/medizinonline.com\/es\/wp-json\/wp\/v2\/types\/post"}],"author":[{"embeddable":true,"href":"https:\/\/medizinonline.com\/es\/wp-json\/wp\/v2\/users\/7"}],"replies":[{"embeddable":true,"href":"https:\/\/medizinonline.com\/es\/wp-json\/wp\/v2\/comments?post=329064"}],"version-history":[{"count":0,"href":"https:\/\/medizinonline.com\/es\/wp-json\/wp\/v2\/posts\/329064\/revisions"}],"wp:featuredmedia":[{"embeddable":true,"href":"https:\/\/medizinonline.com\/es\/wp-json\/wp\/v2\/media\/106119"}],"wp:attachment":[{"href":"https:\/\/medizinonline.com\/es\/wp-json\/wp\/v2\/media?parent=329064"}],"wp:term":[{"taxonomy":"category","embeddable":true,"href":"https:\/\/medizinonline.com\/es\/wp-json\/wp\/v2\/category?post=329064"},{"taxonomy":"post_tag","embeddable":true,"href":"https:\/\/medizinonline.com\/es\/wp-json\/wp\/v2\/tags?post=329064"},{"taxonomy":"powerkit_post_featured","embeddable":true,"href":"https:\/\/medizinonline.com\/es\/wp-json\/wp\/v2\/powerkit_post_featured?post=329064"}],"curies":[{"name":"wp","href":"https:\/\/api.w.org\/{rel}","templated":true}]}}