{"id":329649,"date":"2021-03-23T17:00:00","date_gmt":"2021-03-23T16:00:00","guid":{"rendered":"https:\/\/medizinonline.com\/los-apositos-con-silicona-favorecen-la-profilaxis-y-el-tratamiento-de-las-ulceras-por-presion\/"},"modified":"2021-03-23T17:00:00","modified_gmt":"2021-03-23T16:00:00","slug":"los-apositos-con-silicona-favorecen-la-profilaxis-y-el-tratamiento-de-las-ulceras-por-presion","status":"publish","type":"post","link":"https:\/\/medizinonline.com\/es\/los-apositos-con-silicona-favorecen-la-profilaxis-y-el-tratamiento-de-las-ulceras-por-presion\/","title":{"rendered":"Los ap\u00f3sitos con silicona favorecen la profilaxis y el tratamiento de las \u00falceras por presi\u00f3n"},"content":{"rendered":"<p><strong>La prevenci\u00f3n y el tratamiento de las \u00falceras por presi\u00f3n son aspectos importantes de la vida m\u00e9dica cotidiana. El uso de ap\u00f3sitos adecuados para las heridas es un componente esencial y debe guiarse por criterios. El uso de un ap\u00f3sito de espuma multicapa con silicona ha demostrado ser una medida complementaria eficaz tanto para el tratamiento de las \u00falceras por presi\u00f3n como para su prevenci\u00f3n.<\/strong><\/p>\n<p> <!--more--> <\/p>\n<p>Las \u00falceras t\u00edpicas de las \u00falceras por presi\u00f3n son el resultado de lesiones tisulares compresivo-isqu\u00e9micas debidas a un efecto de presi\u00f3n fisiol\u00f3gicamente elevado sobre todas las capas tisulares. Los pacientes con movilidad limitada (por ejemplo, postraum\u00e1ticos, postoperatorios) corren especial riesgo de dec\u00fabito. Los pacientes con sensibilidad reducida debido a una polineuropat\u00eda o a una enfermedad del sistema nervioso central tambi\u00e9n corren un mayor riesgo. La versi\u00f3n revisada de la directriz internacional sobre la prevenci\u00f3n y el tratamiento de las \u00falceras por presi\u00f3n publicada en 2019 incluye una descripci\u00f3n exhaustiva de otros factores de riesgo [1].<\/p>\n<h2 id=\"escala-braden-para-la-evaluacion-del-riesgo-de-ulceras-por-presion\">Escala Braden para la evaluaci\u00f3n del riesgo de \u00falceras por presi\u00f3n<\/h2>\n<p>La escala de Braden puede utilizarse para evaluar el riesgo en pacientes inm\u00f3viles y con movilidad reducida [2]. Para determinar el grado de riesgo de \u00falceras por presi\u00f3n se utilizan los seis criterios de evaluaci\u00f3n siguientes: sensibilidad sensorial, humedad, actividad, movilidad, nutrici\u00f3n, fricci\u00f3n y fuerzas de cizallamiento. Cada criterio se clasifica en una escala de 1 a 4 puntos. Existe riesgo de \u00falcera por presi\u00f3n con una puntuaci\u00f3n acumulada \u226418 puntos. Las \u00falceras decubitales se asocian a un mayor riesgo de infecciones sist\u00e9micas y pueden provocar un importante deterioro del bienestar. Las personas con una \u00falcera por presi\u00f3n existente de cualquier estadio tienen un mayor riesgo de desarrollar una \u00falcera por presi\u00f3n del estadio inmediatamente superior.<\/p>\n<h2 id=\"seleccion-guiada-por-criterios-del-aposito-adecuado-para-la-herida\">Selecci\u00f3n guiada por criterios&nbsp;del ap\u00f3sito adecuado para la herida<\/h2>\n<p>La evaluaci\u00f3n del riesgo de \u00falcera por presi\u00f3n mediante la escala de Braden o la gravedad de la \u00falcera por presi\u00f3n (por ejemplo, mediante los criterios NPUAP\/EPUAP)&nbsp; sirve de base para la toma de decisiones sobre las medidas adecuadas de profilaxis de heridas y cuidados [3,4]. La prevenci\u00f3n de las \u00falceras por presi\u00f3n consiste, entre otras cosas, en asegurarse de que la piel est\u00e9 intacta y protegida y as\u00ed, por ejemplo, evitar lesiones cut\u00e1neas superficiales. Los factores de riesgo de las \u00falceras por presi\u00f3n var\u00edan de una persona a otra y esto debe tenerse en cuenta a la hora de elegir un ap\u00f3sito adecuado. Se ha demostrado que, adem\u00e1s de las medidas de intervenci\u00f3n est\u00e1ndar como la movilizaci\u00f3n y el ajuste de los colchones, tambi\u00e9n es crucial la selecci\u00f3n adecuada del ap\u00f3sito de la herida [5]. En las \u00falceras por presi\u00f3n manifiestas, la gesti\u00f3n del exudado y la profilaxis y el tratamiento de las infecciones son aspectos importantes del cuidado de las heridas. Adem\u00e1s de tener en cuenta la extensi\u00f3n y el tipo de da\u00f1o tisular, la diferenciaci\u00f3n de otros tipos de heridas que presentan caracter\u00edsticas similares a las \u00falceras por presi\u00f3n es un factor importante. Entre ellas se incluyen, por ejemplo, la \u00falcera venosa, la \u00falcera neurop\u00e1tica, la dermatitis relacionada con la incontinencia o el intertrigo [3,4].<\/p>\n<p>El espectro de opciones de prevenci\u00f3n y tratamiento se ha ampliado con los modernos ap\u00f3sitos para heridas. La selecci\u00f3n del ap\u00f3sito adecuado depende del cuadro cl\u00ednico, teniendo en cuenta el lecho de la herida, el entorno de la misma, as\u00ed como la cantidad de exudado y el estado de la infecci\u00f3n. El concepto T.I.M.E que se muestra en <span style=\"font-family:franklin gothic demi\">la figura&nbsp;1<\/span> sirve de gu\u00eda [12,13]. Se trata de una gu\u00eda de actuaci\u00f3n elaborada por expertos m\u00e9dicos&nbsp; como base para un cuidado de heridas adecuado a cada fase. Las heridas se clasifican seg\u00fan los siguientes indicadores: Tejido de la herida, grado de infecci\u00f3n, exudado (humedad) y borde. Un objetivo terap\u00e9utico importante es transformar el microentorno de la herida, caracterizado por una inflamaci\u00f3n persistente, en uno que favorezca la cicatrizaci\u00f3n. En un enfoque adaptado a las fases, primero se realiza la limpieza y el desbridamiento de la herida, seguidos de la estimulaci\u00f3n del crecimiento del tejido de granulaci\u00f3n y la promoci\u00f3n de la epitelizaci\u00f3n.<\/p>\n<p>&nbsp;<\/p>\n<p><img fetchpriority=\"high\" decoding=\"async\" class=\" size-full wp-image-15595\" alt=\"\" src=\"https:\/\/medizinonline.com\/wp-content\/uploads\/2021\/03\/abb1_hp2_s23.png\" style=\"height:249px; width:600px\" width=\"1100\" height=\"457\"><\/p>\n<p>&nbsp;<\/p>\n<h2 id=\"los-apositos-de-espuma-de-poliuretano-y-silicona-han-demostrado-su-eficacia\">Los ap\u00f3sitos de espuma de poliuretano y silicona han demostrado su eficacia<\/h2>\n<p>Los ap\u00f3sitos de espuma para heridas o ap\u00f3sitos de espuma (recubiertos de silicona) est\u00e1n dise\u00f1ados para absorber el exceso de exudado pero mantener h\u00famedo el entorno de la herida sin provocar que el tejido se pegue al ap\u00f3sito. Esto favorece el proceso de cicatrizaci\u00f3n de las heridas. Otras ventajas de los ap\u00f3sitos de espuma de silicona o poliuretano son que est\u00e1n disponibles sin una capa de soporte de pel\u00edcula (como relleno de heridas) o con una capa de soporte de pel\u00edcula, as\u00ed como con un borde adhesivo (para la oclusi\u00f3n) o no adhesivo con una base para heridas (para el acondicionamiento de heridas).<\/p>\n<p>El hecho de que los ap\u00f3sitos de espuma que contienen silicona son eficaces para la profilaxis de las \u00falceras por presi\u00f3n se ha demostrado emp\u00edricamente en varias ocasiones. La conclusi\u00f3n de un ensayo controlado aleatorio publicado en 2019 por Lee et al. es que un ap\u00f3sito profil\u00e1ctico de espuma de poliuretano altamente absorbente y suavemente adherente con revestimiento de silicona (Allevyn\u2122 Gentle Border) tiene un efecto positivo sobre la incidencia de \u00falceras por presi\u00f3n en pacientes hospitalizados en la unidad de cuidados intensivos [6]. Los pacientes (edad media 61,03 a\u00f1os) con una puntuaci\u00f3n Braden media de 14,29 \u00b1 2,53 fueron asignados aleatoriamente a la condici\u00f3n de intervenci\u00f3n (n=35) o a la condici\u00f3n de control (n=31). La condici\u00f3n de intervenci\u00f3n consisti\u00f3 en terapia est\u00e1ndar m\u00e1s vendaje de espuma de poliuretano en la regi\u00f3n sacra, y la condici\u00f3n de control consisti\u00f3 en terapia est\u00e1ndar sola [7]. La herida se vigil\u00f3 cada tres d\u00edas. Se ha demostrado que la humedad subepid\u00e9rmica (HSM) es un indicador del diagn\u00f3stico precoz de las \u00falceras por presi\u00f3n [7].<\/p>\n<p>&nbsp;<\/p>\n<p><img decoding=\"async\" class=\"size-full wp-image-15596 lazyload\" alt=\"\" data-src=\"https:\/\/medizinonline.com\/wp-content\/uploads\/2021\/03\/abb2_hp2_s24.jpg\" style=\"--smush-placeholder-width: 1100px; --smush-placeholder-aspect-ratio: 1100\/751;height:273px; width:400px\" width=\"1100\" height=\"751\" src=\"data:image\/svg+xml;base64,PHN2ZyB3aWR0aD0iMSIgaGVpZ2h0PSIxIiB4bWxucz0iaHR0cDovL3d3dy53My5vcmcvMjAwMC9zdmciPjwvc3ZnPg==\"><\/p>\n<p>&nbsp;<\/p>\n<p>En un ensayo controlado aleatorio publicado en 2018 por Forni et al. [8], se demostr\u00f3 que el uso de un ap\u00f3sito con espuma de poliuretano y revestimiento de silicona se asociaba a una menor incidencia de \u00falceras por presi\u00f3n en la regi\u00f3n sacra en pacientes ancianos hospitalizados (\u226565 a\u00f1os) tras una fractura de cadera [8]. Las \u00falceras por presi\u00f3n tras una fractura de cadera son frecuentes y tienen un efecto negativo en el bienestar del paciente y en la evoluci\u00f3n posterior de la enfermedad. El criterio de valoraci\u00f3n primario del estudio fue la tasa de \u00falceras por presi\u00f3n en la regi\u00f3n de la cadera durante los 8 primeros d\u00edas de hospitalizaci\u00f3n. Los participantes en el estudio fueron asignados aleatoriamente a la condici\u00f3n de intervenci\u00f3n (n=177) o a la condici\u00f3n de control (n=182). En la condici\u00f3n de intervenci\u00f3n, se aplic\u00f3 un ap\u00f3sito de espuma de silicona suavemente adherente y muy absorbente (Allevyn\u2122 Life) [9] como complemento a la prevenci\u00f3n est\u00e1ndar. En la condici\u00f3n de control, s\u00f3lo se tomaron medidas profil\u00e1cticas est\u00e1ndar. Esto inclu\u00eda, en particular, la movilizaci\u00f3n regular del paciente, el ajuste de los colchones en funci\u00f3n de la &#8220;puntuaci\u00f3n Braden&#8221;, la limpieza y el cuidado de la piel y la ingesta de l\u00edquidos. La incidencia de \u00falceras por presi\u00f3n fue significativamente menor en el grupo experimental (4,5%) que en el grupo de control (15,4%) (p=0,001).  <span style=\"font-family:franklin gothic demi\">(Tab.1).<\/span>  El riesgo relativo de \u00falcera por presi\u00f3n tambi\u00e9n result\u00f3 ser significativamente inferior en la condici\u00f3n de intervenci\u00f3n (RR 0,29; IC 95%: 0,14-0,61).<\/p>\n<h2 id=\"\">&nbsp;<\/h2>\n<h2 id=\"-2\"><img decoding=\"async\" class=\"size-full wp-image-15597 lazyload\" alt=\"\" data-src=\"https:\/\/medizinonline.com\/wp-content\/uploads\/2021\/03\/tab1_hp2_s24_0.png\" style=\"--smush-placeholder-width: 1100px; --smush-placeholder-aspect-ratio: 1100\/654;height:357px; width:600px\" width=\"1100\" height=\"654\" data-srcset=\"https:\/\/medizinonline.com\/wp-content\/uploads\/2021\/03\/tab1_hp2_s24_0.png 1100w, https:\/\/medizinonline.com\/wp-content\/uploads\/2021\/03\/tab1_hp2_s24_0-800x476.png 800w, https:\/\/medizinonline.com\/wp-content\/uploads\/2021\/03\/tab1_hp2_s24_0-120x71.png 120w, https:\/\/medizinonline.com\/wp-content\/uploads\/2021\/03\/tab1_hp2_s24_0-90x54.png 90w, https:\/\/medizinonline.com\/wp-content\/uploads\/2021\/03\/tab1_hp2_s24_0-320x190.png 320w, https:\/\/medizinonline.com\/wp-content\/uploads\/2021\/03\/tab1_hp2_s24_0-560x333.png 560w\" data-sizes=\"(max-width: 1100px) 100vw, 1100px\" src=\"data:image\/svg+xml;base64,PHN2ZyB3aWR0aD0iMSIgaGVpZ2h0PSIxIiB4bWxucz0iaHR0cDovL3d3dy53My5vcmcvMjAwMC9zdmciPjwvc3ZnPg==\" \/><\/h2>\n<p>&nbsp;<\/p>\n<h2 id=\"conclusion\">Conclusi\u00f3n<\/h2>\n<p>El efecto positivo de una aplicaci\u00f3n profil\u00e1ctica de ap\u00f3sitos para heridas de estudios anteriores pudo confirmarse en estudios emp\u00edricos m\u00e1s recientes [7,8,10,11]. Concretamente, los ap\u00f3sitos de espuma con silicona en pacientes ancianos hospitalizados como medida complementaria al tratamiento est\u00e1ndar condujeron a una reducci\u00f3n de la incidencia de \u00falceras por presi\u00f3n y eritema [7,8]. La prevenci\u00f3n del eritema debido a los cambios isqu\u00e9micos del tejido es un factor importante para reducir las \u00falceras por presi\u00f3n. El uso de estos ap\u00f3sitos es, por tanto, una estrategia eficaz que ha demostrado ser m\u00e1s efectiva cuando se combina con medidas preventivas est\u00e1ndar. La buena adherencia de estos ap\u00f3sitos tambi\u00e9n lo convierte en un m\u00e9todo rentable. La evaluaci\u00f3n peri\u00f3dica del estado de la piel sin cambiar el ap\u00f3sito no plantea problemas y no se inducen lesiones cut\u00e1neas al retirarlo.<\/p>\n<p>&nbsp;<\/p>\n<p>Literatura:<\/p>\n<ol>\n<li>Panel Consultivo Europeo sobre \u00dalceras por Presi\u00f3n &amp; Panel Consultivo Nacional sobre Lesiones por Presi\u00f3n y Pan Pacific: resumen de la directriz 2019: Prevenci\u00f3n y tratamiento de las \u00falceras por presi\u00f3n: tercera edici\u00f3n publicada en 2019, www.safw.ch<\/li>\n<li>Psychrembel: escala Braden, www.pschyrembel.de\/Braden-Skala\/K00SJ<\/li>\n<li>Panel Consultivo Europeo sobre \u00dalceras por Presi\u00f3n: Prevenci\u00f3n y Tratamiento de las \u00dalceras por Presi\u00f3n: Gu\u00eda de Referencia R\u00e1pida, www.epuap.org\/wp-content\/uploads\/2016\/10\/quick-reference-guide-digital-npuap-epuap-pppia-jan2016.pdf<\/li>\n<li>Panel consultivo nacional sobre \u00falceras por presi\u00f3n: Prevenci\u00f3n y tratamiento de las \u00falceras por presi\u00f3n: Gu\u00edas de pr\u00e1ctica cl\u00ednica, www.internationalguideline.com\/static\/pdfs\/NPUAP-EPUAP-PPPIA-CPG-2017.pdf<\/li>\n<li>Boyko TV, et al: Revisi\u00f3n del tratamiento actual de las \u00falceras por presi\u00f3n. Adv Wound Care (New Rochelle). 2018 Feb 1; 7(2): 57-67.<\/li>\n<li>Smith &amp; Nephew GmbH: Allevyn\u2122 Borde Suave, www.smith-nephew.com\/deutschland<\/li>\n<li>Lee Y, et al: Uso de ap\u00f3sitos adhesivos profil\u00e1cticos de silicona para mantener la inte-gridad cut\u00e1nea en pacientes de la unidad de cuidados intensivos: Un ensayo controlado aleatorizado. Int Wound J 2019;16(Suppl. 1): 36-42.<\/li>\n<li>Forni C, et al: Eficacia del uso de un nuevo ap\u00f3sito multicapa de espuma de poliuretano en la zona sacra para prevenir la aparici\u00f3n de \u00falceras por presi\u00f3n en ancianos con fractura de cadera: Un ensayo controlado aleatorio pragm\u00e1tico. Int Wound J 2018; 1-8. DOI: 10.1111\/iwj.12875.<\/li>\n<li>Smith &amp; Nephew GmbH: Allevyn\u2122 Life, www.smith-nephew.com\/deutschland\/fachgebiete\/wundmanagement\/schaumverbande\/allevyn-life\/<\/li>\n<li>Clark M, et al: Revisi\u00f3n sistem\u00e1tica del uso de ap\u00f3sitos profil\u00e1cticos en la prevenci\u00f3n de las \u00falceras por presi\u00f3n. Int Wound J 2014; 11: 460-471.<\/li>\n<li>Moore ZEH, Webster J. Ap\u00f3sitos y agentes t\u00f3picos para la prevenci\u00f3n de las \u00falceras por presi\u00f3n. Cochrane Database Syst Rev 2013; 8:CD009362.<\/li>\n<li>Ayello EA, et al: EL TIEMPO cura todas las heridas. Enfermer\u00eda 2004; 34: 36-41; cuestionario, 41-2<\/li>\n<li>Klein S, et al: Terapia t\u00f3pica de las heridas cr\u00f3nicas basada en la evidencia seg\u00fan el principio T.I.M.E. JDDG 2013; 11(9): 819-829.<\/li>\n<li>Tottoli EM, et al: Proceso de cicatrizaci\u00f3n de heridas cut\u00e1neas y nuevas tecnolog\u00edas emergentes para el cuidado y la regeneraci\u00f3n de heridas cut\u00e1neas. Farmac\u00e9utica 2020; 12(8): 735.<\/li>\n<\/ol>\n<p>&nbsp;<\/p>\n<p><em>PR\u00c1CTICA GP 2021; 16(2): 23-24<\/em><\/p>\n","protected":false},"excerpt":{"rendered":"<p>La prevenci\u00f3n y el tratamiento de las \u00falceras por presi\u00f3n son aspectos importantes de la vida m\u00e9dica cotidiana. El uso de ap\u00f3sitos adecuados para las heridas es un componente esencial&hellip;<\/p>\n","protected":false},"author":7,"featured_media":104122,"comment_status":"closed","ping_status":"","sticky":false,"template":"","format":"standard","meta":{"_acf_changed":false,"pmpro_default_level":"","cat_1_feature_home_top":false,"cat_2_editor_pick":false,"csco_eyebrow_text":"Tratamiento de heridas  ","footnotes":""},"category":[11310,11352,11478,11418,11430,11552],"tags":[15450,21182],"powerkit_post_featured":[],"class_list":["post-329649","post","type-post","status-publish","format-standard","has-post-thumbnail","category-dermatologia-y-venereologia","category-endocrinologia-y-diabetologia","category-formacion-continua","category-medicina-fisica-y-rehabilitacion","category-prevencion-y-asistencia-sanitaria","category-rx-es","tag-aposito-para-heridas","tag-decubito","pmpro-has-access"],"acf":[],"publishpress_future_action":{"enabled":false,"date":"2026-05-05 16:04:19","action":"change-status","newStatus":"draft","terms":[],"taxonomy":"category","extraData":[]},"publishpress_future_workflow_manual_trigger":{"enabledWorkflows":[]},"wpml_current_locale":"es_ES","wpml_translations":[],"_links":{"self":[{"href":"https:\/\/medizinonline.com\/es\/wp-json\/wp\/v2\/posts\/329649","targetHints":{"allow":["GET"]}}],"collection":[{"href":"https:\/\/medizinonline.com\/es\/wp-json\/wp\/v2\/posts"}],"about":[{"href":"https:\/\/medizinonline.com\/es\/wp-json\/wp\/v2\/types\/post"}],"author":[{"embeddable":true,"href":"https:\/\/medizinonline.com\/es\/wp-json\/wp\/v2\/users\/7"}],"replies":[{"embeddable":true,"href":"https:\/\/medizinonline.com\/es\/wp-json\/wp\/v2\/comments?post=329649"}],"version-history":[{"count":0,"href":"https:\/\/medizinonline.com\/es\/wp-json\/wp\/v2\/posts\/329649\/revisions"}],"wp:featuredmedia":[{"embeddable":true,"href":"https:\/\/medizinonline.com\/es\/wp-json\/wp\/v2\/media\/104122"}],"wp:attachment":[{"href":"https:\/\/medizinonline.com\/es\/wp-json\/wp\/v2\/media?parent=329649"}],"wp:term":[{"taxonomy":"category","embeddable":true,"href":"https:\/\/medizinonline.com\/es\/wp-json\/wp\/v2\/category?post=329649"},{"taxonomy":"post_tag","embeddable":true,"href":"https:\/\/medizinonline.com\/es\/wp-json\/wp\/v2\/tags?post=329649"},{"taxonomy":"powerkit_post_featured","embeddable":true,"href":"https:\/\/medizinonline.com\/es\/wp-json\/wp\/v2\/powerkit_post_featured?post=329649"}],"curies":[{"name":"wp","href":"https:\/\/api.w.org\/{rel}","templated":true}]}}