{"id":333163,"date":"2020-10-21T02:00:00","date_gmt":"2020-10-21T00:00:00","guid":{"rendered":"https:\/\/medizinonline.com\/primera-inmunoterapia-sublingual-para-alergicos-al-polen-de-los-arboles\/"},"modified":"2020-10-21T02:00:00","modified_gmt":"2020-10-21T00:00:00","slug":"primera-inmunoterapia-sublingual-para-alergicos-al-polen-de-los-arboles","status":"publish","type":"post","link":"https:\/\/medizinonline.com\/es\/primera-inmunoterapia-sublingual-para-alergicos-al-polen-de-los-arboles\/","title":{"rendered":"Primera inmunoterapia sublingual para al\u00e9rgicos al polen de los \u00e1rboles"},"content":{"rendered":"<p><strong>Para las personas al\u00e9rgicas al polen de abedul &amp; co, pronto estar\u00e1 disponible una nueva opci\u00f3n de terapia sostenible. La desensibilizaci\u00f3n trata la causa de la alergia y mejora la calidad de vida de los al\u00e9rgicos. El momento ideal para iniciar la terapia es una vez finalizada la temporada de polinizaci\u00f3n de las plantas de floraci\u00f3n temprana, es decir, en verano u oto\u00f1o.<\/strong><\/p>\n<p> <!--more--> <\/p>\n<p><em>(rojo <\/em>) <sup>Itulazax\u00ae<\/sup> [1] estar\u00e1 disponible en Suiza a partir de septiembre de 2020. Se trata del primer comprimido aprobado en el mundo para la inmunoterapia espec\u00edfica con al\u00e9rgenos (IEA) para la alergia precoz a los capullos. Para los al\u00e9rgicos a otras alergias inhalatorias (gram\u00edneas y \u00e1caros del polvo dom\u00e9stico), existe desde hace tiempo la opci\u00f3n de tratamiento correspondiente. Tanto Swissmedic como la Agencia Europea del Medicamento EMA han aprobado <sup>Itulazax\u00ae<\/sup> [1<sup>]<\/sup> en pacientes a partir de 12 a\u00f1os para la indicaci\u00f3n de rinitis al\u00e9rgica de moderada a grave y\/o conjuntivitis inducida por polen de \u00e1rboles del grupo hom\u00f3logo del abedul (abedul, aliso, carpe, avellano, roble, casta\u00f1o, haya). En Europa, varios millones de personas padecen alergia al polen de los \u00e1rboles de floraci\u00f3n temprana. La ITA sublingual se utiliza para la desensibilizaci\u00f3n, trata la causa de la alergia y puede mejorar as\u00ed la calidad de vida de los al\u00e9rgicos.<\/p>\n<h2 id=\"opcion-terapeutica-bien-tolerada-con-eficacia-sostenible\">Opci\u00f3n terap\u00e9utica bien tolerada con eficacia sostenible<\/h2>\n<p>La eficacia y la seguridad de <sup>Itulazax\u00ae<\/sup> se investigaron en dos estudios multinacionales aleatorizados, doble ciego y controlados con placebo [2]: Se demostr\u00f3 una reducci\u00f3n significativa del 40% en la puntuaci\u00f3n total combinada durante la estaci\u00f3n de polen de abedul en comparaci\u00f3n con el placebo. En este estudio se super\u00f3 claramente el nivel de relevancia cl\u00ednica definido por la Organizaci\u00f3n Mundial de la Alergia (WAO) [3] (20% de eficacia frente a placebo). Adem\u00e1s, se produjo una reducci\u00f3n significativa de la puntuaci\u00f3n total combinada del 37% frente a la de los pacientes. placebo durante toda la temporada de floraci\u00f3n temprana [2]. Esto convierte a <sup>Itulazax\u00ae<\/sup> en el primer preparado que ha demostrado su eficacia durante toda la temporada de floraci\u00f3n precoz y est\u00e1 demostrado que contribuye a mejorar significativamente el control de la enfermedad, a aumentar la calidad de vida y a reducir la necesidad de medicamentos antial\u00e9rgicos.<\/p>\n<h2 id=\"manejo-sencillo-y-comodo-para-el-paciente\">Manejo sencillo y c\u00f3modo para el paciente<\/h2>\n<p><sup>Itulazax\u00ae<\/sup> [1] es una opci\u00f3n de tratamiento sin complicaciones y sin necesidad de aumentar la dosis. El buen perfil de seguridad hace que <sup>Itulazax\u00ae<\/sup> pueda utilizarse en casa tras el control de la primera dosis en la consulta. Al igual que los IAT sublinguales contra el polen de gram\u00edneas y los \u00e1caros del polvo dom\u00e9stico <sup>(Grazax\u00ae<\/sup> y <sup>Acarizax\u00ae<\/sup>) [1], <sup>Itulazax\u00ae<\/sup> tambi\u00e9n se fabrica con tecnolog\u00eda Zydis y se disuelve bajo la lengua en cuesti\u00f3n de segundos sin dejar residuos. No existen condiciones especiales de almacenamiento y su ingesti\u00f3n es posible en cualquier momento y de forma flexible, ya que no necesita agua. Al prescribir <sup>Itulazax<\/sup>  es aconsejable, al igual que con la terapia subcut\u00e1nea, concertar breves citas peri\u00f3dicas con los pacientes para mantener un contacto regular con el paciente y poder as\u00ed evaluar el curso de la terapia y recordar al paciente la importancia de la ingesta regular, una vez al d\u00eda, para el \u00e9xito de la terapia. Es importante educar al paciente sobre el tratamiento y las posibles reacciones del sistema inmunol\u00f3gico, ya que pueden producirse reacciones al\u00e9rgicas locales (como una sensaci\u00f3n de hormigueo en la boca) con la inmunoterapia sublingual en las primeras semanas tras iniciar la terapia. Suelen aparecer poco despu\u00e9s de la ingesti\u00f3n y desaparecen a los pocos d\u00edas. Para prevenir estos posibles efectos secundarios, las siguientes medidas pueden ser \u00fatiles: beber agua antes de tomar el medicamento, tomar un antihistam\u00ednico despu\u00e9s de consultar con el m\u00e9dico antes de tomar el medicamento, poner un peque\u00f1o trozo de hielo debajo de la lengua a partir de 5 minutos despu\u00e9s de tomar el medicamento, comer y\/o beber algo.<\/p>\n<p><em>Fuente: ALK<\/em><\/p>\n<p>&nbsp;<\/p>\n<p>Literatura:<\/p>\n<ol>\n<li>Swissmedicinfo, www.swissmedicinfo.ch<\/li>\n<li>Biedermann T, et al: J Allergy Clin Immunol 2019; 143: 1058-1066.<\/li>\n<li>Organizaci\u00f3n Mundial de la Alergia, www.worldallergy.org<\/li>\n<\/ol>\n<p>&nbsp;<\/p>\n<p><em>PR\u00c1CTICA GP 2020; 15(7): 51<\/em><\/p>\n","protected":false},"excerpt":{"rendered":"<p>Para las personas al\u00e9rgicas al polen de abedul &amp; co, pronto estar\u00e1 disponible una nueva opci\u00f3n de terapia sostenible. La desensibilizaci\u00f3n trata la causa de la alergia y mejora la&hellip;<\/p>\n","protected":false},"author":7,"featured_media":98599,"comment_status":"closed","ping_status":"","sticky":false,"template":"","format":"standard","meta":{"_acf_changed":false,"pmpro_default_level":"","cat_1_feature_home_top":false,"cat_2_editor_pick":false,"csco_eyebrow_text":"Alergias a inhalantes  ","footnotes":""},"category":[11298,11288,11504,11552],"tags":[23551,23560,14466,23547,23554,23557,22838,23562],"powerkit_post_featured":[],"class_list":["post-333163","post","type-post","status-publish","format-standard","has-post-thumbnail","category-alergologia-e-inmunologia-clinica","category-medicina-interna-general","category-mercado-y-medicina","category-rx-es","tag-alergias-a-inhalantes","tag-alergicos","tag-calidad-de-vida","tag-desensibilizacion","tag-inmunoterapia-sublingual-contra-la-alergia","tag-nueva-opcion-terapeutica","tag-polen-de-arboles","tag-temporada-de-polen","pmpro-has-access"],"acf":[],"publishpress_future_action":{"enabled":false,"date":"2026-05-03 13:49:48","action":"change-status","newStatus":"draft","terms":[],"taxonomy":"category","extraData":[]},"publishpress_future_workflow_manual_trigger":{"enabledWorkflows":[]},"wpml_current_locale":"es_ES","wpml_translations":[],"_links":{"self":[{"href":"https:\/\/medizinonline.com\/es\/wp-json\/wp\/v2\/posts\/333163","targetHints":{"allow":["GET"]}}],"collection":[{"href":"https:\/\/medizinonline.com\/es\/wp-json\/wp\/v2\/posts"}],"about":[{"href":"https:\/\/medizinonline.com\/es\/wp-json\/wp\/v2\/types\/post"}],"author":[{"embeddable":true,"href":"https:\/\/medizinonline.com\/es\/wp-json\/wp\/v2\/users\/7"}],"replies":[{"embeddable":true,"href":"https:\/\/medizinonline.com\/es\/wp-json\/wp\/v2\/comments?post=333163"}],"version-history":[{"count":0,"href":"https:\/\/medizinonline.com\/es\/wp-json\/wp\/v2\/posts\/333163\/revisions"}],"wp:featuredmedia":[{"embeddable":true,"href":"https:\/\/medizinonline.com\/es\/wp-json\/wp\/v2\/media\/98599"}],"wp:attachment":[{"href":"https:\/\/medizinonline.com\/es\/wp-json\/wp\/v2\/media?parent=333163"}],"wp:term":[{"taxonomy":"category","embeddable":true,"href":"https:\/\/medizinonline.com\/es\/wp-json\/wp\/v2\/category?post=333163"},{"taxonomy":"post_tag","embeddable":true,"href":"https:\/\/medizinonline.com\/es\/wp-json\/wp\/v2\/tags?post=333163"},{"taxonomy":"powerkit_post_featured","embeddable":true,"href":"https:\/\/medizinonline.com\/es\/wp-json\/wp\/v2\/powerkit_post_featured?post=333163"}],"curies":[{"name":"wp","href":"https:\/\/api.w.org\/{rel}","templated":true}]}}