{"id":333438,"date":"2020-09-14T02:00:00","date_gmt":"2020-09-14T00:00:00","guid":{"rendered":"https:\/\/medizinonline.com\/cuando-contar-ovejas-ya-no-ayuda-una-vision-holistica-de-los-trastornos-del-sueno\/"},"modified":"2020-09-14T02:00:00","modified_gmt":"2020-09-14T00:00:00","slug":"cuando-contar-ovejas-ya-no-ayuda-una-vision-holistica-de-los-trastornos-del-sueno","status":"publish","type":"post","link":"https:\/\/medizinonline.com\/es\/cuando-contar-ovejas-ya-no-ayuda-una-vision-holistica-de-los-trastornos-del-sueno\/","title":{"rendered":"Cuando contar ovejas ya no ayuda: Una visi\u00f3n hol\u00edstica de los trastornos del sue\u00f1o"},"content":{"rendered":"<p><strong>El aumento de las exigencias en el trabajo y en la vida privada, unos h\u00e1bitos alimentarios irregulares y un estilo de vida que no favorece un sue\u00f1o saludable son s\u00f3lo algunas de las posibles causas de los trastornos del sue\u00f1o. Sin embargo, sus efectos pueden ser de gran alcance. Para minimizar las consecuencias f\u00edsicas y psicol\u00f3gicas, est\u00e1 indicado un tratamiento hol\u00edstico.<\/strong><\/p>\n<p> <!--more--> <\/p>\n<p>La cantidad de sue\u00f1o que una persona necesita var\u00eda de una persona a otra. Para estar fresco y ser productivo, lo indicado es dormir una media de siete a ocho horas. Pero no siempre nos despertamos descansados. Los trastornos del sue\u00f1o pueden tener diferentes causas y tambi\u00e9n pueden manifestarse de diferentes maneras. Se distingue entre problemas para conciliar el sue\u00f1o y dormir toda la noche. Los pensamientos circulares y la inquietud interior son a menudo la causa de que el sue\u00f1o no llegue. Mirar el reloj aumenta a\u00fan m\u00e1s la tensi\u00f3n, de modo que ya no es posible dormir relajadamente. Las personas que se despiertan en mitad de la noche y no pueden seguir durmiendo sufren trastornos del sue\u00f1o. Adem\u00e1s de perjudicar el comportamiento, los problemas f\u00edsicos y psicol\u00f3gicos tambi\u00e9n pueden ser la causa. M\u00e1s de la mitad de los trastornos del sue\u00f1o est\u00e1n asociados a trastornos psiqui\u00e1tricos como los trastornos de ansiedad o la depresi\u00f3n [1]. Las consecuencias de estos trastornos del sue\u00f1o son fatiga, irritabilidad, bajo rendimiento y estados de \u00e1nimo depresivos. Los hallazgos cient\u00edficos actuales tambi\u00e9n muestran que no s\u00f3lo disminuye la funci\u00f3n de la memoria, sino que tambi\u00e9n se ven afectados negativamente el metabolismo del az\u00facar y de las grasas [2].<\/p>\n<h2 id=\"tratamiento-de-tres-pilares\">Tratamiento de tres pilares<\/h2>\n<p>La terapia eficaz es multimodal y se basa en los tres pilares de la higiene del sue\u00f1o, la terapia del sue\u00f1o y la intervenci\u00f3n farmacol\u00f3gica. Para mejorar la higiene del sue\u00f1o se optimiza, por un lado, el entorno en el que se duerme. Esto incluye un buen colch\u00f3n, un clima agradable en la habitaci\u00f3n o cortinas si es necesario. Por otro lado, una cierta rutina tambi\u00e9n debe preparar el cuerpo para el sue\u00f1o. En consecuencia, se entrenan los comportamientos que favorecen un buen sue\u00f1o. La terapia del sue\u00f1o apoya estos esfuerzos y tambi\u00e9n reduce la posible ansiedad. Tambi\u00e9n se utilizan con frecuencia t\u00e9cnicas de relajaci\u00f3n.<\/p>\n<p>Dependiendo de la situaci\u00f3n inicial, se pueden utilizar diferentes sustancias como medidas farmacol\u00f3gicas. Para los trastornos del sue\u00f1o, se recomiendan medicamentos con una mayor duraci\u00f3n de acci\u00f3n. Sin embargo, no deben provocar trastornos al d\u00eda siguiente. Los trastornos agudos del sue\u00f1o que surgen debido a un estr\u00e9s elevado a corto plazo pueden tratarse durante un tiempo limitado. A menudo, el desarrollo de un trastorno cr\u00f3nico del sue\u00f1o tambi\u00e9n puede detenerse de este modo. Como norma general, utilice los somn\u00edferos con la mayor moderaci\u00f3n y durante el menor tiempo posible. Esto se debe a que, adem\u00e1s de los posibles efectos secundarios que var\u00edan de un preparado a otro, muchos somn\u00edferos conllevan riesgos fundamentales que influyen en la selecci\u00f3n de la terapia adecuada [3]:<\/p>\n<ul>\n<li>Dependencia<\/li>\n<li>Desarrollo de la tolerancia<\/li>\n<li>Efectos rebote (insomnio de destete)<\/li>\n<li>Deterioros al d\u00eda siguiente (resaca)<\/li>\n<li>La ocultaci\u00f3n de las causas<\/li>\n<\/ul>\n<h2 id=\"la-sustancia-adecuada-para-cada-paciente\">La sustancia adecuada para cada paciente<\/h2>\n<p>Las benzodiacepinas se prescriben a menudo para los trastornos agudos del sue\u00f1o. Desarrollan un efecto promotor del sue\u00f1o al unirse a los receptores GABA, entre otros. Sin embargo, como pueden crear adicci\u00f3n, deben utilizarse durante un m\u00e1ximo de tres a cuatro semanas. Lo mismo ocurre con los f\u00e1rmacos Z que se unen al mismo receptor. Se dice que tienen un riesgo ligeramente menor en t\u00e9rminos de habituaci\u00f3n, insomnio de destete y resaca. Los antihistam\u00ednicos, especialmente los de la generaci\u00f3n anterior, tambi\u00e9n son adecuados para el tratamiento de los trastornos del sue\u00f1o. Sin embargo, como puede producirse un efecto de habituaci\u00f3n, debe intentarse dejar de tomarlo al cabo de tres d\u00edas. Para los pacientes mayores de 55 a\u00f1os, tambi\u00e9n puede utilizarse la melatonina. Esta hormona natural controla predominantemente el ritmo sue\u00f1o-vigilia, por lo que est\u00e1 especialmente indicada para las personas en las que \u00e9ste se ve alterado, por ejemplo, por el trabajo por turnos. No es infrecuente que se prescriban medicamentos a base de plantas, especialmente para los trastornos leves del sue\u00f1o. Su efecto es lento y ligero. A cambio, sin embargo, no conducen ni a la habituaci\u00f3n ni a la resaca.<\/p>\n<p>&nbsp;<\/p>\n<p>Literatura:<\/p>\n<ol>\n<li>www.neurologen-und-psychiater-im-netz.org\/psychiatrie-psychosomatik-psychotherapie\/stoerungen-erkrankungen\/schlafstoerungen\/ursachen (\u00faltima consulta: 16.05.2020)<\/li>\n<li>www.neurologen-und-psychiater-im-netz.org\/psychiatrie-psychosomatik-psychotherapie\/stoerungen-erkrankungen\/schlafstoerungen\/beschwerdebilder (\u00faltima consulta: 16.05.2020)<\/li>\n<li>www.toppharm.ch\/krankheitsbild\/durchschlafstoerungen (\u00faltima consulta: 16.05.2020)<\/li>\n<\/ol>\n<p>&nbsp;<\/p>\n<p><em>InFo NEUROLOG\u00cdA Y PSIQUIATR\u00cdA 2020; 18(4): 24<\/em><\/p>\n","protected":false},"excerpt":{"rendered":"<p>El aumento de las exigencias en el trabajo y en la vida privada, unos h\u00e1bitos alimentarios irregulares y un estilo de vida que no favorece un sue\u00f1o saludable son s\u00f3lo&hellip;<\/p>\n","protected":false},"author":7,"featured_media":97984,"comment_status":"closed","ping_status":"","sticky":false,"template":"","format":"standard","meta":{"_acf_changed":false,"pmpro_default_level":"","cat_1_feature_home_top":false,"cat_2_editor_pick":false,"csco_eyebrow_text":"Insomnio","footnotes":""},"category":[11478,11430,11435,11552],"tags":[23903,18719,20722],"powerkit_post_featured":[],"class_list":["post-333438","post","type-post","status-publish","format-standard","has-post-thumbnail","category-formacion-continua","category-prevencion-y-asistencia-sanitaria","category-psiquiatria-y-psicoterapia","category-rx-es","tag-dormir-es","tag-insomnio","tag-trastorno-del-sueno","pmpro-has-access"],"acf":[],"publishpress_future_action":{"enabled":false,"date":"2026-05-04 00:04:42","action":"change-status","newStatus":"draft","terms":[],"taxonomy":"category","extraData":[]},"publishpress_future_workflow_manual_trigger":{"enabledWorkflows":[]},"wpml_current_locale":"es_ES","wpml_translations":[],"_links":{"self":[{"href":"https:\/\/medizinonline.com\/es\/wp-json\/wp\/v2\/posts\/333438","targetHints":{"allow":["GET"]}}],"collection":[{"href":"https:\/\/medizinonline.com\/es\/wp-json\/wp\/v2\/posts"}],"about":[{"href":"https:\/\/medizinonline.com\/es\/wp-json\/wp\/v2\/types\/post"}],"author":[{"embeddable":true,"href":"https:\/\/medizinonline.com\/es\/wp-json\/wp\/v2\/users\/7"}],"replies":[{"embeddable":true,"href":"https:\/\/medizinonline.com\/es\/wp-json\/wp\/v2\/comments?post=333438"}],"version-history":[{"count":0,"href":"https:\/\/medizinonline.com\/es\/wp-json\/wp\/v2\/posts\/333438\/revisions"}],"wp:featuredmedia":[{"embeddable":true,"href":"https:\/\/medizinonline.com\/es\/wp-json\/wp\/v2\/media\/97984"}],"wp:attachment":[{"href":"https:\/\/medizinonline.com\/es\/wp-json\/wp\/v2\/media?parent=333438"}],"wp:term":[{"taxonomy":"category","embeddable":true,"href":"https:\/\/medizinonline.com\/es\/wp-json\/wp\/v2\/category?post=333438"},{"taxonomy":"post_tag","embeddable":true,"href":"https:\/\/medizinonline.com\/es\/wp-json\/wp\/v2\/tags?post=333438"},{"taxonomy":"powerkit_post_featured","embeddable":true,"href":"https:\/\/medizinonline.com\/es\/wp-json\/wp\/v2\/powerkit_post_featured?post=333438"}],"curies":[{"name":"wp","href":"https:\/\/api.w.org\/{rel}","templated":true}]}}