{"id":334596,"date":"2020-04-04T02:00:00","date_gmt":"2020-04-04T00:00:00","guid":{"rendered":"https:\/\/medizinonline.com\/atencion-primaria-top-fracaso-del-esfuerzo-administrativo\/"},"modified":"2020-04-04T02:00:00","modified_gmt":"2020-04-04T00:00:00","slug":"atencion-primaria-top-fracaso-del-esfuerzo-administrativo","status":"publish","type":"post","link":"https:\/\/medizinonline.com\/es\/atencion-primaria-top-fracaso-del-esfuerzo-administrativo\/","title":{"rendered":"Atenci\u00f3n primaria top &#8211; fracaso del esfuerzo administrativo"},"content":{"rendered":"<p><strong>En una comparaci\u00f3n internacional, Suiza est\u00e1 a la cabeza: en una encuesta sobre atenci\u00f3n primaria, el sistema sanitario obtuvo el primer puesto. Sin embargo, las tareas administrativas van en aumento. Esto es motivo de preocupaci\u00f3n.<\/strong><\/p>\n<p> <!--more--> <\/p>\n<p>En el estudio internacional &#8220;Encuesta internacional sobre pol\u00edtica sanitaria&#8221;, se pregunt\u00f3 a m\u00e9dicos de atenci\u00f3n primaria, es decir, m\u00e9dicos de familia y pediatras, sobre cuestiones de pol\u00edtica sanitaria. Suiza logr\u00f3 hacerse con el primer puesto. El 92,7% de los encuestados califica el funcionamiento del sistema de bueno o muy bueno. En particular, se valora positivamente la cooperaci\u00f3n y el intercambio de informaci\u00f3n con los m\u00e9dicos especialistas, as\u00ed como el acceso a los servicios m\u00e9dicos. El 96% de los proveedores de atenci\u00f3n primaria califican de muy bueno el intercambio de informaci\u00f3n y la coordinaci\u00f3n. Y el acceso de los pacientes a los servicios m\u00e9dicos tambi\u00e9n se califica de muy bueno. Los breves tiempos de espera tambi\u00e9n se encuentran entre los mejores en una comparaci\u00f3n internacional.<\/p>\n<p>El 69% de los encuestados est\u00e1n muy satisfechos con su trabajo. Sin embargo, el 37% tambi\u00e9n calific\u00f3 su trabajo de extremadamente o muy estresante. Eso a\u00fan parec\u00eda diferente en 2015. All\u00ed, la cifra era s\u00f3lo del 31%. En concreto, el 60,7% de los encuestados calific\u00f3 de problema importante el tiempo necesario para las actividades administrativas con las compa\u00f1\u00edas de seguros o la facturaci\u00f3n. Esta suposici\u00f3n tambi\u00e9n es compartida por los m\u00e9dicos del hospital. Un total de 1572 m\u00e9dicos participaron en la encuesta representativa. Por t\u00e9rmino medio, el trabajo relacionado con los pacientes representa ahora s\u00f3lo el 34% del trabajo realizado por los m\u00e9dicos de hospital. Con un 20% del tiempo diario dedicado, el trabajo de documentaci\u00f3n en torno al expediente del paciente ya le sigue en segundo lugar. Cada d\u00eda se dedican unos 119 minutos a la documentaci\u00f3n, en el caso de los m\u00e9dicos auxiliares son incluso 197 minutos. Este esfuerzo cada vez mayor es probablemente una de las razones por las que la satisfacci\u00f3n laboral ha disminuido en los \u00faltimos nueve a\u00f1os. Sin embargo, el 80% de los m\u00e9dicos de medicina som\u00e1tica y psiquiatr\u00eda de agudos y el 70% de los de rehabilitaci\u00f3n siguen confirmando que est\u00e1n muy o bastante satisfechos con su trabajo. El 90% califica su trabajo de interesante. Sin embargo, la mayor parte de la profesi\u00f3n m\u00e9dica sufre constantemente la presi\u00f3n del rendimiento y del tiempo. En medicina som\u00e1tica aguda, el 80% de los m\u00e9dicos afirman que esto es muy o bastante cierto. Y con un 60% (2019) frente a un 40% (2012), el n\u00famero de m\u00e9dicos que sufren estr\u00e9s m\u00e1s o a menudo tambi\u00e9n ha aumentado significativamente. Por tanto, disponer de tiempo suficiente para los pacientes no s\u00f3lo ser\u00eda importante para los enfermos, sino tambi\u00e9n para la satisfacci\u00f3n laboral de los m\u00e9dicos.<\/p>\n<p><em>Fuente: FMH &#8211; Asociaci\u00f3n Profesional de M\u00e9dicos Suizos; www.fmh.ch\/index.cfm<\/em><\/p>\n<p>&nbsp;<\/p>\n<p><em>InFo NEUROLOG\u00cdA Y PSIQUIATR\u00cdA 2020; 18(1): 40<\/em><\/p>\n","protected":false},"excerpt":{"rendered":"<p>En una comparaci\u00f3n internacional, Suiza est\u00e1 a la cabeza: en una encuesta sobre atenci\u00f3n primaria, el sistema sanitario obtuvo el primer puesto. Sin embargo, las tareas administrativas van en aumento.&hellip;<\/p>\n","protected":false},"author":7,"featured_media":94215,"comment_status":"closed","ping_status":"","sticky":false,"template":"","format":"standard","meta":{"_acf_changed":false,"pmpro_default_level":"","cat_1_feature_home_top":false,"cat_2_editor_pick":false,"csco_eyebrow_text":"Sistema sanitario  ","footnotes":""},"category":[11475,11470,11430,11552],"tags":[],"powerkit_post_featured":[],"class_list":["post-334596","post","type-post","status-publish","format-standard","has-post-thumbnail","category-estudios","category-noticias","category-prevencion-y-asistencia-sanitaria","category-rx-es","pmpro-has-access"],"acf":[],"publishpress_future_action":{"enabled":false,"date":"2026-05-05 03:22:02","action":"change-status","newStatus":"draft","terms":[],"taxonomy":"category","extraData":[]},"publishpress_future_workflow_manual_trigger":{"enabledWorkflows":[]},"wpml_current_locale":"es_ES","wpml_translations":[],"_links":{"self":[{"href":"https:\/\/medizinonline.com\/es\/wp-json\/wp\/v2\/posts\/334596","targetHints":{"allow":["GET"]}}],"collection":[{"href":"https:\/\/medizinonline.com\/es\/wp-json\/wp\/v2\/posts"}],"about":[{"href":"https:\/\/medizinonline.com\/es\/wp-json\/wp\/v2\/types\/post"}],"author":[{"embeddable":true,"href":"https:\/\/medizinonline.com\/es\/wp-json\/wp\/v2\/users\/7"}],"replies":[{"embeddable":true,"href":"https:\/\/medizinonline.com\/es\/wp-json\/wp\/v2\/comments?post=334596"}],"version-history":[{"count":0,"href":"https:\/\/medizinonline.com\/es\/wp-json\/wp\/v2\/posts\/334596\/revisions"}],"wp:featuredmedia":[{"embeddable":true,"href":"https:\/\/medizinonline.com\/es\/wp-json\/wp\/v2\/media\/94215"}],"wp:attachment":[{"href":"https:\/\/medizinonline.com\/es\/wp-json\/wp\/v2\/media?parent=334596"}],"wp:term":[{"taxonomy":"category","embeddable":true,"href":"https:\/\/medizinonline.com\/es\/wp-json\/wp\/v2\/category?post=334596"},{"taxonomy":"post_tag","embeddable":true,"href":"https:\/\/medizinonline.com\/es\/wp-json\/wp\/v2\/tags?post=334596"},{"taxonomy":"powerkit_post_featured","embeddable":true,"href":"https:\/\/medizinonline.com\/es\/wp-json\/wp\/v2\/powerkit_post_featured?post=334596"}],"curies":[{"name":"wp","href":"https:\/\/api.w.org\/{rel}","templated":true}]}}