{"id":334948,"date":"2020-02-22T01:00:00","date_gmt":"2020-02-22T00:00:00","guid":{"rendered":"https:\/\/medizinonline.com\/incluso-sin-placas-el-amianto-puede-ser-el-culpable\/"},"modified":"2020-02-22T01:00:00","modified_gmt":"2020-02-22T00:00:00","slug":"incluso-sin-placas-el-amianto-puede-ser-el-culpable","status":"publish","type":"post","link":"https:\/\/medizinonline.com\/es\/incluso-sin-placas-el-amianto-puede-ser-el-culpable\/","title":{"rendered":"Incluso sin placas, el amianto puede ser el culpable"},"content":{"rendered":"<p><strong>A menudo se pierde de vista en la anamnesis cl\u00ednica y pr\u00e1ctica diaria el hecho de que puede haber razones relacionadas con el trabajo detr\u00e1s de las enfermedades neumol\u00f3gicas. Especialmente en el caso del c\u00e1ncer de amianto, antes se supon\u00eda que las placas deb\u00edan ser siempre detectables. Un error, como demuestran ahora los resultados del estudio.<\/strong><\/p>\n<p> <!--more--> <\/p>\n<p>Los m\u00e9dicos del departamento de patolog\u00eda de Bochum evaluaron los an\u00e1lisis del polvo pulmonar de 2015 en comparaci\u00f3n con los datos de exposici\u00f3n (c\u00e1lculos del a\u00f1o de la fibra) y la radiolog\u00eda de los pulmones y la pleura. Los investigadores reunieron 1038 conjuntos de datos, 36 de ellos de microscop\u00eda electr\u00f3nica. Se conoc\u00eda el estado de la placa en 727 pacientes y se dispon\u00eda de c\u00e1lculos del a\u00f1o-fibra en 512. &#8220;Nada de esto era muy creativo, pero quer\u00edan ver qu\u00e9 datos ten\u00edan en el s\u00f3tano&#8221;, dijo el Prof. Dr. med. Dennis Nowak, de M\u00fanich, sobre el estudio de Bochum. Sin embargo, hay que subrayar al mismo tiempo que este caso t\u00edpico de estudio retrospectivo proporcion\u00f3, no obstante, algunas conclusiones muy interesantes: Por un lado, en el caso de una exposici\u00f3n ocupacional acumulativa elevada superior a 25 a\u00f1os fibra, se pudo observar una correlaci\u00f3n de los a\u00f1os fibra calculados con la detecci\u00f3n cuantitativa de cuerpos de amianto en el tejido pulmonar. A niveles bajos de exposici\u00f3n, se produce tanto un n\u00famero bajo como alto de cuerpos de amianto en el tejido. No s\u00f3lo se encontraron asbestosis de grado I, sino tambi\u00e9n de los grados II a IV con cifras bajas de un d\u00edgito por a\u00f1o-fibra. El Prof. Nowak lo encontr\u00f3 muy notable: &#8220;Ahora uno puede preguntarse si incluso muy poco amianto produce asbestosis, o si los c\u00e1lculos de fibra-a\u00f1o son demasiado bajos&#8230;&#8221;<\/p>\n<p>El otro hallazgo del an\u00e1lisis fue que en la mitad de las asbestosis confirmadas histol\u00f3gicamente (n=47 frente a 48), incluso con una evaluaci\u00f3n completa de los hallazgos radiol\u00f3gicos y, en caso necesario, los resultados no estaban disponibles. No se encontraron placas en los resultados de la secci\u00f3n. La conclusi\u00f3n del experto fue, por tanto, que la idea generalmente aceptada de que las placas son casi siempre detectables en las asbestosis y que la ausencia de tales placas habla en contra de una fibrosis pulmonar causada por el amianto no parece aplicarse siempre seg\u00fan estos datos. El hecho de que en pacientes con menos de 25 a\u00f1os de fibra y sin evidencia radiol\u00f3gica de cambios pulmonares o pleurales causados por el polvo de amianto, el procesamiento histol\u00f3gico del tejido pulmonar pueda proporcionar a menudo una prueba completa de asbestosis es, en opini\u00f3n del Prof. Nowak, una raz\u00f3n para recomendar el reconocimiento de una BK basada en estos hallazgos.<\/p>\n<p>\nPara saber m\u00e1s:<\/p>\n<ul>\n<li>Feder IS, Theile A, Tannapfel A: Hallazgos histol\u00f3gicos y an\u00e1lisis del polvo pulmonar como base para la indemnizaci\u00f3n por enfermedad profesional en el c\u00e1ncer de pulm\u00f3n relacionado con el amianto en Alemania. Revista Internacional de Medicina del Trabajo y Salud Medioambiental 2018; 31: 293-305.<\/li>\n<\/ul>\n<p>\n<em>InFo ONcOLOG\u00edA &amp; HEMATOLOG\u00edA 2019; 7(6): 30<\/em><\/p>\n","protected":false},"excerpt":{"rendered":"<p>A menudo se pierde de vista en la anamnesis cl\u00ednica y pr\u00e1ctica diaria el hecho de que puede haber razones relacionadas con el trabajo detr\u00e1s de las enfermedades neumol\u00f3gicas. Especialmente&hellip;<\/p>\n","protected":false},"author":7,"featured_media":93625,"comment_status":"closed","ping_status":"","sticky":false,"template":"","format":"standard","meta":{"_acf_changed":false,"pmpro_default_level":"","cat_1_feature_home_top":false,"cat_2_editor_pick":false,"csco_eyebrow_text":"Asbestosis","footnotes":""},"category":[11475,11424,11470,11336,11552],"tags":[15308,26479,25479],"powerkit_post_featured":[],"class_list":["post-334948","post","type-post","status-publish","format-standard","has-post-thumbnail","category-estudios","category-neumologia","category-noticias","category-oncologia","category-rx-es","tag-amianto-es","tag-asbestosis-es","tag-placas-es","pmpro-has-access"],"acf":[],"publishpress_future_action":{"enabled":false,"date":"2026-05-03 20:04:41","action":"change-status","newStatus":"draft","terms":[],"taxonomy":"category","extraData":[]},"publishpress_future_workflow_manual_trigger":{"enabledWorkflows":[]},"wpml_current_locale":"es_ES","wpml_translations":[],"_links":{"self":[{"href":"https:\/\/medizinonline.com\/es\/wp-json\/wp\/v2\/posts\/334948","targetHints":{"allow":["GET"]}}],"collection":[{"href":"https:\/\/medizinonline.com\/es\/wp-json\/wp\/v2\/posts"}],"about":[{"href":"https:\/\/medizinonline.com\/es\/wp-json\/wp\/v2\/types\/post"}],"author":[{"embeddable":true,"href":"https:\/\/medizinonline.com\/es\/wp-json\/wp\/v2\/users\/7"}],"replies":[{"embeddable":true,"href":"https:\/\/medizinonline.com\/es\/wp-json\/wp\/v2\/comments?post=334948"}],"version-history":[{"count":0,"href":"https:\/\/medizinonline.com\/es\/wp-json\/wp\/v2\/posts\/334948\/revisions"}],"wp:featuredmedia":[{"embeddable":true,"href":"https:\/\/medizinonline.com\/es\/wp-json\/wp\/v2\/media\/93625"}],"wp:attachment":[{"href":"https:\/\/medizinonline.com\/es\/wp-json\/wp\/v2\/media?parent=334948"}],"wp:term":[{"taxonomy":"category","embeddable":true,"href":"https:\/\/medizinonline.com\/es\/wp-json\/wp\/v2\/category?post=334948"},{"taxonomy":"post_tag","embeddable":true,"href":"https:\/\/medizinonline.com\/es\/wp-json\/wp\/v2\/tags?post=334948"},{"taxonomy":"powerkit_post_featured","embeddable":true,"href":"https:\/\/medizinonline.com\/es\/wp-json\/wp\/v2\/powerkit_post_featured?post=334948"}],"curies":[{"name":"wp","href":"https:\/\/api.w.org\/{rel}","templated":true}]}}