{"id":335535,"date":"2019-11-01T01:00:00","date_gmt":"2019-11-01T00:00:00","guid":{"rendered":"https:\/\/medizinonline.com\/nuevas-estrategias-en-la-lucha-contra-el-cancer-de-piel\/"},"modified":"2019-11-01T01:00:00","modified_gmt":"2019-11-01T00:00:00","slug":"nuevas-estrategias-en-la-lucha-contra-el-cancer-de-piel","status":"publish","type":"post","link":"https:\/\/medizinonline.com\/es\/nuevas-estrategias-en-la-lucha-contra-el-cancer-de-piel\/","title":{"rendered":"Nuevas estrategias en la lucha contra el c\u00e1ncer de piel"},"content":{"rendered":"<p><strong>Los \u00faltimos estudios dermato-oncol\u00f3gicos sobre prevenci\u00f3n, diagn\u00f3stico y terapia fueron el tema del Congreso Alem\u00e1n sobre C\u00e1ncer de Piel. Hay avances prometedores en la terapia del melanoma, en el tratamiento del carcinoma basocelular, las queratosis act\u00ednicas, los linfomas cut\u00e1neos y otros c\u00e1nceres de piel.<\/strong><\/p>\n<p> <!--more--> <\/p>\n<p><strong>\u00bfQu\u00e9 enfoques y acentos especiales ha puesto en el congreso sobre c\u00e1ncer de piel de este a\u00f1o en Ludwigshafen?<\/strong><\/p>\n<p><strong><br \/>\n  <em>Prof. Dr. med. Edgar Dippel:<\/em><br \/>\n<\/strong> En el campo de la dermato-oncolog\u00eda, en los \u00faltimos a\u00f1os y d\u00e9cadas se han producido avances decisivos que cada vez tienen m\u00e1s cabida en la pr\u00e1ctica. Como muestra claramente el programa extremadamente diverso y orientado a la pr\u00e1ctica, nuestra conferencia anual no s\u00f3lo refleja el estado actual de los conocimientos en este campo, sino que tambi\u00e9n presenta nuevas estrategias en el diagn\u00f3stico y la terapia del c\u00e1ncer de piel. Con vistas a ASCO 2019, es decir, el mayor congreso mundial sobre el c\u00e1ncer de la Sociedad Americana de Oncolog\u00eda Cl\u00ednica, que acaba de celebrarse en Chicago a principios de junio, se presentar\u00e1n los \u00faltimos hallazgos de la dermato-oncolog\u00eda. La atenci\u00f3n se centrar\u00e1 en los resultados a largo plazo en la terapia del melanoma metast\u00e1sico, los nuevos resultados de las terapias adyuvantes y los nuevos resultados de la terapia sist\u00e9mica para el carcinoma de c\u00e9lulas escamosas y el linfoma cut\u00e1neo.<\/p>\n<p><strong>\u00bfCu\u00e1les son los principales problemas? \u00bfEn qu\u00e9 \u00e1mbitos espera nuevos impulsos? \u00bfQu\u00e9 datos y conclusiones le despiertan especial curiosidad?<\/strong><\/p>\n<p>Los temas principales de nuestro congreso sobre el c\u00e1ncer de piel son los resultados actuales de la investigaci\u00f3n, los avances en el diagn\u00f3stico y las opciones de tratamiento de los distintos tipos de c\u00e1ncer de piel. Esperamos nuevos impulsos en nuestra cooperaci\u00f3n interdisciplinar con sociedades especializadas relacionadas tem\u00e1ticamente; esto ha demostrado su \u00e9xito en los \u00faltimos a\u00f1os y ya est\u00e1 establecido en nuestros congresos anuales. Por supuesto, estoy ansioso por escuchar los \u00faltimos estudios cient\u00edficos presentados y debatidos por cl\u00ednicos experimentados y cient\u00edficos de renombre.<\/p>\n<p>Destacan las conferencias magistrales del Prof. Dr. Stefan W. Hell sobre la microscop\u00eda de estructuras moleculares. Espero con impaciencia el especial &#8220;Conozca al experto&#8221;, en el que los congresistas podr\u00e1n aprovechar la oportunidad para debatir con el conocido premio Nobel. Espero con especial inter\u00e9s las conferencias sobre terapias celulares del Prof. Dr. John Haanen de \u00c1msterdam y sobre las perspectivas de la prevenci\u00f3n del melanoma del Prof. Dr. Alexander J. Stratigos de Atenas.<\/p>\n<p><strong>Tras los innovadores enfoques terap\u00e9uticos en dermato-oncolog\u00eda de los \u00faltimos a\u00f1os, \u00bfqu\u00e9 novedades se esperan?<\/strong><\/p>\n<p>En cualquier caso, se presentar\u00e1n los datos actuales sobre las opciones de estrategias avanzadas para el melanoma y otros tumores cut\u00e1neos mediante terapias dirigidas, inmunoterapia con inibidores de puntos de control y terapias combinadas. Los estudios diferenciados muestran que el desarrollo es realmente continuo hasta el uso en terapia adyuvante para reducir el riesgo de recidiva. Pero tambi\u00e9n se han aprobado nuevos f\u00e1rmacos para los tumores m\u00e1s raros, como los linfomas cut\u00e1neos, y la experiencia inicial ha demostrado que son muy alentadores.<\/p>\n<p><strong>\u00bfQu\u00e9 novedades importantes se presentar\u00e1n que ya est\u00e9n beneficiando a los pacientes en tratamiento?<\/strong><\/p>\n<p>Hay algunas cosas que mencionar aqu\u00ed. Por ejemplo, sobre el carcinoma escamoso avanzado, el segundo c\u00e1ncer de piel m\u00e1s mort\u00edfero despu\u00e9s del melanoma, y la terapia basada en anticuerpos para el linfoma cut\u00e1neo avanzado. El ADO, Grupo de Trabajo de Oncolog\u00eda Dermatol\u00f3gica de la Sociedad Alemana contra el C\u00e1ncer, elabora directrices diagn\u00f3sticas y terap\u00e9uticas para el melanoma maligno, el carcinoma basocelular, el carcinoma de c\u00e9lulas escamosas, el carcinoma de c\u00e9lulas de Merkel, el sarcoma de Kaposi y los linfomas cut\u00e1neos. Estamos muy interesados en promover la cooperaci\u00f3n cient\u00edfica -tambi\u00e9n en el marco del Congreso Alem\u00e1n de C\u00e1ncer de Piel- y en mejorar la calidad de la atenci\u00f3n dermato-oncol\u00f3gica al paciente en Alemania, Austria y Suiza. Por lo tanto, nuestro objetivo es, por supuesto, que nuestros pacientes con c\u00e1ncer de piel se beneficien de los nuevos avances lo antes posible y que las directrices se actualicen en consecuencia.&#8221;<\/p>\n<p><strong>A pesar de los inmensos progresos terap\u00e9uticos, se prev\u00e9 que el n\u00famero de casos de c\u00e1ncer de piel se duplique de aqu\u00ed a 2030. \u00bfC\u00f3mo puede explicarse esto? \u00bfEn qu\u00e9 \u00e1mbitos tiene que cambiar algo?<\/strong><\/p>\n<p>De hecho, a pesar de los inmensos avances m\u00e9dicos, el c\u00e1ncer de piel sigue siendo el c\u00e1ncer m\u00e1s frecuente y con mayor \u00edndice de aumento. El aumento de los casos de c\u00e1ncer de piel se debe al uso excesivamente descuidado del sol en las \u00faltimas d\u00e9cadas. La exposici\u00f3n solar intensiva en la infancia y la adolescencia es, sin duda, responsable en parte de los da\u00f1os cut\u00e1neos relacionados con los rayos UV y de c\u00e1nceres como el carcinoma de c\u00e9lulas basales, el carcinoma de c\u00e9lulas escamosas y el melanoma maligno. En los pr\u00f3ximos a\u00f1os y d\u00e9cadas, las personas cuya piel ha estado expuesta a los rayos del sol durante demasiados a\u00f1os sin la protecci\u00f3n adecuada enfermar\u00e1n. En principio, hay mucho que hacer aqu\u00ed para que se produzca realmente un efecto contrarrestante. La conciencia de c\u00f3mo nos comportamos bajo el sol tiene que cambiar en general. Si nos fijamos en Australia, vemos que es muy posible que dentro de unos a\u00f1os sea necesaria una protecci\u00f3n eficaz de la piel. Tambi\u00e9n podemos esperar que contin\u00fae el debate sobre el uso del cribado del c\u00e1ncer de piel, que hasta ahora s\u00f3lo utilizan una de cada tres personas. Si un mayor n\u00famero de personas aprovecha esta oportunidad de detecci\u00f3n precoz, contribuir\u00e1 a garantizar que a largo plazo -es decir, durante las pr\u00f3ximas d\u00e9cadas- las tasas de c\u00e1ncer de piel no sigan aumentando.<\/p>\n<p>\n<em>Fuente: Entrevista &#8220;Nuevas estrategias diagn\u00f3sticas y terap\u00e9uticas en dermato-oncolog\u00eda &#8211; avances en la lucha contra el c\u00e1ncer de piel&#8221;, Arbeitsgemeinschaft Dermatologische Onkologie der Deutschen Krebsgesellschaft, 20.08.2019<\/em><\/p>\n<p>&nbsp;<\/p>\n<p><em>InFo ONCOLOGY &amp; HEMATOLOGY 2019; 7(4): 36 (publicado el 20.9.19, antes de impresi\u00f3n).<\/em><\/p>\n","protected":false},"excerpt":{"rendered":"<p>Los \u00faltimos estudios dermato-oncol\u00f3gicos sobre prevenci\u00f3n, diagn\u00f3stico y terapia fueron el tema del Congreso Alem\u00e1n sobre C\u00e1ncer de Piel. Hay avances prometedores en la terapia del melanoma, en el tratamiento&hellip;<\/p>\n","protected":false},"author":7,"featured_media":91321,"comment_status":"closed","ping_status":"","sticky":false,"template":"","format":"standard","meta":{"_acf_changed":false,"pmpro_default_level":"","cat_1_feature_home_top":false,"cat_2_editor_pick":false,"csco_eyebrow_text":"Dermato-Oncolog\u00eda","footnotes":"","_members_access_role":[],"_members_access_error":""},"category":[11310,11483,11487,11336,11552],"tags":[12286,27548,12288],"powerkit_post_featured":[],"class_list":["post-335535","post","type-post","status-publish","format-standard","has-post-thumbnail","category-dermatologia-y-venereologia","category-el-congreso-informa","category-entrevistas","category-oncologia","category-rx-es","tag-cancer-de-piel","tag-congreso-sobre-el-cancer-de-piel","tag-melanoma","pmpro-has-access"],"acf":[],"publishpress_future_action":{"enabled":false,"date":"2026-09-07 07:08:24","action":"change-status","newStatus":"draft","terms":[],"taxonomy":"category","extraData":[]},"publishpress_future_workflow_manual_trigger":{"enabledWorkflows":[]},"wpml_current_locale":"es_ES","wpml_translations":[],"_links":{"self":[{"href":"https:\/\/medizinonline.com\/es\/wp-json\/wp\/v2\/posts\/335535","targetHints":{"allow":["GET"]}}],"collection":[{"href":"https:\/\/medizinonline.com\/es\/wp-json\/wp\/v2\/posts"}],"about":[{"href":"https:\/\/medizinonline.com\/es\/wp-json\/wp\/v2\/types\/post"}],"author":[{"embeddable":true,"href":"https:\/\/medizinonline.com\/es\/wp-json\/wp\/v2\/users\/7"}],"replies":[{"embeddable":true,"href":"https:\/\/medizinonline.com\/es\/wp-json\/wp\/v2\/comments?post=335535"}],"version-history":[{"count":0,"href":"https:\/\/medizinonline.com\/es\/wp-json\/wp\/v2\/posts\/335535\/revisions"}],"wp:featuredmedia":[{"embeddable":true,"href":"https:\/\/medizinonline.com\/es\/wp-json\/wp\/v2\/media\/91321"}],"wp:attachment":[{"href":"https:\/\/medizinonline.com\/es\/wp-json\/wp\/v2\/media?parent=335535"}],"wp:term":[{"taxonomy":"category","embeddable":true,"href":"https:\/\/medizinonline.com\/es\/wp-json\/wp\/v2\/category?post=335535"},{"taxonomy":"post_tag","embeddable":true,"href":"https:\/\/medizinonline.com\/es\/wp-json\/wp\/v2\/tags?post=335535"},{"taxonomy":"powerkit_post_featured","embeddable":true,"href":"https:\/\/medizinonline.com\/es\/wp-json\/wp\/v2\/powerkit_post_featured?post=335535"}],"curies":[{"name":"wp","href":"https:\/\/api.w.org\/{rel}","templated":true}]}}