{"id":335758,"date":"2019-09-07T02:00:00","date_gmt":"2019-09-07T00:00:00","guid":{"rendered":"https:\/\/medizinonline.com\/identificada-la-estrategia-de-supervivencia-de-los-neumococos-en-el-sistema-nervioso-central\/"},"modified":"2019-09-07T02:00:00","modified_gmt":"2019-09-07T00:00:00","slug":"identificada-la-estrategia-de-supervivencia-de-los-neumococos-en-el-sistema-nervioso-central","status":"publish","type":"post","link":"https:\/\/medizinonline.com\/es\/identificada-la-estrategia-de-supervivencia-de-los-neumococos-en-el-sistema-nervioso-central\/","title":{"rendered":"Identificada la estrategia de supervivencia de los neumococos en el sistema nervioso central"},"content":{"rendered":"<p><strong>La meningitis causada por neumococos es responsable de cerca del 0,6% de todas las muertes en el mundo, por lo que figura en la lista de las diez principales infecciones a nivel mundial. Un equipo internacional de investigaci\u00f3n ha obtenido ahora importantes conocimientos sobre las estrategias de supervivencia de los neumococos.<\/strong><\/p>\n<p> <!--more--> <\/p>\n<p>La meningitis neumoc\u00f3cica es responsable de alrededor del 0,6% de todas las muertes en el mundo. La meningitis bacteriana figura as\u00ed en la lista de las diez infecciones m\u00e1s importantes en todo el mundo. En el estudio participaron investigadores de la Universidad y del Centro M\u00e9dico Universitario de Greifswald, del Instituto Interfacultativo de Gen\u00e9tica e Investigaci\u00f3n del Genoma Funcional (C_FunGene), de la Cl\u00ednica Neurol\u00f3gica del Hospital LMU de M\u00fanich y otros investigadores internacionales.<\/p>\n<p>La meningitis es una de las enfermedades neumoc\u00f3cicas invasivas m\u00e1s temidas. Esta enfermedad suele deberse a que las bacterias se propagan por el torrente sangu\u00edneo y los neumococos superan la barrera sangre-cerebro-l\u00edquido cefalorraqu\u00eddeo (LCR). M\u00e1s raramente, es el resultado de un foco supurativo local, como puede ocurrir en la otitis media. La tasa de mortalidad en ni\u00f1os oscila entre el cinco y el diez por ciento, en pacientes de alto riesgo y ancianos incluso hasta el 80 por ciento. A pesar de las mejoras terap\u00e9uticas, la creciente resistencia a los antibi\u00f3ticos de los neumococos dificulta el tratamiento y hace necesario el desarrollo de estrategias preventivas o de intervenci\u00f3n novedosas. Para ello es crucial comprender el curso de la enfermedad -la patog\u00e9nesis- y al pat\u00f3geno bacteriano en su entorno hu\u00e9sped.<\/p>\n<p>En un enfoque innovador que utiliza un modelo experimental de meningitis y la prote\u00f3mica, el equipo de investigaci\u00f3n interdisciplinar analiz\u00f3 el proteoma in vivo de los neumococos tras aislar las bacterias del l\u00edquido cefalorraqu\u00eddeo (LCR) de ratones. En el proceso, se identificaron prote\u00ednas en los neumococos que se produc\u00edan en mayor cantidad. Era una prote\u00edna transportadora de los llamados oligop\u00e9ptidos y una prote\u00edna reguladora que controla la captaci\u00f3n de ADN extracelular. La importancia de estas prote\u00ednas qued\u00f3 demostrada por estudios posteriores en el modelo de meningitis experimental. La ausencia de las prote\u00ednas neumoc\u00f3cicas provoc\u00f3 una reducci\u00f3n de las hemorragias cerebrales y de la inmigraci\u00f3n de c\u00e9lulas inmunitarias&#8221;, explica el profesor Sven Hammerschmidt, de la Universidad de Greifswald. Adem\u00e1s, estos mutantes neumoc\u00f3cicos s\u00f3lo fueron capaces de atravesar en peque\u00f1a medida la barrera hematoencef\u00e1lica.<\/p>\n<p>Los resultados muestran lo importante que es conocer la fisiolog\u00eda y la fisiopatolog\u00eda de los neumococos en condiciones de infecci\u00f3n para poder desarrollar nuevas dianas para medidas preventivas o terap\u00e9uticas.<\/p>\n<p>\nPara saber m\u00e1s:<\/p>\n<ul>\n<li>Schmidt F, Kakar N, Meyer TC, et al: (2019). La prote\u00f3mica in vivo identifica el regul\u00f3n de competencia y el transportador de oligop\u00e9ptidos AliB como factores pat\u00f3genos en la meningitis neumoc\u00f3cica. PLoS Pat\u00f3genos 15:e1007987<\/li>\n<\/ul>\n<p>\n<em>Fuente: Universidad de Greifswald (D)<\/em><\/p>\n<p>&nbsp;<\/p>\n<p><em>InFo NEUROLOG\u00cdA Y PSIQUIATR\u00cdA 2019; 17(5): 14<\/em><\/p>\n","protected":false},"excerpt":{"rendered":"<p>La meningitis causada por neumococos es responsable de cerca del 0,6% de todas las muertes en el mundo, por lo que figura en la lista de las diez principales infecciones&hellip;<\/p>\n","protected":false},"author":7,"featured_media":90910,"comment_status":"closed","ping_status":"","sticky":false,"template":"","format":"standard","meta":{"_acf_changed":false,"pmpro_default_level":"","cat_1_feature_home_top":false,"cat_2_editor_pick":false,"csco_eyebrow_text":"Meningitis bacteriana","footnotes":""},"category":[11475,11372,11328,11470,11552],"tags":[27949,27957,15108],"powerkit_post_featured":[],"class_list":["post-335758","post","type-post","status-publish","format-standard","has-post-thumbnail","category-estudios","category-infectologia","category-neurologia","category-noticias","category-rx-es","tag-meningitis-es","tag-meningitis-es-2","tag-neumococo","pmpro-has-access"],"acf":[],"publishpress_future_action":{"enabled":false,"date":"2026-05-07 02:45:55","action":"change-status","newStatus":"draft","terms":[],"taxonomy":"category","extraData":[]},"publishpress_future_workflow_manual_trigger":{"enabledWorkflows":[]},"wpml_current_locale":"es_ES","wpml_translations":[],"_links":{"self":[{"href":"https:\/\/medizinonline.com\/es\/wp-json\/wp\/v2\/posts\/335758","targetHints":{"allow":["GET"]}}],"collection":[{"href":"https:\/\/medizinonline.com\/es\/wp-json\/wp\/v2\/posts"}],"about":[{"href":"https:\/\/medizinonline.com\/es\/wp-json\/wp\/v2\/types\/post"}],"author":[{"embeddable":true,"href":"https:\/\/medizinonline.com\/es\/wp-json\/wp\/v2\/users\/7"}],"replies":[{"embeddable":true,"href":"https:\/\/medizinonline.com\/es\/wp-json\/wp\/v2\/comments?post=335758"}],"version-history":[{"count":0,"href":"https:\/\/medizinonline.com\/es\/wp-json\/wp\/v2\/posts\/335758\/revisions"}],"wp:featuredmedia":[{"embeddable":true,"href":"https:\/\/medizinonline.com\/es\/wp-json\/wp\/v2\/media\/90910"}],"wp:attachment":[{"href":"https:\/\/medizinonline.com\/es\/wp-json\/wp\/v2\/media?parent=335758"}],"wp:term":[{"taxonomy":"category","embeddable":true,"href":"https:\/\/medizinonline.com\/es\/wp-json\/wp\/v2\/category?post=335758"},{"taxonomy":"post_tag","embeddable":true,"href":"https:\/\/medizinonline.com\/es\/wp-json\/wp\/v2\/tags?post=335758"},{"taxonomy":"powerkit_post_featured","embeddable":true,"href":"https:\/\/medizinonline.com\/es\/wp-json\/wp\/v2\/powerkit_post_featured?post=335758"}],"curies":[{"name":"wp","href":"https:\/\/api.w.org\/{rel}","templated":true}]}}