{"id":335927,"date":"2019-07-20T02:00:00","date_gmt":"2019-07-20T00:00:00","guid":{"rendered":"https:\/\/medizinonline.com\/identificacion-de-los-tumores-timicos-y-tratamiento-de-vanguardia\/"},"modified":"2019-07-20T02:00:00","modified_gmt":"2019-07-20T00:00:00","slug":"identificacion-de-los-tumores-timicos-y-tratamiento-de-vanguardia","status":"publish","type":"post","link":"https:\/\/medizinonline.com\/es\/identificacion-de-los-tumores-timicos-y-tratamiento-de-vanguardia\/","title":{"rendered":"Identificaci\u00f3n de los tumores t\u00edmicos y tratamiento de vanguardia"},"content":{"rendered":"<p><strong>Los tumores t\u00edmicos pertenecen a las enfermedades malignas raras. Los m\u00e9todos terap\u00e9uticos m\u00ednimamente invasivos permiten ahora un buen pron\u00f3stico.<\/strong><\/p>\n<p> <!--more--> <\/p>\n<p>Los tumores t\u00edmicos se diferencian patol\u00f3gicamente en timomas, carcinomas t\u00edmicos y tumores t\u00edmicos neuroendocrinos. Las raras masas localizadas en el mediastino anterior pueden aparecer a cualquier edad y a menudo no provocan ning\u00fan s\u00edntoma.&nbsp;  Los pacientes con s\u00edntomas cl\u00ednicos se quejan predominantemente de presi\u00f3n, dolor, tos o dificultad respiratoria.<\/p>\n<p>Los timomas est\u00e1n formados por c\u00e9lulas epiteliales y linfoc\u00edticas. Sin embargo, las c\u00e9lulas epiteliales se consideran la parte maligna tanto de los timomas como de los carcinomas t\u00edmicos. Seg\u00fan la clasificaci\u00f3n de la OMS, el timoma se divide en timoma medular, mixto, predominantemente cortical y cortical. Las quejas sist\u00e9micas o los cuadros cl\u00ednicos, como la miastenia gravis en particular, se dan en el 40% de los pacientes.<\/p>\n<h2 id=\"diagnostico-por-imagen\">Diagn\u00f3stico por imagen<\/h2>\n<p>La imagen -especialmente la tomograf\u00eda computerizada con medio de contraste- desempe\u00f1a un papel central en el diagn\u00f3stico y la estadificaci\u00f3n. En casos concretos, la decisi\u00f3n de confirmar el diagn\u00f3stico histol\u00f3gicamente tambi\u00e9n se toma bas\u00e1ndose en la resonancia magn\u00e9tica. Se eval\u00faa el tama\u00f1o y la delimitaci\u00f3n del timoma respecto a las estructuras vecinas. En \u00faltima instancia, s\u00f3lo se realiza una biopsia si se sospecha una neoplasia maligna.<\/p>\n<h2 id=\"terapia-minimamente-invasiva\">Terapia m\u00ednimamente invasiva<\/h2>\n<p>El tratamiento de elecci\u00f3n de los timomas es la resecci\u00f3n quir\u00fargica. Si las masas pueden extirparse por completo, el pron\u00f3stico es excelente. Mientras que en el pasado la esternotom\u00eda era obligatoria, hoy en d\u00eda se utilizan t\u00e9cnicas m\u00ednimamente invasivas como la VATS y la RATS (&#8220;cirug\u00eda toracosc\u00f3pica asistida por robot&#8221;). La cirug\u00eda abierta s\u00f3lo se recomienda a partir del estadio III. Entonces tambi\u00e9n deber\u00eda establecerse un concepto de tratamiento individual y multimodal con una posible terapia neoadyuvante.<\/p>\n<p>&nbsp;<\/p>\n<p>Para saber m\u00e1s:<\/p>\n<ul>\n<li>www.kup.at\/kup\/pdf\/11247.pdf (\u00faltimo acceso el 09.06.2019)<\/li>\n<li>www.thorax.usz.ch\/Documents\/smf-02715.pdf (\u00faltimo acceso el 09.06.2019)<\/li>\n<li>www.krebsgesellschaft.de\/onko-internetportal\/basis-informationen-krebs\/krebsarten\/andere-krebsarten\/thymom\/definition-und-haeufigkeit.html (\u00faltimo acceso el 09.06.2019)<\/li>\n<\/ul>\n<p>&nbsp;<\/p>\n<p><em>InFo ONcOLOG\u00edA &amp; HEMATOLOG\u00edA 2019, 7(2-3): 40<\/em><\/p>\n","protected":false},"excerpt":{"rendered":"<p>Los tumores t\u00edmicos pertenecen a las enfermedades malignas raras. Los m\u00e9todos terap\u00e9uticos m\u00ednimamente invasivos permiten ahora un buen pron\u00f3stico.<\/p>\n","protected":false},"author":7,"featured_media":90290,"comment_status":"closed","ping_status":"","sticky":false,"template":"","format":"standard","meta":{"_acf_changed":false,"pmpro_default_level":"","cat_1_feature_home_top":false,"cat_2_editor_pick":false,"csco_eyebrow_text":"Tumores mediast\u00ednicos","footnotes":""},"category":[11478,11336,11552],"tags":[28313,28297,28305],"powerkit_post_featured":[],"class_list":["post-335927","post","type-post","status-publish","format-standard","has-post-thumbnail","category-formacion-continua","category-oncologia","category-rx-es","tag-terapia-minimamente-invasiva","tag-tumores-de-timo","tag-tumores-mediastinicos","pmpro-has-access"],"acf":[],"publishpress_future_action":{"enabled":false,"date":"2026-05-06 21:38:44","action":"change-status","newStatus":"draft","terms":[],"taxonomy":"category","extraData":[]},"publishpress_future_workflow_manual_trigger":{"enabledWorkflows":[]},"wpml_current_locale":"es_ES","wpml_translations":[],"_links":{"self":[{"href":"https:\/\/medizinonline.com\/es\/wp-json\/wp\/v2\/posts\/335927","targetHints":{"allow":["GET"]}}],"collection":[{"href":"https:\/\/medizinonline.com\/es\/wp-json\/wp\/v2\/posts"}],"about":[{"href":"https:\/\/medizinonline.com\/es\/wp-json\/wp\/v2\/types\/post"}],"author":[{"embeddable":true,"href":"https:\/\/medizinonline.com\/es\/wp-json\/wp\/v2\/users\/7"}],"replies":[{"embeddable":true,"href":"https:\/\/medizinonline.com\/es\/wp-json\/wp\/v2\/comments?post=335927"}],"version-history":[{"count":0,"href":"https:\/\/medizinonline.com\/es\/wp-json\/wp\/v2\/posts\/335927\/revisions"}],"wp:featuredmedia":[{"embeddable":true,"href":"https:\/\/medizinonline.com\/es\/wp-json\/wp\/v2\/media\/90290"}],"wp:attachment":[{"href":"https:\/\/medizinonline.com\/es\/wp-json\/wp\/v2\/media?parent=335927"}],"wp:term":[{"taxonomy":"category","embeddable":true,"href":"https:\/\/medizinonline.com\/es\/wp-json\/wp\/v2\/category?post=335927"},{"taxonomy":"post_tag","embeddable":true,"href":"https:\/\/medizinonline.com\/es\/wp-json\/wp\/v2\/tags?post=335927"},{"taxonomy":"powerkit_post_featured","embeddable":true,"href":"https:\/\/medizinonline.com\/es\/wp-json\/wp\/v2\/powerkit_post_featured?post=335927"}],"curies":[{"name":"wp","href":"https:\/\/api.w.org\/{rel}","templated":true}]}}