{"id":336278,"date":"2019-05-23T02:00:00","date_gmt":"2019-05-23T00:00:00","guid":{"rendered":"https:\/\/medizinonline.com\/en-caso-de-insuficiencia-cardiaca-piense-en-la-carencia-de-hierro-anemia\/"},"modified":"2019-05-23T02:00:00","modified_gmt":"2019-05-23T00:00:00","slug":"en-caso-de-insuficiencia-cardiaca-piense-en-la-carencia-de-hierro-anemia","status":"publish","type":"post","link":"https:\/\/medizinonline.com\/es\/en-caso-de-insuficiencia-cardiaca-piense-en-la-carencia-de-hierro-anemia\/","title":{"rendered":"En caso de insuficiencia cardiaca, \u00a1piense en la carencia de hierro (anemia)!"},"content":{"rendered":"<p><strong>La carencia de hierro es una comorbilidad frecuente en pacientes con insuficiencia cardiaca y se ha asociado a un aumento de la mortalidad y los ingresos hospitalarios. El beneficio y la seguridad de los suplementos de hierro se investigaron en un metaan\u00e1lisis.<\/strong><\/p>\n<p> <!--more--> <\/p>\n<p><em>(Rojo)  <\/em>La prevalencia de la EM suele subestimarse. A pesar de unas reservas de hierro aparentemente adecuadas, evaluadas por los niveles s\u00e9ricos de hierro y ferritina, hasta tres cuartas partes de los pacientes con anemia, funci\u00f3n renal normal e IH avanzado presentan EM seg\u00fan los resultados de la aspiraci\u00f3n de m\u00e9dula \u00f3sea. El hierro es necesario para una hematopoyesis \u00f3ptima, pero tambi\u00e9n desempe\u00f1a un papel central en el transporte de ox\u00edgeno (hemoglobina), el almacenamiento (mioglobina), el metabolismo de los m\u00fasculos card\u00edacos y esquel\u00e9ticos, la s\u00edntesis y descomposici\u00f3n de prote\u00ednas, l\u00edpidos, \u00e1cidos ribonucleicos y para la funci\u00f3n mitocondrial. La captaci\u00f3n cardiaca de hierro y el manejo del hierro intracelular son esenciales para la funci\u00f3n cardiaca. El hierro en circulaci\u00f3n es transportado por la transferrina, que mantiene el hierro en un estado no reactivo.<\/p>\n<h2 id=\"fisiopatologia-y-epidemiologia\">Fisiopatolog\u00eda y epidemiolog\u00eda<\/h2>\n<p>La fisiopatolog\u00eda de la EM con IH es probablemente multifactorial. Cuando a los pacientes con IH se les diagnostica EM, es importante no pasar por alto otras causas como las \u00falceras gastrointestinales o las neoplasias malignas. Puede haber factores simples, como la p\u00e9rdida de sangre debida a la terapia antiplaquetaria o anticoagulante, que provoquen la p\u00e9rdida de hierro. La malabsorci\u00f3n tambi\u00e9n puede desempe\u00f1ar un papel. Adem\u00e1s, el edema intestinal intersticial puede provocar una reducci\u00f3n de la absorci\u00f3n oral de hierro. La sobrecarga del h\u00edgado tambi\u00e9n puede influir. El estado inflamatorio cr\u00f3nico asociado al IH provoca un aumento de los niveles de citocinas proinflamatorias como la interleucina-6 (IL-6). La inflamaci\u00f3n induce la s\u00edntesis de hepcidina, que reduce la liberaci\u00f3n del hierro almacenado. Mientras que la mayor\u00eda de las enfermedades inflamatorias cr\u00f3nicas se asocian a niveles m\u00e1s altos de hepcidina, los estudios en pacientes con IH han demostrado que la IH avanzada se asocia a niveles m\u00e1s bajos de hepcidina y no parece correlacionarse con la IL-6 en este grupo de pacientes. Esto puede deberse en parte al aumento de los niveles de eritropoyetina asociado al HI avanzado, as\u00ed como a la supresi\u00f3n de la hepicidina<strong> (tab.&nbsp;1)<\/strong>.<\/p>\n<p>&nbsp;<\/p>\n<p><img fetchpriority=\"high\" decoding=\"async\" class=\" size-full wp-image-11850\" alt=\"\" src=\"https:\/\/medizinonline.com\/wp-content\/uploads\/2019\/05\/tab1_hp5_s36.png\" style=\"height:639px; width:400px\" width=\"716\" height=\"1144\" srcset=\"https:\/\/medizinonline.com\/wp-content\/uploads\/2019\/05\/tab1_hp5_s36.png 716w, https:\/\/medizinonline.com\/wp-content\/uploads\/2019\/05\/tab1_hp5_s36-120x192.png 120w, https:\/\/medizinonline.com\/wp-content\/uploads\/2019\/05\/tab1_hp5_s36-90x144.png 90w, https:\/\/medizinonline.com\/wp-content\/uploads\/2019\/05\/tab1_hp5_s36-320x511.png 320w, https:\/\/medizinonline.com\/wp-content\/uploads\/2019\/05\/tab1_hp5_s36-560x895.png 560w\" sizes=\"(max-width: 716px) 100vw, 716px\" \/><\/p>\n<p>&nbsp;<\/p>\n<h2 id=\"suplementos-intravenosos\">Suplementos intravenosos<\/h2>\n<p>El hierro oral se absorbe mal, sobre todo en pacientes con enfermedades cr\u00f3nicas como el IH. Los efectos gastrointestinales adversos limitan la tolerabilidad. Se necesitar\u00edan varios meses de terapia oral con hierro para reproducir la EM en la IH, que normalmente requiere \u22651000&nbsp;mg. Por el contrario, s\u00f3lo se necesitan unas pocas inyecciones i.v. para lograr un aumento significativo de los marcadores de las reservas de hierro. La reposici\u00f3n de hierro por v\u00eda intravenosa evita el tracto gastrointestinal y mejora la absorci\u00f3n del hierro. Varios estudios peque\u00f1os han sugerido un beneficio potencial del hierro i.v. en pacientes con IH.<\/p>\n<p>&nbsp;<\/p>\n<p><img decoding=\"async\" class=\"size-full wp-image-11851 lazyload\" alt=\"\" data-src=\"https:\/\/medizinonline.com\/wp-content\/uploads\/2019\/05\/fazit_hp5_s36.png\" style=\"--smush-placeholder-width: 1100px; --smush-placeholder-aspect-ratio: 1100\/705;height:385px; width:600px\" width=\"1100\" height=\"705\" data-srcset=\"https:\/\/medizinonline.com\/wp-content\/uploads\/2019\/05\/fazit_hp5_s36.png 1100w, https:\/\/medizinonline.com\/wp-content\/uploads\/2019\/05\/fazit_hp5_s36-800x513.png 800w, https:\/\/medizinonline.com\/wp-content\/uploads\/2019\/05\/fazit_hp5_s36-120x77.png 120w, https:\/\/medizinonline.com\/wp-content\/uploads\/2019\/05\/fazit_hp5_s36-90x58.png 90w, https:\/\/medizinonline.com\/wp-content\/uploads\/2019\/05\/fazit_hp5_s36-320x205.png 320w, https:\/\/medizinonline.com\/wp-content\/uploads\/2019\/05\/fazit_hp5_s36-560x359.png 560w\" data-sizes=\"(max-width: 1100px) 100vw, 1100px\" src=\"data:image\/svg+xml;base64,PHN2ZyB3aWR0aD0iMSIgaGVpZ2h0PSIxIiB4bWxucz0iaHR0cDovL3d3dy53My5vcmcvMjAwMC9zdmciPjwvc3ZnPg==\" \/><\/p>\n<p>&nbsp;<\/p>\n<p><em>Fuente: Academia del Hierro 2019<\/em><\/p>\n<p>&nbsp;<\/p>\n<p><em>PR\u00c1CTICA GP 2019; 14(5): 36<br \/>\nCARDIOVASC 2019; 18(5): 26<\/em><br \/>\n&nbsp;<\/p>\n","protected":false},"excerpt":{"rendered":"<p>La carencia de hierro es una comorbilidad frecuente en pacientes con insuficiencia cardiaca y se ha asociado a un aumento de la mortalidad y los ingresos hospitalarios. El beneficio y&hellip;<\/p>\n","protected":false},"author":7,"featured_media":89170,"comment_status":"closed","ping_status":"closed","sticky":false,"template":"","format":"standard","meta":{"_acf_changed":false,"pmpro_default_level":"","cat_1_feature_home_top":false,"cat_2_editor_pick":false,"csco_eyebrow_text":"Suplementos de hierro","footnotes":""},"category":[11324,11483,11321,11288,11552],"tags":[29234,12715,13537],"powerkit_post_featured":[],"class_list":["post-336278","post","type-post","status-publish","format-standard","has-post-thumbnail","category-cardiologia","category-el-congreso-informa","category-hematologia","category-medicina-interna-general","category-rx-es","tag-anemia-ferropenica-es","tag-deficiencia-de-hierro","tag-ferritina-es","pmpro-has-access"],"acf":[],"publishpress_future_action":{"enabled":false,"date":"2026-05-03 14:05:26","action":"change-status","newStatus":"draft","terms":[],"taxonomy":"category","extraData":[]},"publishpress_future_workflow_manual_trigger":{"enabledWorkflows":[]},"wpml_current_locale":"es_ES","wpml_translations":[],"_links":{"self":[{"href":"https:\/\/medizinonline.com\/es\/wp-json\/wp\/v2\/posts\/336278","targetHints":{"allow":["GET"]}}],"collection":[{"href":"https:\/\/medizinonline.com\/es\/wp-json\/wp\/v2\/posts"}],"about":[{"href":"https:\/\/medizinonline.com\/es\/wp-json\/wp\/v2\/types\/post"}],"author":[{"embeddable":true,"href":"https:\/\/medizinonline.com\/es\/wp-json\/wp\/v2\/users\/7"}],"replies":[{"embeddable":true,"href":"https:\/\/medizinonline.com\/es\/wp-json\/wp\/v2\/comments?post=336278"}],"version-history":[{"count":0,"href":"https:\/\/medizinonline.com\/es\/wp-json\/wp\/v2\/posts\/336278\/revisions"}],"wp:featuredmedia":[{"embeddable":true,"href":"https:\/\/medizinonline.com\/es\/wp-json\/wp\/v2\/media\/89170"}],"wp:attachment":[{"href":"https:\/\/medizinonline.com\/es\/wp-json\/wp\/v2\/media?parent=336278"}],"wp:term":[{"taxonomy":"category","embeddable":true,"href":"https:\/\/medizinonline.com\/es\/wp-json\/wp\/v2\/category?post=336278"},{"taxonomy":"post_tag","embeddable":true,"href":"https:\/\/medizinonline.com\/es\/wp-json\/wp\/v2\/tags?post=336278"},{"taxonomy":"powerkit_post_featured","embeddable":true,"href":"https:\/\/medizinonline.com\/es\/wp-json\/wp\/v2\/powerkit_post_featured?post=336278"}],"curies":[{"name":"wp","href":"https:\/\/api.w.org\/{rel}","templated":true}]}}