{"id":336893,"date":"2019-01-04T01:00:00","date_gmt":"2019-01-04T00:00:00","guid":{"rendered":"https:\/\/medizinonline.com\/demencia-el-diagnostico-precoz-es-importante\/"},"modified":"2019-01-04T01:00:00","modified_gmt":"2019-01-04T00:00:00","slug":"demencia-el-diagnostico-precoz-es-importante","status":"publish","type":"post","link":"https:\/\/medizinonline.com\/es\/demencia-el-diagnostico-precoz-es-importante\/","title":{"rendered":"Demencia: el diagn\u00f3stico precoz es importante"},"content":{"rendered":"<p><strong>El diagn\u00f3stico de demencia no debe hacerse a la ligera. Desencadena en el entorno social del paciente una cantidad similar a la de un diagn\u00f3stico de c\u00e1ncer. Y, sin embargo, es importante educar y formar a todos los implicados en una fase temprana.<\/strong><\/p>\n<div style=\"display: block;\">\n<div style=\"display: none;\">\n<div>\n<div>\n<table cellspacing=\"1\">\n<tbody>\n<tr>\n<td><strong>Reconocer una lenguaAfrik\u00e1ansAlban\u00e9sAmh\u00e1rico\u00c1rabeArmenioAzerbaiyanoBasqu\u00e9sBengal\u00edBirmanoBosnioB\u00falgaroCebuanoChichewaChino tradChino verD\u00e4nischDeutschEnglischEsperantoEstnischFilipinoFinnischFranz\u00f6sischFriesischGalizischGeorgischGriechischGujaratiHaitianischHausaHawaiischHebr\u00e4ischHindiHmongIgboIndonesischIrischIsl\u00e4ndischItalienischJapanischJavanesischJiddischKannadaKasachischKatalanischKhmerKirgisischKoreanischKorsischKroatischKurdischLaoLateinishLettischLitauischLuxemburgischMalagasyMalayalamMalaysischMaltesischMaoriMarathiMazedonischMongolischNepalesischNiederl\u00e4ndischNorwegischPaschtuPersischPolnischPortugiesischPunjabiRum\u00e4nischRussischSamoanischSchottisch-Ga\u00e9licoSerbioSesothoShonaSindhiSinghaleseEslovacoEslovenoSomal\u00edEspa\u00f1olSwahiliSundan\u00e9sTajikTamilTeluguTailandiaChecoTurcoUcranianoH\u00fangaroUrduUzbekoVietnamitaGalesoRusoXhosaYorubaZulu<\/strong><\/td>\n<td>\n<div id=\"SL_switch_b\" style=\"background: rgba(0, 0, 0, 0) url(\"moz-extension:\/\/27c8b66b-4e69-a543-b12c-ee19d038addf\/content\/img\/util\/switchb.png\") repeat scroll 0% 0%;\" title=\"Cambiar de idioma\">&nbsp;<\/div>\n<\/td>\n<td>\n<div style=\"display: block;\">\n<div style=\"display: none;\">\n<div>\n<div>\n<table cellspacing=\"1\">\n<tbody>\n<tr>\n<td><strong><strong>AfrikaansAlban\u00e9sAmh\u00e1rico\u00c1rabeArmenioAzerbaiyanoBascoBengal\u00edBirmanoBosnioB\u00falgaroCebuanoChichewaChino tradChino verD\u00e4nischDeutschEnglischEsperantoEstnischFilipinoFinnischFranz\u00f6sischFriesischGalizischGeorgischGriechischGujaratiHaitianischHausaHawaiischHebr\u00e4ischHindiHmongIgboIndonesischIrischIsl\u00e4ndischItalienischJapanischJavanesischJiddischKannadaKasachischKatalanischKhmerKirgisischKoreanischKorsischKroatischKurdischLaoLateinishLettischLitauischLuxemburgischMalagasyMalayalamMalaysischMaltesischMaoriMarathiMazedonischMongolischNepalesischNiederl\u00e4ndischNorwegischPaschtuPersischPolnischPortugiesischPunjabiRum\u00e4nischRussischSamoanischSchottisch-Ga\u00e9licoSerbioSesothoShonaSindhiSinghaleseEslovacoEslovenoSomal\u00edEspa\u00f1olSwahiliSundan\u00e9sTajikTamilTeluguTailandiaChecoTurcoUcranianoH\u00fangaroUrduUzbekoVietnamitaGalesoRusoXhosaYorubaZulu<\/strong><\/strong><\/td>\n<td>\n<div id=\"SL_TTS_voice\" style=\"background: rgba(0, 0, 0, 0) url(\"moz-extension:\/\/27c8b66b-4e69-a543-b12c-ee19d038addf\/content\/img\/util\/ttsvoice.png\") repeat scroll 0% 0%;\" title=\"indefinido\">&nbsp;<\/div>\n<\/td>\n<td>\n<div class=\"SL_copy\" id=\"SL_copy\" style=\"background: rgba(0, 0, 0, 0) url(\"moz-extension:\/\/27c8b66b-4e69-a543-b12c-ee19d038addf\/content\/img\/util\/copy.png\") repeat scroll 0% 0%;\" title=\"Copie\">&nbsp;<\/div>\n<\/td>\n<td>\n<div id=\"SL_bbl_font_patch\">&nbsp;<\/div>\n<div class=\"SL_bbl_font\" id=\"SL_bbl_font\" style=\"background: rgba(0, 0, 0, 0) url(\"moz-extension:\/\/27c8b66b-4e69-a543-b12c-ee19d038addf\/content\/img\/util\/font.png\") repeat scroll 0% 0%;\" title=\"Tama\u00f1o de letra\">&nbsp;<\/div>\n<\/td>\n<td>\n<div id=\"SL_bbl_help\" style=\"background: rgba(0, 0, 0, 0) url(\"moz-extension:\/\/27c8b66b-4e69-a543-b12c-ee19d038addf\/content\/img\/util\/bhelp.png\") repeat scroll 0% 0%;\" title=\"Ayuda\">&nbsp;<\/div>\n<\/td>\n<td>\n<div class=\"SL_pin_off\" id=\"SL_pin\" style=\"background: rgba(0, 0, 0, 0) url(\"moz-extension:\/\/27c8b66b-4e69-a543-b12c-ee19d038addf\/content\/img\/util\/pin-on.png\") repeat scroll 0% 0%;\" title=\"Traductor emergente de u\u00f1as\">&nbsp;<\/div>\n<\/td>\n<\/tr>\n<\/tbody>\n<\/table><\/div>\n<\/p><\/div>\n<div id=\"SL_shadow_translation_result\" style=\"visibility: visible;\">&nbsp;<\/div>\n<div class=\"SL_loading\" id=\"SL_loading\" style=\"background: rgba(0, 0, 0, 0) url(\"moz-extension:\/\/27c8b66b-4e69-a543-b12c-ee19d038addf\/content\/img\/util\/loading.gif\") repeat scroll 0% 0%;\">&nbsp;<\/div>\n<div id=\"SL_player2\">&nbsp;<\/div>\n<div id=\"SL_alert100\"><strong><strong><strong>La funci\u00f3n de sonido est\u00e1 limitada a 200 caracteres<\/strong><\/strong><\/strong><\/div>\n<div id=\"SL_Balloon_options\" style=\"background: rgb(255, 255, 255) url(\"moz-extension:\/\/27c8b66b-4e69-a543-b12c-ee19d038addf\/content\/img\/util\/bg3.png\") repeat scroll 0% 0%;\">\n<div id=\"SL_arrow_down\" style=\"background: rgba(0, 0, 0, 0) url(\"moz-extension:\/\/27c8b66b-4e69-a543-b12c-ee19d038addf\/content\/img\/util\/down.png\") repeat scroll 0% 0%;\">&nbsp;<\/div>\n<table id=\"SL_tbl_opt\" style=\"width:100%\">\n<tbody>\n<tr>\n<td>&nbsp;<\/td>\n<td>\n<div id=\"SL_BBL_IMG\" style=\"background: rgba(0, 0, 0, 0) url(\"moz-extension:\/\/27c8b66b-4e69-a543-b12c-ee19d038addf\/content\/img\/util\/bbl-logo.png\") repeat scroll 0% 0%;\" title=\"Mostrar bot\u00f3n inTranslator 3 segundos\">&nbsp;<\/div>\n<\/td>\n<td><strong><strong><strong><a class=\"SL_options\" href=\"\/\/27c8b66b-4e69-a543-b12c-ee19d038addf\/content\/html\/options\/options.html?bbl\" target=\"_blank\" title=\"Mostrar opciones\" rel=\"noopener\">Opciones<\/a>: <a class=\"SL_options\" href=\"\/\/27c8b66b-4e69-a543-b12c-ee19d038addf\/content\/html\/options\/options.html?hist\" target=\"_blank\" title=\"Historia de la traducci\u00f3n\" rel=\"noopener\">Historia<\/a>: <a class=\"SL_options\" href=\"\/\/27c8b66b-4e69-a543-b12c-ee19d038addf\/content\/html\/options\/options.html?feed\" target=\"_blank\" title=\"Comentarios\" rel=\"noopener\">Comentarios<\/a>: <a class=\"SL_options\" href=\"https:\/\/www.paypal.com\/cgi-bin\/webscr?cmd=_s-xclick&amp;hosted_button_id=GD9D8CPW8HFA2\" target=\"_blank\" title=\"Contribuya\" rel=\"noopener\">Donar<\/a><\/strong><\/strong><\/strong><\/td>\n<td><strong><strong><strong>Schli<\/strong><\/strong><\/strong><\/td>\n<\/tr>\n<\/tbody>\n<\/table><\/div>\n<\/p><\/div>\n<\/p><\/div>\n<\/td>\n<\/tr>\n<\/tbody>\n<\/table>\n<\/div>\n<\/div>\n<\/div>\n<\/div>\n<p> <!--more--> <\/p>\n<p>La demencia de Alzheimer, en su forma leve, suele notarse inicialmente en las actividades sociales de la vida diaria, como salir, reunirse con amigos y familiares, relacionarse con los vecinos, etc. Con el paso del tiempo, las actividades cotidianas instrumentales se ven cada vez m\u00e1s afectadas. Cada vez hay m\u00e1s dificultades con las compras, las tareas dom\u00e9sticas, las comidas y la gesti\u00f3n de las finanzas. Adem\u00e1s, esta forma moderadamente grave a veces va acompa\u00f1ada de afasia\/disfasia y apraxia. Por \u00faltimo, la demencia en su forma grave se extiende a las actividades basales de la vida diaria, incluyendo vestirse y desvestirse, comer y beber, higiene personal, excreciones y traslado, asoci\u00e1ndose a trastornos del comportamiento, inquietud e inversi\u00f3n d\u00eda\/noche.<\/p>\n<p>Los m\u00e9dicos, y en particular los m\u00e9dicos de cabecera como primer contacto m\u00e9dico, se enfrentan a menudo a la demencia (y en este caso a la demencia de Alzheimer en m\u00e1s de la mitad de los casos) cuando tratan con personas mayores de 65 a\u00f1os. Los relatos sobre los problemas que surgen en la vida cotidiana se los traen los propios pacientes, pero con mucha m\u00e1s frecuencia sus familiares. Surge la pregunta: \u00bfC\u00f3mo se diagnostica la demencia y cu\u00e1ndo es el momento adecuado para hacerlo? \u00bfDebo tratarlos y, en caso afirmativo, c\u00f3mo? El Dr. Bernard Fl\u00fcckiger, Jefe de Geriatr\u00eda de Agudos y Medicina Interna del Hospital de Rheinfelden, ofreci\u00f3 una visi\u00f3n general.<\/p>\n<h2 id=\"la-evaluacion\">La evaluaci\u00f3n<\/h2>\n<p>Si existe una sospecha inicial y los indicios proceden tambi\u00e9n de un familiar, merece la pena &#8220;utilizarlo&#8221; directamente para la anamnesis externa. Por ejemplo, con el Cuestionario de Capacidad Mental para Personas Mayores (IQCODE), que debe rellenar el cuidador: En comparaci\u00f3n con hace dos a\u00f1os, \u00bftiene la persona afectada m\u00e1s o menos problemas para recordar cosas relativas a sus familiares y amigos (como cumplea\u00f1os, ocupaciones, direcciones) en una escala de cinco puntos? \u00bfSe le escapa qu\u00e9 d\u00eda y qu\u00e9 mes es? \u00bfEncuentra peor las cosas que est\u00e1n guardadas en un lugar distinto al habitual? Si regula sus finanzas con menos cuidado, o mejor dicho, si independiente que antes (transferencias, transacciones bancarias, pensi\u00f3n)? El cuadro general se completa con cualquier Spitex, la enfermer\u00eda y los cuidados m\u00e9dicos.<\/p>\n<p>Por supuesto, tambi\u00e9n es importante realizar un historial m\u00e9dico exhaustivo del paciente en cuesti\u00f3n (especialmente en lo que respecta a la medicaci\u00f3n que toma). Tres preguntas pueden proporcionar ya aqu\u00ed las primeras pistas:<\/p>\n<ul>\n<li>\u00bfHa notado \u00faltimamente que su capacidad para recordar cosas nuevas ha disminuido?<\/li>\n<li>\u00bfHan comentado sus familiares o amigos que su memoria se ha deteriorado?<\/li>\n<li>\u00bfLe afectan en su vida diaria las dificultades de memoria o concentraci\u00f3n?<\/li>\n<\/ul>\n<p>El siguiente paso es buscar trastornos de \u00f3rganos espec\u00edficos. Quiz\u00e1s en este punto ya puedan descartarse otros diagn\u00f3sticos diferenciales importantes como la depresi\u00f3n, el delirio o las afecciones psiqui\u00e1tricas. Sin embargo, lo m\u00e1s probable es que la delimitaci\u00f3n de las tres &#8220;D&#8221; significativas de la geriatr\u00eda &#8220;demencia, depresi\u00f3n, delirio&#8221; sea todo menos sencilla  <strong>(Tab.1).<\/strong>  Puede ser \u00fatil una evaluaci\u00f3n geri\u00e1trica con an\u00e1lisis de movilidad\/marcha (por ejemplo, Timed &#8220;Up and Go&#8221;, TUG), pruebas de tendencia a las ca\u00eddas (por ejemplo, Dual Tasking), nutrici\u00f3n (por ejemplo, Nutritional Risk Screening, NRS), estado de \u00e1nimo (por ejemplo, Geriatric Depression Scale, GDS), evaluaci\u00f3n sensorial, un historial de medicaci\u00f3n y el M\u00e9todo de Evaluaci\u00f3n de la Confusi\u00f3n (CAM, espec\u00edfico para el delirio).<\/p>\n<p>&nbsp;<\/p>\n<p><img fetchpriority=\"high\" decoding=\"async\" class=\" size-full wp-image-11269\" alt=\"\" src=\"https:\/\/medizinonline.com\/wp-content\/uploads\/2019\/01\/tab1_np1_1.png\" style=\"height:209px; width:600px\" width=\"1100\" height=\"384\" srcset=\"https:\/\/medizinonline.com\/wp-content\/uploads\/2019\/01\/tab1_np1_1.png 1100w, https:\/\/medizinonline.com\/wp-content\/uploads\/2019\/01\/tab1_np1_1-800x279.png 800w, https:\/\/medizinonline.com\/wp-content\/uploads\/2019\/01\/tab1_np1_1-120x42.png 120w, https:\/\/medizinonline.com\/wp-content\/uploads\/2019\/01\/tab1_np1_1-90x31.png 90w, https:\/\/medizinonline.com\/wp-content\/uploads\/2019\/01\/tab1_np1_1-320x112.png 320w, https:\/\/medizinonline.com\/wp-content\/uploads\/2019\/01\/tab1_np1_1-560x195.png 560w\" sizes=\"(max-width: 1100px) 100vw, 1100px\" \/><\/p>\n<p>&nbsp;<\/p>\n<p>Adem\u00e1s, existen por supuesto numerosas herramientas disponibles para medir la cognici\u00f3n, desde la prueba del reloj, que es bastante sensible al principio de la demencia, hasta el Mini Estado Mental o MoCA (Evaluaci\u00f3n Cognitiva de Montreal) &#8211; tambi\u00e9n una buena prueba para la demencia precoz. Muchas de ellas pueden llevarse a cabo f\u00e1cilmente en una consulta de medicina general.<\/p>\n<h2 id=\"diagnostico-demencia-leve-y-ahora-que\">Diagn\u00f3stico: Demencia leve, \u00bfy ahora qu\u00e9?<\/h2>\n<p>Una vez que se han completado los ex\u00e1menes, se han reunido todas las &#8220;piezas del rompecabezas&#8221; y el panorama general apunta claramente a una demencia incipiente y leve, no hay que tener miedo a hacer el diagn\u00f3stico, a pesar o precisamente por el conocimiento de las devastadoras consecuencias de tal diagn\u00f3stico. Una cosa es cierta, la palabra &#8220;demencia&#8221; tiene un significado similar a &#8220;c\u00e1ncer&#8221;, desatar\u00e1 una avalancha de asociaciones, miedos, ansiedades e incertidumbres para todos los implicados. Por este motivo, la discusi\u00f3n sobre el diagn\u00f3stico con el paciente y sus familiares es de vital importancia. No s\u00f3lo para informar sobre el cuadro cl\u00ednico y su curso, sino para discutir el acceso a terapias espec\u00edficas y encontrar puntos de contacto o centros para el tratamiento de la enfermedad. personas de contacto importantes, sino tambi\u00e9n a iniciar medidas concretas en una fase temprana para preparar a la persona afectada y a su entorno para el momento venidero. Es necesario formar, educar, asesorar sobre las precauciones legales y sociales, etc. &#8220;Los familiares llegar\u00e1n a sus l\u00edmites en alg\u00fan momento, precisamente por eso es a\u00fan m\u00e1s importante intervenir a tiempo, desarrollar estrategias y proporcionar apoyo profesional&#8221;.<\/p>\n<p>Si existe cierto grado de incertidumbre y las pruebas sugieren inicialmente un deterioro cognitivo leve (DCL) en lugar de una demencia leve con posible enfermedad de Alzheimer, la entrevista diagn\u00f3stica tambi\u00e9n es \u00fatil para explicar la sospecha diagn\u00f3stica y aconsejar, por ejemplo, una cita en la Cl\u00ednica de la Memoria. Por supuesto, en este caso tambi\u00e9n debe considerarse la terapia contra la demencia.<\/p>\n<p>En la actualidad (y durante alg\u00fan tiempo), el tratamiento es el siguiente: Dependiendo del estadio de la enfermedad, se utiliza extracto de Ginkgo biloba, inhibidores de la colinesterasa o memantina <strong>(Fig.&nbsp;1)<\/strong>. &#8220;La terapia contra la demencia no debe negarse a los pacientes&#8221;, afirm\u00f3 el ponente. En el DCL, actualmente se recomienda un preparado de ginkgo biloba en la dosis 1\u00d7 240&nbsp;mg\/d\u00eda. Estudios recientes, en particular, han demostrado claramente la eficacia en esta indicaci\u00f3n. &#8220;Tampoco hay que tener miedo de introducir un preparado de este tipo en pacientes anticoagulados, ya que favorece el flujo sangu\u00edneo pero no es un antiagregante plaquetario propiamente dicho. Los estudios han demostrado que no aumenta el riesgo de hemorragias graves&#8221;. En la demencia diagnosticada, un parche puede ser muy \u00fatil como m\u00e9todo de administraci\u00f3n de un inhibidor de la colinesterasa, siempre que los cambios diarios no sean un problema. As\u00ed se reduce la colecci\u00f3n de comprimidos, normalmente extensa, que el paciente anciano ya tiene que tomar adem\u00e1s. Por cierto, \u00e9stos tambi\u00e9n deben revisarse con regularidad, es decir, cada tres a seis meses. \u00bfQu\u00e9 medicamentos sigue necesitando realmente el paciente anciano com\u00f3rbido con demencia progresiva? Los inhibidores de la colinesterasa retrasan el ingreso en una residencia de ancianos &#8211; no durante d\u00e9cadas, ya que de todos modos la demencia de Alzheimer acaba en muerte al cabo de una media de diez a\u00f1os, sino durante unos valiosos meses y a\u00f1os. &#8220;Me gusta administrar la medicaci\u00f3n cuando los pacientes muestran problemas de comportamiento. Calman y estabilizan. Si, por ejemplo, el objetivo es la inquietud nocturna, tambi\u00e9n se puede considerar Circadin\u00ae (melatonina). Por \u00faltimo, la memantina se utiliza para la demencia de moderada a grave. Tambi\u00e9n observamos que influyen favorablemente los problemas de comportamiento (por ejemplo, llanto, gritos o deambulaci\u00f3n) y no se necesitan neurol\u00e9pticos ni tranquilizantes.<\/p>\n<p>&nbsp;<\/p>\n<p><img decoding=\"async\" class=\"size-full wp-image-11270 lazyload\" alt=\"\" data-src=\"https:\/\/medizinonline.com\/wp-content\/uploads\/2019\/01\/abb1_np1_0.png\" style=\"--smush-placeholder-width: 1100px; --smush-placeholder-aspect-ratio: 1100\/657;height:358px; width:600px\" width=\"1100\" height=\"657\" data-srcset=\"https:\/\/medizinonline.com\/wp-content\/uploads\/2019\/01\/abb1_np1_0.png 1100w, https:\/\/medizinonline.com\/wp-content\/uploads\/2019\/01\/abb1_np1_0-800x478.png 800w, https:\/\/medizinonline.com\/wp-content\/uploads\/2019\/01\/abb1_np1_0-120x72.png 120w, https:\/\/medizinonline.com\/wp-content\/uploads\/2019\/01\/abb1_np1_0-90x54.png 90w, https:\/\/medizinonline.com\/wp-content\/uploads\/2019\/01\/abb1_np1_0-320x191.png 320w, https:\/\/medizinonline.com\/wp-content\/uploads\/2019\/01\/abb1_np1_0-560x334.png 560w\" data-sizes=\"(max-width: 1100px) 100vw, 1100px\" src=\"data:image\/svg+xml;base64,PHN2ZyB3aWR0aD0iMSIgaGVpZ2h0PSIxIiB4bWxucz0iaHR0cDovL3d3dy53My5vcmcvMjAwMC9zdmciPjwvc3ZnPg==\" \/><\/p>\n<p>&nbsp;<\/p>\n<p>Las estrategias no farmacol\u00f3gicas son al menos tan importantes como las farmacol\u00f3gicas. <strong>Panorama general&nbsp;1<\/strong> los resume.<\/p>\n<p>&nbsp;<\/p>\n<p>&nbsp;<\/p>\n<p><img decoding=\"async\" class=\"size-full wp-image-11271 lazyload\" alt=\"\" data-src=\"https:\/\/medizinonline.com\/wp-content\/uploads\/2019\/01\/ubersicht1_np1.png\" style=\"--smush-placeholder-width: 1070px; --smush-placeholder-aspect-ratio: 1070\/777;height:290px; width:400px\" width=\"1070\" height=\"777\" src=\"data:image\/svg+xml;base64,PHN2ZyB3aWR0aD0iMSIgaGVpZ2h0PSIxIiB4bWxucz0iaHR0cDovL3d3dy53My5vcmcvMjAwMC9zdmciPjwvc3ZnPg==\"><\/p>\n<p>&nbsp;<\/p>\n<p>En conclusi\u00f3n, puede decirse que la demencia de Alzheimer es un diagn\u00f3stico extremadamente importante (\u00a1no un diagn\u00f3stico secundario!) y que la enfermedad en s\u00ed sigue siendo un tema complejo e intensamente investigado, lo que nos permite albergar esperanzas de que en los pr\u00f3ximos a\u00f1os se produzcan nuevos avances y se conozcan mejor su causa y su terapia.<\/p>\n<p>\n<em>Fuente: FomF General Internal Medicine Update Refresher, 7-10 de noviembre de 2018, Z\u00farich<\/em><\/p>\n<p>&nbsp;<\/p>\n<p><em>InFo NEUROLOG\u00cdA Y PSIQUIATR\u00cdA 2019; 17(1) &#8211; publicado el 20 dic 18 (antes de impresi\u00f3n).<\/em><\/p>\n","protected":false},"excerpt":{"rendered":"<p>El diagn\u00f3stico de demencia no debe hacerse a la ligera. Desencadena en el entorno social del paciente una cantidad similar a la de un diagn\u00f3stico de c\u00e1ncer. Y, sin embargo,&hellip;<\/p>\n","protected":false},"author":7,"featured_media":86182,"comment_status":"closed","ping_status":"","sticky":false,"template":"","format":"standard","meta":{"_acf_changed":false,"pmpro_default_level":"","cat_1_feature_home_top":false,"cat_2_editor_pick":false,"csco_eyebrow_text":"FomF Actualizaci\u00f3n en Medicina Interna General","footnotes":""},"category":[11483,11328,11435,11552],"tags":[30847,30852,22472],"powerkit_post_featured":[],"class_list":["post-336893","post","type-post","status-publish","format-standard","has-post-thumbnail","category-el-congreso-informa","category-neurologia","category-psiquiatria-y-psicoterapia","category-rx-es","tag-demencia-de-alzheimer","tag-indicacion-de-la-terapia","tag-medicina-familiar","pmpro-has-access"],"acf":[],"publishpress_future_action":{"enabled":false,"date":"2026-05-03 20:05:06","action":"change-status","newStatus":"draft","terms":[],"taxonomy":"category","extraData":[]},"publishpress_future_workflow_manual_trigger":{"enabledWorkflows":[]},"wpml_current_locale":"es_ES","wpml_translations":[],"_links":{"self":[{"href":"https:\/\/medizinonline.com\/es\/wp-json\/wp\/v2\/posts\/336893","targetHints":{"allow":["GET"]}}],"collection":[{"href":"https:\/\/medizinonline.com\/es\/wp-json\/wp\/v2\/posts"}],"about":[{"href":"https:\/\/medizinonline.com\/es\/wp-json\/wp\/v2\/types\/post"}],"author":[{"embeddable":true,"href":"https:\/\/medizinonline.com\/es\/wp-json\/wp\/v2\/users\/7"}],"replies":[{"embeddable":true,"href":"https:\/\/medizinonline.com\/es\/wp-json\/wp\/v2\/comments?post=336893"}],"version-history":[{"count":0,"href":"https:\/\/medizinonline.com\/es\/wp-json\/wp\/v2\/posts\/336893\/revisions"}],"wp:featuredmedia":[{"embeddable":true,"href":"https:\/\/medizinonline.com\/es\/wp-json\/wp\/v2\/media\/86182"}],"wp:attachment":[{"href":"https:\/\/medizinonline.com\/es\/wp-json\/wp\/v2\/media?parent=336893"}],"wp:term":[{"taxonomy":"category","embeddable":true,"href":"https:\/\/medizinonline.com\/es\/wp-json\/wp\/v2\/category?post=336893"},{"taxonomy":"post_tag","embeddable":true,"href":"https:\/\/medizinonline.com\/es\/wp-json\/wp\/v2\/tags?post=336893"},{"taxonomy":"powerkit_post_featured","embeddable":true,"href":"https:\/\/medizinonline.com\/es\/wp-json\/wp\/v2\/powerkit_post_featured?post=336893"}],"curies":[{"name":"wp","href":"https:\/\/api.w.org\/{rel}","templated":true}]}}