{"id":337209,"date":"2018-10-21T02:00:00","date_gmt":"2018-10-21T00:00:00","guid":{"rendered":"https:\/\/medizinonline.com\/cosmeticos-medicos-para-ninos-y-adolescentes\/"},"modified":"2018-10-21T02:00:00","modified_gmt":"2018-10-21T00:00:00","slug":"cosmeticos-medicos-para-ninos-y-adolescentes","status":"publish","type":"post","link":"https:\/\/medizinonline.com\/es\/cosmeticos-medicos-para-ninos-y-adolescentes\/","title":{"rendered":"Cosm\u00e9ticos m\u00e9dicos para ni\u00f1os y adolescentes"},"content":{"rendered":"<p><strong>Terapia del acn\u00e9, camuflaje, protecci\u00f3n solar: los cosm\u00e9ticos m\u00e9dicos proporcionan un apoyo experto a los dermat\u00f3logos ocupados en el tratamiento de afecciones comunes que afectan a la piel joven.<\/strong><\/p>\n<p> <!--more--> <\/p>\n<p>Hoy en d\u00eda, disponemos de varios medicamentos t\u00f3picos y sist\u00e9micos (algunos de los cuales s\u00f3lo se utilizan fuera de indicaci\u00f3n) que se han probado durante a\u00f1os para el tratamiento del acn\u00e9 en adolescentes y ni\u00f1os. Hoy en d\u00eda, no suele haber tiempo suficiente en la consulta diaria para la limpieza f\u00edsica de comedones\/microquistes. En este caso, la cooperaci\u00f3n con una esteticista con la formaci\u00f3n adecuada puede contribuir a mejorar significativamente el \u00e9xito de la terapia. Del mismo modo, la oferta de productos de protecci\u00f3n solar de alta calidad para todas las categor\u00edas de edad ha aumentado mucho en los \u00faltimos a\u00f1os. S\u00f3lo mediante su correcta aplicaci\u00f3n son suficientemente eficaces. Mediante el asesoramiento y la instrucci\u00f3n, as\u00ed como garantizando una soluci\u00f3n cosm\u00e9tica individualmente aceptable para el paciente, se mejora el cumplimiento, especialmente en el caso de ni\u00f1os y adolescentes con dermatosis inducidas por los rayos UV o tambi\u00e9n por la luz de amplio espectro.<\/p>\n<h2 id=\"\">&nbsp;<\/h2>\n<h2 id=\"-2\"><img fetchpriority=\"high\" decoding=\"async\" class=\" size-full wp-image-10905\" alt=\"\" src=\"https:\/\/medizinonline.com\/wp-content\/uploads\/2018\/10\/kasten_dp5_s17.png\" style=\"height:333px; width:400px\" width=\"896\" height=\"746\" srcset=\"https:\/\/medizinonline.com\/wp-content\/uploads\/2018\/10\/kasten_dp5_s17.png 896w, https:\/\/medizinonline.com\/wp-content\/uploads\/2018\/10\/kasten_dp5_s17-800x666.png 800w, https:\/\/medizinonline.com\/wp-content\/uploads\/2018\/10\/kasten_dp5_s17-120x100.png 120w, https:\/\/medizinonline.com\/wp-content\/uploads\/2018\/10\/kasten_dp5_s17-90x75.png 90w, https:\/\/medizinonline.com\/wp-content\/uploads\/2018\/10\/kasten_dp5_s17-320x266.png 320w, https:\/\/medizinonline.com\/wp-content\/uploads\/2018\/10\/kasten_dp5_s17-560x466.png 560w\" sizes=\"(max-width: 896px) 100vw, 896px\" \/><\/h2>\n<h2 id=\"-3\">&nbsp;<\/h2>\n<h2 id=\"cosmetica-medica-y-acne\">Cosm\u00e9tica m\u00e9dica y acn\u00e9<\/h2>\n<p>El acn\u00e9 es la enfermedad cut\u00e1nea m\u00e1s com\u00fan en el mundo occidental y afecta a &gt;85% de los adolescentes en diversos grados de gravedad. Hoy en d\u00eda, la media de aparici\u00f3n es de once a doce a\u00f1os, y cada vez se ven m\u00e1s afectados ni\u00f1os de tan s\u00f3lo ocho a\u00f1os. La importancia psicosocial del acn\u00e9 es relevante y se ha valorado en estudios como comparable a la diabetes mellitus y la artritis. Los adolescentes con acn\u00e9 grave muestran una mayor tendencia a la depresi\u00f3n y al retraimiento social [1]. Por lo tanto, debe buscarse una terapia precoz que sea eficaz lo antes posible y adaptada a la cl\u00ednica actual.<\/p>\n<p>La cosm\u00e9tica m\u00e9dica puede aportar aqu\u00ed una contribuci\u00f3n coadyuvante desde tres puntos de vista:<\/p>\n<ol>\n<li>Limpieza profesional de comedones\/microquistes y p\u00fastulas (as\u00ed como de cualquier milia que pueda haber). La correcta limpieza mec\u00e1nica tiene lugar sin traumatizar m\u00e1s el tejido circundante y, por tanto, sin dejar cicatrices. Un factor decisivo para el \u00e9xito de la terapia es la formaci\u00f3n adecuada y la experiencia del especialista en cosm\u00e9tica. Por lo general, de este modo se consigue una mejora del aspecto de la piel m\u00e1s r\u00e1pida que con el tratamiento farmacol\u00f3gico por s\u00ed solo. El procedimiento de aseo para el acn\u00e9 <strong>(Fig.&nbsp;1)<\/strong> se adapta individualmente a la cl\u00ednica actual. B\u00e1sicamente, tras el an\u00e1lisis de la piel, esto incluye una limpieza suave de la piel del rostro, seguida del aseo propio del acn\u00e9 descrito anteriormente y, en casos individuales, la aplicaci\u00f3n posterior de una mascarilla antiinflamatoria con o sin aplicaci\u00f3n de luz azul antibacteriana. Adem\u00e1s, los peelings qu\u00edmicos pueden utilizarse de forma selectiva, especialmente en el caso de hiperqueratosis relevantes. Tambi\u00e9n se utilizan en el curso del tratamiento del acn\u00e9 residual, especialmente la hiperpigmentaci\u00f3n postlesional. En los adolescentes, el tratamiento suele durar de 30 a m\u00e1x. 40&nbsp;minutos, aunque a veces son preferibles varios tratamientos m\u00e1s cortos de 20&nbsp;minutos, especialmente para los pacientes m\u00e1s j\u00f3venes. Dependiendo de la extensi\u00f3n y la gravedad del acn\u00e9, deben esperarse de dos a seis sesiones totales en intervalos de dos a cuatro semanas. Por desgracia, cada vez es menos frecuente que los seguros m\u00e9dicos cubran los costes. Los costes suelen rondar los 60-80 CHF por tratamiento.<\/li>\n<li>El asesoramiento y la instrucci\u00f3n tambi\u00e9n aumentan el cumplimiento de la terapia farmacol\u00f3gica paralela.<\/li>\n<li>Adem\u00e1s, en la era de las redes sociales y de los &#8220;influenciadores cosm\u00e9ticos&#8221;, el asesoramiento profesional en el sentido de coaching es cada vez m\u00e1s importante. Por un lado, se trata de evaluar junto con el joven los productos que all\u00ed se presentan y su adecuaci\u00f3n al tipo de piel actual. Los productos para el cuidado de la piel y los cosm\u00e9ticos ya adquiridos pueden revisarse conjuntamente en t\u00e9rminos de utilidad y compatibilidad con la terapia farmacol\u00f3gica actual. En la mayor\u00eda de los casos, esta cooperaci\u00f3n se traduce despu\u00e9s en una simplificaci\u00f3n y mejora del cuidado diario de la piel, con lo que el joven se ve m\u00e1s reforzado en el manejo independiente y seguro de su tratamiento cut\u00e1neo y, por tanto, tambi\u00e9n en el cumplimiento en general [2].<\/li>\n<\/ol>\n<p>&nbsp;<\/p>\n<p><img decoding=\"async\" class=\"size-full wp-image-10906 lazyload\" alt=\"\" data-src=\"https:\/\/medizinonline.com\/wp-content\/uploads\/2018\/10\/abb1_dp5s17.jpg\" style=\"--smush-placeholder-width: 1100px; --smush-placeholder-aspect-ratio: 1100\/570;height:311px; width:600px\" width=\"1100\" height=\"570\" data-srcset=\"https:\/\/medizinonline.com\/wp-content\/uploads\/2018\/10\/abb1_dp5s17.jpg 1100w, https:\/\/medizinonline.com\/wp-content\/uploads\/2018\/10\/abb1_dp5s17-800x415.jpg 800w, https:\/\/medizinonline.com\/wp-content\/uploads\/2018\/10\/abb1_dp5s17-120x62.jpg 120w, https:\/\/medizinonline.com\/wp-content\/uploads\/2018\/10\/abb1_dp5s17-90x47.jpg 90w, https:\/\/medizinonline.com\/wp-content\/uploads\/2018\/10\/abb1_dp5s17-320x166.jpg 320w, https:\/\/medizinonline.com\/wp-content\/uploads\/2018\/10\/abb1_dp5s17-560x290.jpg 560w\" data-sizes=\"(max-width: 1100px) 100vw, 1100px\" src=\"data:image\/svg+xml;base64,PHN2ZyB3aWR0aD0iMSIgaGVpZ2h0PSIxIiB4bWxucz0iaHR0cDovL3d3dy53My5vcmcvMjAwMC9zdmciPjwvc3ZnPg==\" \/><\/p>\n<p>&nbsp;<\/p>\n<h2 id=\"cosmetica-medica-y-camuflaje\">Cosm\u00e9tica m\u00e9dica y camuflaje<\/h2>\n<p>El objetivo del camuflaje es cubrir y equilibrar de forma \u00f3ptima y cosm\u00e9ticamente atractiva los cambios cut\u00e1neos perturbadores subjetivamente relevantes, ya sea en la cara o en el cuerpo. De este modo, se toma en serio el estr\u00e9s psicosocial del joven y se alivian los cambios cut\u00e1neos con esta t\u00e9cnica en la vida cotidiana o en ocasiones especiales. Los tonos individuales y perfectamente mezclados suelen aplicarse en forma de crema sobre la zona problem\u00e1tica de la piel y pueden fijarse de forma resistente al sudor, a la abrasi\u00f3n y al agua si es necesario. Disponemos de l\u00edneas de productos de eficacia probada. Los j\u00f3venes reciben instrucciones precisas sobre su uso. Al igual que el retrete para el acn\u00e9, las aseguradoras m\u00e9dicas cubren cada vez menos los tratamientos de camuflaje. Sin embargo, merece la pena preguntar sobre el reparto de los gastos en casos individuales.<\/p>\n<h2 id=\"cosmeticos-medicos-y-dermatosis-ligeras-proteccion-uv-y-proteccion-contra-la-luz-de-banda-ancha\">Cosm\u00e9ticos m\u00e9dicos y dermatosis ligeras: protecci\u00f3n UV y protecci\u00f3n contra la luz de banda ancha<\/h2>\n<p>Para los ni\u00f1os y adolescentes que, por diversos motivos, necesitan una protecci\u00f3n solar \u00f3ptima, ya sea protecci\u00f3n UV o fotoprotecci\u00f3n, la adaptaci\u00f3n individual de una protecci\u00f3n solar \u00f3ptima desde el punto de vista m\u00e9dico y cosm\u00e9tico y la instrucci\u00f3n en su uso son decisivas para el cumplimiento y, por tanto, normalmente tambi\u00e9n para la evoluci\u00f3n de la enfermedad subyacente. Esto se aplica en particular a los ni\u00f1os y adolescentes con lupus eritematoso, adolescentes bajo inmunosupresi\u00f3n en st.n. Trasplante de \u00f3rganos, resp. St.n. quimioterapias, y adolescentes con fotodermatosis.<\/p>\n<p>En resumen, en cooperaci\u00f3n interdisciplinar con un esteticista debidamente formado y experimentado, el \u00e9xito de la terapia del acn\u00e9 en ni\u00f1os y adolescentes puede mejorarse en la mayor\u00eda de los casos. El asesoramiento y la instrucci\u00f3n en el uso de productos de protecci\u00f3n solar adaptados individualmente y cosm\u00e9ticamente aceptables fomenta el cumplimiento entre los adolescentes y es crucial para la evoluci\u00f3n a largo plazo de las dermatosis dependientes de la luz y los rayos UV.<\/p>\n<h2 id=\"mensajes-para-llevarse-a-casa\">Mensajes para llevarse a casa<\/h2>\n<ul>\n<li>La interdisciplinariedad es parte integrante de la medicina moderna actual.<\/li>\n<li>Tambi\u00e9n en la dermatolog\u00eda pedi\u00e1trica y adolescente, la colaboraci\u00f3n con esteticistas experimentados y certificados es \u00fatil e importante, sobre todo en los \u00e1mbitos de la terapia del acn\u00e9, el camuflaje y la protecci\u00f3n solar.<\/li>\n<li>Esto permite lograr \u00e9xitos terap\u00e9uticos visibles con mayor rapidez y mitigar los efectos residuales tras las enfermedades cut\u00e1neas.<\/li>\n<\/ul>\n<p>&nbsp;<\/p>\n<p>Literatura:<\/p>\n<ol>\n<li>Halvorsen JA, et al: La ideaci\u00f3n suicida, los problemas de salud mental y el deterioro social aumentan en los adolescentes con acn\u00e9: un estudio basado en la poblaci\u00f3n. J Invest Dermatol 2011; 131(2): 363-370.<\/li>\n<li>Baldwin HE. Trucos para mejorar el cumplimiento de la terapia contra el acn\u00e9. Dermatol Ther 2006; 19(4): 224-236.<\/li>\n<\/ol>\n<p>&nbsp;<\/p>\n<p><em>PR\u00c1CTICA DERMATOL\u00d3GICA 2018; 28(5): 16-18<\/em><\/p>\n","protected":false},"excerpt":{"rendered":"<p>Terapia del acn\u00e9, camuflaje, protecci\u00f3n solar: los cosm\u00e9ticos m\u00e9dicos proporcionan un apoyo experto a los dermat\u00f3logos ocupados en el tratamiento de afecciones comunes que afectan a la piel joven.<\/p>\n","protected":false},"author":7,"featured_media":83431,"comment_status":"closed","ping_status":"","sticky":false,"template":"","format":"standard","meta":{"_acf_changed":false,"pmpro_default_level":"","cat_1_feature_home_top":false,"cat_2_editor_pick":false,"csco_eyebrow_text":"Dermatolog\u00eda pedi\u00e1trica","footnotes":""},"category":[11310,11478,11402,11552],"tags":[14464,31706,31715,31720,19597,31712],"powerkit_post_featured":[],"class_list":["post-337209","post","type-post","status-publish","format-standard","has-post-thumbnail","category-dermatologia-y-venereologia","category-formacion-continua","category-pediatria","category-rx-es","tag-acne-es","tag-camuflaje","tag-cosmetica-medica-es","tag-dermatologia-pediatrica-es","tag-proteccion-solar","tag-terapia-del-acne-es","pmpro-has-access"],"acf":[],"publishpress_future_action":{"enabled":false,"date":"2026-05-07 07:42:00","action":"change-status","newStatus":"draft","terms":[],"taxonomy":"category","extraData":[]},"publishpress_future_workflow_manual_trigger":{"enabledWorkflows":[]},"wpml_current_locale":"es_ES","wpml_translations":[],"_links":{"self":[{"href":"https:\/\/medizinonline.com\/es\/wp-json\/wp\/v2\/posts\/337209","targetHints":{"allow":["GET"]}}],"collection":[{"href":"https:\/\/medizinonline.com\/es\/wp-json\/wp\/v2\/posts"}],"about":[{"href":"https:\/\/medizinonline.com\/es\/wp-json\/wp\/v2\/types\/post"}],"author":[{"embeddable":true,"href":"https:\/\/medizinonline.com\/es\/wp-json\/wp\/v2\/users\/7"}],"replies":[{"embeddable":true,"href":"https:\/\/medizinonline.com\/es\/wp-json\/wp\/v2\/comments?post=337209"}],"version-history":[{"count":0,"href":"https:\/\/medizinonline.com\/es\/wp-json\/wp\/v2\/posts\/337209\/revisions"}],"wp:featuredmedia":[{"embeddable":true,"href":"https:\/\/medizinonline.com\/es\/wp-json\/wp\/v2\/media\/83431"}],"wp:attachment":[{"href":"https:\/\/medizinonline.com\/es\/wp-json\/wp\/v2\/media?parent=337209"}],"wp:term":[{"taxonomy":"category","embeddable":true,"href":"https:\/\/medizinonline.com\/es\/wp-json\/wp\/v2\/category?post=337209"},{"taxonomy":"post_tag","embeddable":true,"href":"https:\/\/medizinonline.com\/es\/wp-json\/wp\/v2\/tags?post=337209"},{"taxonomy":"powerkit_post_featured","embeddable":true,"href":"https:\/\/medizinonline.com\/es\/wp-json\/wp\/v2\/powerkit_post_featured?post=337209"}],"curies":[{"name":"wp","href":"https:\/\/api.w.org\/{rel}","templated":true}]}}