{"id":342198,"date":"2016-01-05T02:00:00","date_gmt":"2016-01-05T01:00:00","guid":{"rendered":"https:\/\/medizinonline.com\/abordar-los-problemas-realizar-una-deteccion-de-riesgos-e-iniciar-la-prevencion\/"},"modified":"2016-01-05T02:00:00","modified_gmt":"2016-01-05T01:00:00","slug":"abordar-los-problemas-realizar-una-deteccion-de-riesgos-e-iniciar-la-prevencion","status":"publish","type":"post","link":"https:\/\/medizinonline.com\/es\/abordar-los-problemas-realizar-una-deteccion-de-riesgos-e-iniciar-la-prevencion\/","title":{"rendered":"Abordar los problemas, realizar una detecci\u00f3n de riesgos e iniciar la prevenci\u00f3n"},"content":{"rendered":"<p><strong>Las medidas de prevenci\u00f3n de ca\u00eddas pueden reducir la tasa de ca\u00eddas hasta en un 50%. Los m\u00e9dicos de cabecera son id\u00f3neos para desempe\u00f1ar un papel clave en la prevenci\u00f3n primaria y secundaria de las ca\u00eddas y sus consecuencias. El cribado de los factores de riesgo y las evaluaciones sencillas y cl\u00ednicamente viables ayudan a identificar a las personas con riesgo de ca\u00eddas y son importantes para controlar el \u00e9xito y motivar a los pacientes. Recomendamos que los m\u00e9dicos de cabecera se informen sobre los servicios de prevenci\u00f3n de ca\u00eddas de su regi\u00f3n y coordinen las medidas para los pacientes con riesgo de ca\u00eddas. La cooperaci\u00f3n interdisciplinar, incluso con los fisioterapeutas, es importante.<\/strong><\/p>\n<p> <!--more--> <\/p>\n<p>Las ca\u00eddas en la vejez son frecuentes y a menudo graves para los afectados. En particular, pueden asociarse a la p\u00e9rdida de movilidad, la disminuci\u00f3n de la independencia, la ansiedad y la depresi\u00f3n, lo que conlleva una enorme p\u00e9rdida de calidad de vida. Como consecuencia de la evoluci\u00f3n demogr\u00e1fica en Suiza, el m\u00e9dico de familia tambi\u00e9n se enfrenta cada vez m\u00e1s en su consulta a los problemas relacionados con la edad y las ca\u00eddas. Seg\u00fan las \u00faltimas cifras de la Oficina Federal de Estad\u00edstica, el n\u00famero de personas mayores de 65 a\u00f1os en la poblaci\u00f3n aumentar\u00e1 en torno al 80% en toda Suiza de aqu\u00ed a 2045. Aproximadamente una de cada tres personas de este grupo de edad se cae al menos una vez al a\u00f1o; seg\u00fan la BFU, esto afecta actualmente a unas 80.000 personas en Suiza. En 2045, ya deben esperarse unas 140.000 ca\u00eddas al a\u00f1o. Alrededor de un 20-30% sufren lesiones que requieren tratamiento, y un 5-15% sufren una fractura [1]. Las ca\u00eddas no s\u00f3lo son una importante amenaza para la salud y la calidad de vida de los afectados, sino que tambi\u00e9n representan una carga socioecon\u00f3mica cada vez mayor para nuestro sistema sanitario. Por lo tanto, se necesitan urgentemente medidas preventivas para evitar ca\u00eddas y fracturas, que se demandan y promueven desde diversos frentes.<\/p>\n<p>Un informe en el marco de la &#8220;Promoci\u00f3n de la salud en la vejez&#8221; muestra que es necesaria una cooperaci\u00f3n interdisciplinar de profesionales para la aplicaci\u00f3n de medidas de prevenci\u00f3n de ca\u00eddas basadas en pruebas en Suiza. En particular, se hace hincapi\u00e9 en que los m\u00e9dicos de cabecera desempe\u00f1an un papel clave a este respecto. Los pacientes hacen un mejor uso de las recomendaciones de prevenci\u00f3n cuando el m\u00e9dico de cabecera participa en la planificaci\u00f3n [2]. Tambi\u00e9n somos de la opini\u00f3n de que el m\u00e9dico de cabecera est\u00e1 predestinado a prevenir las ca\u00eddas, en particular debido a una relaci\u00f3n de confianza con el paciente, que suele remontarse a muchos a\u00f1os atr\u00e1s, as\u00ed como a un conocimiento exhaustivo del historial m\u00e9dico del paciente. Si existe la sospecha de un aumento del riesgo de ca\u00eddas, le da la oportunidad de abordar el problema, realizar un cribado del riesgo de ca\u00eddas e iniciar las medidas preventivas adecuadas.<\/p>\n<p>Dado que el riesgo de ca\u00edda suele ser multifactorial, recomendamos una encuesta sobre los factores de riesgo (anamnesis y estado f\u00edsico) combinada con la realizaci\u00f3n de evaluaciones sencillas de las ca\u00eddas para el cribado del riesgo de ca\u00eddas en la consulta general.<\/p>\n<h2 id=\"factores-de-riesgo-de-caidas\">Factores de riesgo de ca\u00eddas<\/h2>\n<p>Los factores de riesgo de ca\u00eddas pueden dividirse en tres grupos principales:<\/p>\n<ol>\n<li>Factores intr\u00ednsecos relacionados con los cambios en el organismo que envejece (fisiol\u00f3gicos o relacionados con enfermedades).<\/li>\n<li>Factores extr\u00ednsecos, que incluyen condiciones externas como la vivienda y el entorno vital.<\/li>\n<li>Factores de comportamiento, que corresponden a comportamientos de riesgo no adaptados a las capacidades f\u00edsicas y a los recursos.<\/li>\n<\/ol>\n<p><strong>La tabla 1<\/strong> muestra una visi\u00f3n general de los factores de riesgo intr\u00ednsecos y extr\u00ednsecos.<\/p>\n<p>&nbsp;<\/p>\n<p><img fetchpriority=\"high\" decoding=\"async\" class=\" size-full wp-image-6531\" alt=\"\" src=\"https:\/\/medizinonline.com\/wp-content\/uploads\/2016\/01\/tab1_11_0.jpg\" style=\"height:881px; width:400px\" width=\"857\" height=\"1887\" srcset=\"https:\/\/medizinonline.com\/wp-content\/uploads\/2016\/01\/tab1_11_0.jpg 857w, https:\/\/medizinonline.com\/wp-content\/uploads\/2016\/01\/tab1_11_0-800x1761.jpg 800w, https:\/\/medizinonline.com\/wp-content\/uploads\/2016\/01\/tab1_11_0-120x264.jpg 120w, https:\/\/medizinonline.com\/wp-content\/uploads\/2016\/01\/tab1_11_0-90x198.jpg 90w, https:\/\/medizinonline.com\/wp-content\/uploads\/2016\/01\/tab1_11_0-320x705.jpg 320w, https:\/\/medizinonline.com\/wp-content\/uploads\/2016\/01\/tab1_11_0-560x1233.jpg 560w\" sizes=\"(max-width: 857px) 100vw, 857px\" \/><\/p>\n<p>&nbsp;<\/p>\n<h2 id=\"anamnesis-general\">Anamnesis general<\/h2>\n<p>Un historial m\u00e9dico espec\u00edfico puede proporcionar informaci\u00f3n importante para evaluar el riesgo actual de ca\u00eddas. Se trata de preguntar si ha habido alg\u00fan cambio reciente en la forma de caminar, si se han notado problemas de equilibrio, mareos o una disminuci\u00f3n de la fuerza muscular, si se han producido ca\u00eddas desde la \u00faltima visita a la consulta o si existe miedo a caerse. El miedo a las ca\u00eddas es un factor que no debe subestimarse y que puede conducir a un bucle de control desfavorable de comportamiento de miedo-evitaci\u00f3n y p\u00e9rdida de movilidad <strong>(Fig. 1)<\/strong>.<\/p>\n<p>&nbsp;<\/p>\n<p><img decoding=\"async\" class=\"size-full wp-image-6532 lazyload\" alt=\"\" data-src=\"https:\/\/medizinonline.com\/wp-content\/uploads\/2016\/01\/abb1_11.jpg\" style=\"--smush-placeholder-width: 1100px; --smush-placeholder-aspect-ratio: 1100\/650;height:236px; width:400px\" width=\"1100\" height=\"650\" src=\"data:image\/svg+xml;base64,PHN2ZyB3aWR0aD0iMSIgaGVpZ2h0PSIxIiB4bWxucz0iaHR0cDovL3d3dy53My5vcmcvMjAwMC9zdmciPjwvc3ZnPg==\"><\/p>\n<p>&nbsp;<\/p>\n<p>El aumento de la inestabilidad al caminar tambi\u00e9n puede ser un primer signo de un deterioro cognitivo incipiente. La funci\u00f3n ejecutiva -la capacidad de planificar procesos- es una de las primeras funciones que pueden verse afectadas cuando se deteriora la cognici\u00f3n. Los pacientes tienen dificultades para realizar varios procedimientos al mismo tiempo (por ejemplo, caminar y hablar al mismo tiempo). Existe una restricci\u00f3n de la &#8220;doble tarea&#8221;, que se asocia a un mayor riesgo de ca\u00eddas [3,4].<\/p>\n<p>Adem\u00e1s, hay que preguntarse si existen quejas relacionadas con el sistema musculoesquel\u00e9tico, si se han producido s\u00edntomas de una enfermedad cardiovascular o neurol\u00f3gica, y tambi\u00e9n si se han detectado problemas con la memoria. Por \u00faltimo, pero no por ello menos importante, debe preguntarse espec\u00edficamente por la incontinencia de urgencia. Ir corriendo al ba\u00f1o puede asociarse a un mayor riesgo de ca\u00eddas, por un lado directamente debido a la menor capacidad para caminar, pero tambi\u00e9n como consecuencia de la reducci\u00f3n de la funci\u00f3n ejecutiva. El paciente debe concentrarse en retener la orina y ya no dispone de recursos para prestar atenci\u00f3n a la marcha al mismo tiempo.<\/p>\n<p>Si ya se ha producido una ca\u00edda, hay que preguntar las circunstancias exactas: \u00bfHubo mareos o p\u00e9rdida de conocimiento? \u00bfFue un tropiezo y una ca\u00edda? \u00bfA qu\u00e9 hora del d\u00eda o de la noche se produjo la ca\u00edda? \u00bfSe tom\u00f3 alguna medicaci\u00f3n para dormir antes del suceso? \u00bfLa ca\u00edda se produjo antes o despu\u00e9s de ir al ba\u00f1o? \u00bfPudo el paciente levantarse de nuevo por s\u00ed mismo o tuvo que permanecer tumbado durante m\u00e1s tiempo?<\/p>\n<h2 id=\"historial-de-medicacion\">Historial de medicaci\u00f3n<\/h2>\n<p>La revisi\u00f3n peri\u00f3dica de la medicaci\u00f3n es de gran importancia en la prevenci\u00f3n de ca\u00eddas. Especialmente los f\u00e1rmacos de acci\u00f3n central como los neurol\u00e9pticos, antidepresivos o hipn\u00f3ticos muestran un mayor riesgo de ca\u00eddas. Las benzodiacepinas deben evitarse por principio, ya que son una causa frecuente de ca\u00eddas nocturnas, sobre todo si persiste la incontinencia y los pacientes tienen que levantarse durante la noche a causa de ella.<\/p>\n<h2 id=\"estado-fisico\">Estado f\u00edsico<\/h2>\n<p>El estado f\u00edsico incluye el examen del sistema cardiovascular. Para excluir la hipotensi\u00f3n ortost\u00e1tica, que suele ser responsable de una ca\u00edda, debe medirse la tensi\u00f3n arterial tanto sentado como de pie. Adem\u00e1s, debe comprobarse si existe una arritmia cardiaca y si la tensi\u00f3n arterial est\u00e1 bien ajustada. El estado tambi\u00e9n incluye un examen neurol\u00f3gico, especialmente con la pregunta de si existe una polineuropat\u00eda, as\u00ed como una evaluaci\u00f3n del sistema musculoesquel\u00e9tico.<\/p>\n<p>Es imprescindible evaluar tambi\u00e9n los \u00f3rganos sensoriales de los ojos y los o\u00eddos en cualquier situaci\u00f3n de riesgo de ca\u00edda [1].<\/p>\n<p>Consideramos que la realizaci\u00f3n de evaluaciones espec\u00edficas de las ca\u00eddas es muy importante para la planificaci\u00f3n de las intervenciones, as\u00ed como para la evaluaci\u00f3n del \u00e9xito de la terapia.  <strong>La tabla 2<\/strong> ofrece una visi\u00f3n general de las evaluaciones funcionales sencillas que pueden aplicarse f\u00e1cilmente en la consulta del m\u00e9dico general, que se basan principalmente en la evaluaci\u00f3n de la fuerza muscular, el equilibrio y la capacidad para caminar y que tienen valor predictivo para las ca\u00eddas.<\/p>\n<p>&nbsp;<\/p>\n<p><img decoding=\"async\" class=\"size-full wp-image-6533 lazyload\" alt=\"\" data-src=\"https:\/\/medizinonline.com\/wp-content\/uploads\/2016\/01\/tab2_2.jpg\" style=\"--smush-placeholder-width: 1100px; --smush-placeholder-aspect-ratio: 1100\/1495;height:1087px; width:800px\" width=\"1100\" height=\"1495\" data-srcset=\"https:\/\/medizinonline.com\/wp-content\/uploads\/2016\/01\/tab2_2.jpg 1100w, https:\/\/medizinonline.com\/wp-content\/uploads\/2016\/01\/tab2_2-800x1087.jpg 800w, https:\/\/medizinonline.com\/wp-content\/uploads\/2016\/01\/tab2_2-120x163.jpg 120w, https:\/\/medizinonline.com\/wp-content\/uploads\/2016\/01\/tab2_2-90x122.jpg 90w, https:\/\/medizinonline.com\/wp-content\/uploads\/2016\/01\/tab2_2-320x435.jpg 320w, https:\/\/medizinonline.com\/wp-content\/uploads\/2016\/01\/tab2_2-560x761.jpg 560w\" data-sizes=\"(max-width: 1100px) 100vw, 1100px\" src=\"data:image\/svg+xml;base64,PHN2ZyB3aWR0aD0iMSIgaGVpZ2h0PSIxIiB4bWxucz0iaHR0cDovL3d3dy53My5vcmcvMjAwMC9zdmciPjwvc3ZnPg==\" \/><\/p>\n<p>&nbsp;<\/p>\n<h2 id=\"intervenciones\">Intervenciones<\/h2>\n<p>El objetivo de las medidas a introducir es modificar o reducir los factores de riesgo intr\u00ednsecos y extr\u00ednsecos, pero tambi\u00e9n llevar a cabo una prevenci\u00f3n conductual.<\/p>\n<p>Existen varias intervenciones de prevenci\u00f3n de ca\u00eddas basadas en pruebas, multi y monofactoriales, que se centran en la reducci\u00f3n de los factores de riesgo intr\u00ednsecos y extr\u00ednsecos y en la prevenci\u00f3n conductual.<\/p>\n<p>En cuanto a los programas multifactoriales, se ha informado de que las ca\u00eddas se reducen en un 25-46%, pero incluso los programas de ejercicios sencillos basados en ejercicios de equilibrio y\/o fuerza pueden reducir el riesgo de ca\u00eddas en un 10-50% en todas las personas mayores [1,10].<\/p>\n<p>Las medidas adecuadas para un paciente deben evaluarse individualmente. Ya se han mencionado anteriormente algunos enfoques de intervenci\u00f3n del GP. Debido a las causas multifactoriales de las ca\u00eddas descritas anteriormente, el m\u00e9dico de familia debe encargarse de coordinar otras medidas si est\u00e1n indicadas <strong>(Tab. 3<\/strong>).<\/p>\n<p>&nbsp;<\/p>\n<p><img decoding=\"async\" class=\"size-full wp-image-6534 lazyload\" alt=\"\" data-src=\"https:\/\/medizinonline.com\/wp-content\/uploads\/2016\/01\/tab3_13.jpg\" style=\"--smush-placeholder-width: 1100px; --smush-placeholder-aspect-ratio: 1100\/1985;height:722px; width:400px\" width=\"1100\" height=\"1985\" src=\"data:image\/svg+xml;base64,PHN2ZyB3aWR0aD0iMSIgaGVpZ2h0PSIxIiB4bWxucz0iaHR0cDovL3d3dy53My5vcmcvMjAwMC9zdmciPjwvc3ZnPg==\"><\/p>\n<p>&nbsp;<\/p>\n<p>En cuanto a la prevenci\u00f3n secundaria de las ca\u00eddas despu\u00e9s de que ya se haya producido una fractura inicial, los estudios realizados en pacientes tras una fractura de cadera, por ejemplo, indican que es necesaria una rehabilitaci\u00f3n m\u00e1s prolongada e intensiva para lograr mejoras significativas en las capacidades funcionales [11\u201313]. Las revisiones repetidas del riesgo de ca\u00eddas son especialmente importantes para estos pacientes, ya que hemos observado que incluso los pacientes que subjetivamente ya est\u00e1n satisfechos y tienen buena movilidad a menudo siguen corriendo el riesgo de caerse. Por lo tanto, es importante no interrumpir la rehabilitaci\u00f3n demasiado pronto, sino llevarla a cabo de forma intensiva y durante un periodo de tiempo lo suficientemente largo como para mantener la movilidad y la independencia a largo plazo.<\/p>\n<p>Dado que las fracturas en la vejez suelen estar asociadas a la osteoporosis y que el riesgo individual de fractura aumenta significativamente con la disminuci\u00f3n de la densidad \u00f3sea despu\u00e9s de haber sufrido ya una fractura, el cribado de la osteoporosis y las terapias adecuadas en caso de hallazgos patol\u00f3gicos son tambi\u00e9n obligatorios para los pacientes que han sufrido una fractura debido a un traumatismo menor y deber\u00edan formar parte de los cuidados est\u00e1ndar [14].<\/p>\n<p><em>Enlaces importantes:<\/em><br \/>\nwww.bfu.ch\/de\/fuer-fachpersonen\/sturzpr\u00e4vention<br \/>\nwww.rheumaliga.ch\/Sturzpraevention<br \/>\nwww.prosenectute.ch<\/p>\n<p>Literatura:<\/p>\n<ol>\n<li>Jansenberger H: Prevenci\u00f3n de ca\u00eddas en terapia y entrenamiento. Thieme Verlag 2011.<\/li>\n<li>Gschwind YJ, et al: Prevenci\u00f3n de ca\u00eddas. Hospital Universitario de Basilea. Geriatr\u00eda aguda 2011.<\/li>\n<li>Verghese J, et al: Validez de las tareas de atenci\u00f3n dividida en la predicci\u00f3n de ca\u00eddas en personas mayores: un estudio preliminar. JAGS 2002; 50: 1572-1576.<\/li>\n<li>Mirelmann A, Hermann T, Brozgol M: Funci\u00f3n ejecutiva y ca\u00eddas en adultos mayores: nuevos hallazgos de un estudio prospectivo de cinco a\u00f1os relacionan el riesgo de ca\u00eddas con la cognici\u00f3n. PLoS One 2012; 7(6): e40297.<\/li>\n<li>Podsiadlo D, et al: The timed &#8220;up &amp; go&#8221;: A test of basic functional mobility for frail elderly persons. JAGS 1991; 39: 142-148.<\/li>\n<li>Oesch P, et al: Evaluaciones en rehabilitaci\u00f3n. Volumen 2: Sistema musculoesquel\u00e9tico. Verlag Hans Huber 2011.<\/li>\n<li>Ward RE, et al: El rendimiento funcional como predictor de ca\u00eddas con lesiones en adultos mayores. J Am Geriatr Soc 2015; 63(2): 315-320.<\/li>\n<li>Gardner M, et al: Aplicaci\u00f3n pr\u00e1ctica de un programa de prevenci\u00f3n de ca\u00eddas basado en el ejercicio. Edad y envejecimiento 2001; 30: 77-83.<\/li>\n<li>Lundin-Olsson L, et al: &#8220;Deja de caminar mientras habla&#8221; como predictor de ca\u00eddas en ancianos. Lancet 1997; 349(9052): 617.<\/li>\n<li>Gillespie LD, et al: Intervenciones para la prevenci\u00f3n de ca\u00eddas en personas mayores que viven en la comunidad. Cochrane Database Syst Rev 2012 Sep 12; 9: CD007146.<\/li>\n<li>Sylliaas H, et al: Entrenamiento de fuerza prolongado en pacientes mayores tras una fractura de cadera: un ensayo controlado aleatorio. Edad y envejecimiento 2012; 41: 206-212.<\/li>\n<li>Auais MA, et al: La rehabilitaci\u00f3n con ejercicio prolongado tras una fractura de cadera mejora la funci\u00f3n f\u00edsica de los pacientes: una revisi\u00f3n sistem\u00e1tica y metaan\u00e1lisis. Phys Ther 2012; 92: 1437-1451.<\/li>\n<li>Handoll HH, et al: Intervenciones para mejorar la movilidad tras la cirug\u00eda de fractura de cadera en adultos. Cochrane Database Syst Rev 2011 Mar 16; (3): CD001704.<\/li>\n<li>Marshall D, et al: Metaan\u00e1lisis de la eficacia de las medidas de densidad mineral \u00f3sea para predecir la aparici\u00f3n de fracturas osteopor\u00f3ticas. BMJ 1996 18 de mayo; 312(7041): 1254-1259.<\/li>\n<li>Zeyfang A, et al: Basiswissen Medizin des Alterns und des alten Menschen. Springer-Verlag 2013.<\/li>\n<\/ol>\n<p><em>PR\u00c1CTICA GP 2015; 10(12): 10-14<\/em><\/p>\n","protected":false},"excerpt":{"rendered":"<p>Las medidas de prevenci\u00f3n de ca\u00eddas pueden reducir la tasa de ca\u00eddas hasta en un 50%. Los m\u00e9dicos de cabecera son id\u00f3neos para desempe\u00f1ar un papel clave en la prevenci\u00f3n&hellip;<\/p>\n","protected":false},"author":5,"featured_media":54108,"comment_status":"closed","ping_status":"","sticky":false,"template":"","format":"standard","meta":{"_acf_changed":false,"pmpro_default_level":"","cat_1_feature_home_top":false,"cat_2_editor_pick":false,"csco_eyebrow_text":"Prevenci\u00f3n de ca\u00eddas en la consulta familiar","footnotes":""},"category":[11478,11316,11288,11451,11552],"tags":[34468],"powerkit_post_featured":[],"class_list":["post-342198","post","type-post","status-publish","format-standard","has-post-thumbnail","category-formacion-continua","category-geriatria","category-medicina-interna-general","category-reumatologia","category-rx-es","tag-prevencion-de-caidas","pmpro-has-access"],"acf":[],"publishpress_future_action":{"enabled":false,"date":"2026-05-03 18:36:41","action":"change-status","newStatus":"draft","terms":[],"taxonomy":"category","extraData":[]},"publishpress_future_workflow_manual_trigger":{"enabledWorkflows":[]},"wpml_current_locale":"es_ES","wpml_translations":[],"_links":{"self":[{"href":"https:\/\/medizinonline.com\/es\/wp-json\/wp\/v2\/posts\/342198","targetHints":{"allow":["GET"]}}],"collection":[{"href":"https:\/\/medizinonline.com\/es\/wp-json\/wp\/v2\/posts"}],"about":[{"href":"https:\/\/medizinonline.com\/es\/wp-json\/wp\/v2\/types\/post"}],"author":[{"embeddable":true,"href":"https:\/\/medizinonline.com\/es\/wp-json\/wp\/v2\/users\/5"}],"replies":[{"embeddable":true,"href":"https:\/\/medizinonline.com\/es\/wp-json\/wp\/v2\/comments?post=342198"}],"version-history":[{"count":0,"href":"https:\/\/medizinonline.com\/es\/wp-json\/wp\/v2\/posts\/342198\/revisions"}],"wp:featuredmedia":[{"embeddable":true,"href":"https:\/\/medizinonline.com\/es\/wp-json\/wp\/v2\/media\/54108"}],"wp:attachment":[{"href":"https:\/\/medizinonline.com\/es\/wp-json\/wp\/v2\/media?parent=342198"}],"wp:term":[{"taxonomy":"category","embeddable":true,"href":"https:\/\/medizinonline.com\/es\/wp-json\/wp\/v2\/category?post=342198"},{"taxonomy":"post_tag","embeddable":true,"href":"https:\/\/medizinonline.com\/es\/wp-json\/wp\/v2\/tags?post=342198"},{"taxonomy":"powerkit_post_featured","embeddable":true,"href":"https:\/\/medizinonline.com\/es\/wp-json\/wp\/v2\/powerkit_post_featured?post=342198"}],"curies":[{"name":"wp","href":"https:\/\/api.w.org\/{rel}","templated":true}]}}