{"id":343796,"date":"2015-02-04T01:00:00","date_gmt":"2015-02-04T00:00:00","guid":{"rendered":"https:\/\/medizinonline.com\/evento-convulsivo-en-el-contexto-de-una-meningitis\/"},"modified":"2015-02-04T01:00:00","modified_gmt":"2015-02-04T00:00:00","slug":"evento-convulsivo-en-el-contexto-de-una-meningitis","status":"publish","type":"post","link":"https:\/\/medizinonline.com\/es\/evento-convulsivo-en-el-contexto-de-una-meningitis\/","title":{"rendered":"Evento convulsivo en el contexto de una meningitis"},"content":{"rendered":"<p><strong><em>Informe de un caso: <\/em>Un hombre de 30 a\u00f1os con un historial m\u00e9dico sin complicaciones sufri\u00f3 una convulsi\u00f3n cl\u00f3nica focal del miembro superior izquierdo, secundariamente generalizada. Cinco d\u00edas antes, la paciente tuvo fiebre (38,6\u00b0) con s\u00edntomas de resfriado. El examen f\u00edsico no presentaba ninguna anomal\u00eda, aparte de una mordedura de lengua, y el electroencefalograma era normal. La punci\u00f3n del LCR mostr\u00f3 pleocitosis linfoc\u00edtica, valores normales de glucosa y prote\u00ednas ligeramente elevados.<\/strong><\/p>\n<p> <!--more--> <\/p>\n<p>La resonancia magn\u00e9tica del cr\u00e1neo realizada cinco d\u00edas despu\u00e9s de la convulsi\u00f3n mostr\u00f3 anomal\u00edas en el giro cingular derecho as\u00ed como en el cuerpo calloso en el sentido de edema, no hab\u00eda ni difusi\u00f3n restringida ni hemorragia ni captaci\u00f3n de contraste. Los cambios parenquimatosos se localizaron en el territorio de una AVD (&#8220;anomal\u00eda venosa del desarrollo&#8221;) que drenaba en el seno sagital superior <strong>(Fig. 1) <\/strong>. La resonancia magn\u00e9tica de perfusi\u00f3n mostr\u00f3 signos de hipertensi\u00f3n venosa en el territorio drenado por el DVA <strong>(Fig. 2)<\/strong>.<\/p>\n<p><img fetchpriority=\"high\" decoding=\"async\" class=\" size-full wp-image-5202\" alt=\"\" src=\"https:\/\/medizinonline.com\/wp-content\/uploads\/2015\/02\/abb1_np1_s24.jpg\" style=\"height:265px; width:600px\" width=\"1100\" height=\"485\"><\/p>\n<p><img decoding=\"async\" class=\"size-full wp-image-5203 lazyload\" alt=\"\" data-src=\"https:\/\/medizinonline.com\/wp-content\/uploads\/2015\/02\/abb2_np1_s25_0.jpg\" style=\"--smush-placeholder-width: 1100px; --smush-placeholder-aspect-ratio: 1100\/506;height:276px; width:600px\" width=\"1100\" height=\"506\" data-srcset=\"https:\/\/medizinonline.com\/wp-content\/uploads\/2015\/02\/abb2_np1_s25_0.jpg 1100w, https:\/\/medizinonline.com\/wp-content\/uploads\/2015\/02\/abb2_np1_s25_0-800x368.jpg 800w, https:\/\/medizinonline.com\/wp-content\/uploads\/2015\/02\/abb2_np1_s25_0-120x55.jpg 120w, https:\/\/medizinonline.com\/wp-content\/uploads\/2015\/02\/abb2_np1_s25_0-90x41.jpg 90w, https:\/\/medizinonline.com\/wp-content\/uploads\/2015\/02\/abb2_np1_s25_0-320x147.jpg 320w, https:\/\/medizinonline.com\/wp-content\/uploads\/2015\/02\/abb2_np1_s25_0-560x258.jpg 560w\" data-sizes=\"(max-width: 1100px) 100vw, 1100px\" src=\"data:image\/svg+xml;base64,PHN2ZyB3aWR0aD0iMSIgaGVpZ2h0PSIxIiB4bWxucz0iaHR0cDovL3d3dy53My5vcmcvMjAwMC9zdmciPjwvc3ZnPg==\" \/><\/p>\n<p>La angiograf\u00eda por sustracci\u00f3n digital (ASD) tambi\u00e9n mostr\u00f3 signos de hipertensi\u00f3n venosa y estenosis de la vena colectora sin signos de trombosis<strong> (fig. 3)<\/strong>.<\/p>\n<p><img decoding=\"async\" class=\"size-full wp-image-5204 lazyload\" alt=\"\" data-src=\"https:\/\/medizinonline.com\/wp-content\/uploads\/2015\/02\/abb3_np1_s25.jpg\" style=\"--smush-placeholder-width: 1100px; --smush-placeholder-aspect-ratio: 1100\/547;height:298px; width:600px\" width=\"1100\" height=\"547\" src=\"data:image\/svg+xml;base64,PHN2ZyB3aWR0aD0iMSIgaGVpZ2h0PSIxIiB4bWxucz0iaHR0cDovL3d3dy53My5vcmcvMjAwMC9zdmciPjwvc3ZnPg==\"><\/p>\n<p>La paciente se recuper\u00f3 bien con terapia sintom\u00e1tica. Las resonancias magn\u00e9ticas de seguimiento al cabo de uno y 20 meses mostraron una lenta regresi\u00f3n de las anomal\u00edas morfol\u00f3gicas en la circunvoluci\u00f3n cingulada derecha con un cambio persistente de se\u00f1al hiperintensa FLAIR-w en la barra adyacente como expresi\u00f3n de una presunta gliosis <strong>(Fig. 4)<\/strong>.<\/p>\n<p><img decoding=\"async\" class=\"size-full wp-image-5205 lazyload\" alt=\"\" data-src=\"https:\/\/medizinonline.com\/wp-content\/uploads\/2015\/02\/abb4_np1_s25_0.jpg\" style=\"--smush-placeholder-width: 1100px; --smush-placeholder-aspect-ratio: 1100\/429;height:234px; width:600px\" width=\"1100\" height=\"429\" data-srcset=\"https:\/\/medizinonline.com\/wp-content\/uploads\/2015\/02\/abb4_np1_s25_0.jpg 1100w, https:\/\/medizinonline.com\/wp-content\/uploads\/2015\/02\/abb4_np1_s25_0-800x312.jpg 800w, https:\/\/medizinonline.com\/wp-content\/uploads\/2015\/02\/abb4_np1_s25_0-120x47.jpg 120w, https:\/\/medizinonline.com\/wp-content\/uploads\/2015\/02\/abb4_np1_s25_0-90x35.jpg 90w, https:\/\/medizinonline.com\/wp-content\/uploads\/2015\/02\/abb4_np1_s25_0-320x125.jpg 320w, https:\/\/medizinonline.com\/wp-content\/uploads\/2015\/02\/abb4_np1_s25_0-560x218.jpg 560w\" data-sizes=\"(max-width: 1100px) 100vw, 1100px\" src=\"data:image\/svg+xml;base64,PHN2ZyB3aWR0aD0iMSIgaGVpZ2h0PSIxIiB4bWxucz0iaHR0cDovL3d3dy53My5vcmcvMjAwMC9zdmciPjwvc3ZnPg==\" \/><\/p>\n<p><strong>Discusi\u00f3n:<\/strong> Los DVA son las malformaciones neurovasculares m\u00e1s frecuentes. Pueden entenderse como una reconfiguraci\u00f3n de la angioarquitectura venosa. Un DVA es responsable del drenaje venoso de un territorio y, por tanto, no puede resecarse o s\u00f3lo puede resecarse con las consecuencias de un infarto venoso.<\/p>\n<p>Aunque los DVA suelen ser asintom\u00e1ticos, no es infrecuente que se asocien a anomal\u00edas parenquimatosas locorregionales, ya sea atrofia, cavernoma o incluso calcificaciones distr\u00f3ficas, cambios que pueden detectarse f\u00e1cilmente con una tomograf\u00eda computarizada o una resonancia magn\u00e9tica. El desarrollo de hipertensi\u00f3n venosa debida a DVA puede deberse a varios factores. En primer lugar, una \u00fanica vena drena un territorio venoso anormalmente grande, en segundo lugar, se ha demostrado que las paredes de estas venas est\u00e1n engrosadas con una distensibilidad vascular reducida y, por \u00faltimo, puede haber estenosis de la vena colectora que drena.<\/p>\n<p>En la gran mayor\u00eda de los casos la VAD permanece asintom\u00e1tica, en raras ocasiones puede volverse sintom\u00e1tica debido a una trombosis, en estos casos se administra anticoagulaci\u00f3n como en la trombosis venosa cortical. Las convulsiones debidas a un cavernoma asociado son la manifestaci\u00f3n m\u00e1s frecuente. En el caso presentado, el DVA era sintom\u00e1tico sin evidencia de cavernoma o trombosis. Es probable que la meningitis redujera el umbral convulsivo.<\/p>\n<p><strong>Resumen: <\/strong>Los DVA se detectan muy a menudo en el diagn\u00f3stico por imagen y permanecen asintom\u00e1ticos en la gran mayor\u00eda. Como variaci\u00f3n de la angioarquitectura venosa normal, pueden provocar una hipertensi\u00f3n venosa locorregional con los correspondientes cambios parenquimatosos.<\/p>\n<p><em>Literatura:<\/em><\/p>\n<ol>\n<li>Lasjaunias P, Burrows P, Planet C: Anomal\u00edas venosas del desarrollo (AVD): el llamado angioma venoso. Neurosurg Rev 1986; 9: 233-242.<\/li>\n<li>Dillon WP: Malformaciones vasculares cr\u00edpticas: controversias en terminolog\u00eda, diagn\u00f3stico, fisiopatolog\u00eda y tratamiento. AJNR Am J Neuroradiol 1997; 18: 1839-1846<\/li>\n<li>San Mill\u00e1n Ruiz D, et al: Anomal\u00edas parenquimatosas asociadas a anomal\u00edas venosas del desarrollo. Neurorradiolog\u00eda 2007; 49: 987-995.<\/li>\n<li>San Mill\u00e1n Ruiz D, Yilmaz H, Gailloud P: Anomal\u00edas venosas cerebrales del desarrollo: conceptos actuales. Ann Neurol 2009; 66: 271-283.<\/li>\n<\/ol>\n<p><em>InFo NEUROLOG\u00cdA Y PSIQUIATR\u00cdA 2015; 13(1): 24-25<\/em><\/p>\n","protected":false},"excerpt":{"rendered":"<p>Informe de un caso: Un hombre de 30 a\u00f1os con un historial m\u00e9dico sin complicaciones sufri\u00f3 una convulsi\u00f3n cl\u00f3nica focal del miembro superior izquierdo, secundariamente generalizada. Cinco d\u00edas antes, la&hellip;<\/p>\n","protected":false},"author":7,"featured_media":49080,"comment_status":"closed","ping_status":"","sticky":false,"template":"","format":"standard","meta":{"_acf_changed":false,"pmpro_default_level":"","cat_1_feature_home_top":false,"cat_2_editor_pick":false,"csco_eyebrow_text":"DVA cerebral (\"anomal\u00eda venosa del desarrollo\")  ","footnotes":""},"category":[11493,11328,11441,11552],"tags":[48297,27949,48304],"powerkit_post_featured":[],"class_list":["post-343796","post","type-post","status-publish","format-standard","has-post-thumbnail","category-casos","category-neurologia","category-radiologia","category-rx-es","tag-dva-es","tag-meningitis-es","tag-pleocitosis","pmpro-has-access"],"acf":[],"publishpress_future_action":{"enabled":false,"date":"2026-05-05 23:30:42","action":"change-status","newStatus":"draft","terms":[],"taxonomy":"category","extraData":[]},"publishpress_future_workflow_manual_trigger":{"enabledWorkflows":[]},"wpml_current_locale":"es_ES","wpml_translations":[],"_links":{"self":[{"href":"https:\/\/medizinonline.com\/es\/wp-json\/wp\/v2\/posts\/343796","targetHints":{"allow":["GET"]}}],"collection":[{"href":"https:\/\/medizinonline.com\/es\/wp-json\/wp\/v2\/posts"}],"about":[{"href":"https:\/\/medizinonline.com\/es\/wp-json\/wp\/v2\/types\/post"}],"author":[{"embeddable":true,"href":"https:\/\/medizinonline.com\/es\/wp-json\/wp\/v2\/users\/7"}],"replies":[{"embeddable":true,"href":"https:\/\/medizinonline.com\/es\/wp-json\/wp\/v2\/comments?post=343796"}],"version-history":[{"count":0,"href":"https:\/\/medizinonline.com\/es\/wp-json\/wp\/v2\/posts\/343796\/revisions"}],"wp:featuredmedia":[{"embeddable":true,"href":"https:\/\/medizinonline.com\/es\/wp-json\/wp\/v2\/media\/49080"}],"wp:attachment":[{"href":"https:\/\/medizinonline.com\/es\/wp-json\/wp\/v2\/media?parent=343796"}],"wp:term":[{"taxonomy":"category","embeddable":true,"href":"https:\/\/medizinonline.com\/es\/wp-json\/wp\/v2\/category?post=343796"},{"taxonomy":"post_tag","embeddable":true,"href":"https:\/\/medizinonline.com\/es\/wp-json\/wp\/v2\/tags?post=343796"},{"taxonomy":"powerkit_post_featured","embeddable":true,"href":"https:\/\/medizinonline.com\/es\/wp-json\/wp\/v2\/powerkit_post_featured?post=343796"}],"curies":[{"name":"wp","href":"https:\/\/api.w.org\/{rel}","templated":true}]}}