{"id":345094,"date":"2014-06-13T00:00:00","date_gmt":"2014-06-12T22:00:00","guid":{"rendered":"https:\/\/medizinonline.com\/fiebre-del-heno-nueva-esperanza-contra-la-subestimada-enfermedad-generalizada\/"},"modified":"2014-06-13T00:00:00","modified_gmt":"2014-06-12T22:00:00","slug":"fiebre-del-heno-nueva-esperanza-contra-la-subestimada-enfermedad-generalizada","status":"publish","type":"post","link":"https:\/\/medizinonline.com\/es\/fiebre-del-heno-nueva-esperanza-contra-la-subestimada-enfermedad-generalizada\/","title":{"rendered":"Fiebre del heno: \u00bfnueva esperanza contra la subestimada enfermedad generalizada?"},"content":{"rendered":"<p><strong>No todas las personas anhelan los d\u00edas soleados y c\u00e1lidos ya en primavera. Muchos sufren fiebre del heno, una enfermedad generalizada a menudo subestimada. Los pacientes gravemente afectados sufren una disminuci\u00f3n de su rendimiento y a veces se sienten muy limitados por el zumbido del polen, incluso en sus actividades de ocio. Con <sup>Dymista\u00ae<\/sup>, los m\u00e9dicos disponen de una nueva opci\u00f3n terap\u00e9utica cuyos resultados en los estudios son muy prometedores.<\/strong><\/p>\n<p> <!--more--> <\/p>\n<p><em>(lg)  <\/em>Si le afecta la fiebre del heno, la fatiga, una sensaci\u00f3n casi permanente de enfermedad y una &#8220;peque\u00f1a farmacia&#8221; son compa\u00f1eros constantes en primavera o verano. Mucha gente conoce esta afecci\u00f3n y cuanto mayor es el n\u00famero de p\u00f3lenes a los que los pacientes son al\u00e9rgicos, m\u00e1s dura la afecci\u00f3n durante el verano. En la conferencia de prensa celebrada en Z\u00farich, el Prof. Dr. med Peter Schmid-Grendelmeier, de Z\u00farich, y el Prof. Dr. med Claus Bachert, de Gante (B\u00e9lgica), hablaron sobre la nueva aprobaci\u00f3n de Dymista, cuyos resultados de estudio son motivo de esperanza.<\/p>\n<h2 id=\"enfermedades-consecuentes-a-la-subestimacion-de-la-fiebre-del-heno\">Enfermedades consecuentes a la subestimaci\u00f3n de la fiebre del heno<\/h2>\n<p>Alrededor de una quinta parte de la poblaci\u00f3n suiza padece fiebre del heno, de la que casi la mitad de los pacientes toma dos o incluso m\u00e1s medicamentos. Dado que muchos padecen diversos s\u00edntomas, se utiliza un preparado diferente contra cada uno de los s\u00edntomas que se presentan. Sin embargo, controlar los s\u00edntomas no es nada f\u00e1cil. Si el tratamiento se aplica demasiado tarde o de forma incorrecta, el resultado pueden ser enfermedades graves. &#8220;Es importante proteger a los pacientes de enfermedades secundarias, porque uno de cada tres pacientes con fiebre del heno desarrolla asma al\u00e9rgica. Esto puede ocurrir entonces no s\u00f3lo estacionalmente, sino durante todo el a\u00f1o&#8221;, afirma la Prof. Schmid-Grendelmeier sobre la importancia de una terapia adecuada.<\/p>\n<p>La primera etapa de la terapia consiste en evitar el al\u00e9rgeno, se debe animar a los pacientes a lavarse el pelo con frecuencia y evitar las gram\u00edneas y el polen. El segundo paso consiste en tratar los s\u00edntomas con medicaci\u00f3n, y el tercero es la desensibilizaci\u00f3n, que pretende crear tolerancia a los al\u00e9rgenos en cuesti\u00f3n. Sin embargo, la terapia suele resultar dif\u00edcil en la pr\u00e1ctica, ya que cada paciente muestra s\u00edntomas diferentes y a menudo es al\u00e9rgico a varios grupos de p\u00f3lenes y gram\u00edneas.<\/p>\n<h2 id=\"el-preparado-combinado-convence-en-los-estudios\">El preparado combinado convence en los estudios<\/h2>\n<p>Con Dymista, se ha aprobado una novedosa combinaci\u00f3n de principios activos para el mercado suizo. Consiste en un antihistam\u00ednico y una cortisona local, que se utiliza en su forma actual como aerosol nasal. La ventaja: el compuesto despliega su efecto muy r\u00e1pidamente, la &#8220;farmacia&#8221; que tienen que llevar los enfermos se reduce a un solo preparado, ya que seg\u00fan los resultados del estudio tambi\u00e9n puede aliviar los s\u00edntomas oculares. El Prof. Bachert habla de &#8220;un verdadero efecto aditivo&#8221; que ofrece el spray nasal con esta combinaci\u00f3n de f\u00e1rmacos: &#8220;El f\u00e1rmaco se prob\u00f3 en total en unos 4500 pacientes no s\u00f3lo frente al placebo, sino tambi\u00e9n directamente frente a los corticosteroides intranasales. Aqu\u00ed se demostr\u00f3 que era dos veces m\u00e1s eficaz en la sintomatolog\u00eda general de la rinitis al\u00e9rgica estacional. Esto da nuevas esperanzas a muchos pacientes&#8221;. Los pacientes suelen citar la congesti\u00f3n nasal como el s\u00edntoma m\u00e1s molesto, que tambi\u00e9n se alivi\u00f3 significativamente con la terapia con Dymista en comparaci\u00f3n con los corticosteroides intranasales.<\/p>\n<p>El uso correcto del aerosol nasal es esencial. Se anima al m\u00e9dico de cabecera a ense\u00f1ar el uso correcto. La cabeza debe inclinarse ligeramente hacia abajo y el spray debe pulverizarse en la fosa nasal derecha con la mano izquierda y viceversa, seg\u00fan las precisas instrucciones del profesor Bachert. &#8220;En la pr\u00e1ctica, vemos que el f\u00e1rmaco es bien aceptado por los pacientes, ya que los s\u00edntomas mejoran r\u00e1pidamente. En unos cuatro d\u00edas, en lugar de los diez d\u00edas hasta ahora, mejora el conjunto de los s\u00edntomas, lo que tambi\u00e9n puede mejorar la adherencia&#8221;, es la valoraci\u00f3n de la profesora Schmid-Grendelmeier.<\/p>\n<p><img fetchpriority=\"high\" decoding=\"async\" class=\" size-full wp-image-4098\" src=\"https:\/\/medizinonline.com\/wp-content\/uploads\/2014\/06\/Schmid-Grendelmeier_DP3_s48.png_2251.png\" width=\"864\" height=\"877\" srcset=\"https:\/\/medizinonline.com\/wp-content\/uploads\/2014\/06\/Schmid-Grendelmeier_DP3_s48.png_2251.png 864w, https:\/\/medizinonline.com\/wp-content\/uploads\/2014\/06\/Schmid-Grendelmeier_DP3_s48.png_2251-800x812.png 800w, https:\/\/medizinonline.com\/wp-content\/uploads\/2014\/06\/Schmid-Grendelmeier_DP3_s48.png_2251-80x80.png 80w, https:\/\/medizinonline.com\/wp-content\/uploads\/2014\/06\/Schmid-Grendelmeier_DP3_s48.png_2251-120x122.png 120w, https:\/\/medizinonline.com\/wp-content\/uploads\/2014\/06\/Schmid-Grendelmeier_DP3_s48.png_2251-90x90.png 90w, https:\/\/medizinonline.com\/wp-content\/uploads\/2014\/06\/Schmid-Grendelmeier_DP3_s48.png_2251-320x325.png 320w, https:\/\/medizinonline.com\/wp-content\/uploads\/2014\/06\/Schmid-Grendelmeier_DP3_s48.png_2251-560x568.png 560w\" sizes=\"(max-width: 864px) 100vw, 864px\" \/><\/p>\n<p>Todav\u00eda no puede evaluarse de forma concluyente si el uso de Dymista tambi\u00e9n tiene un efecto positivo sobre el asma al\u00e9rgica. Sin embargo, actualmente se est\u00e1n llevando a cabo las investigaciones y estudios correspondientes. El f\u00e1rmaco est\u00e1 aprobado en Suiza para pacientes mayores de 12 a\u00f1os que sufren rinitis al\u00e9rgica estacional y rinoconcuntivitis. El f\u00e1rmaco mostr\u00f3 una buena tolerabilidad en su uso a largo plazo durante un a\u00f1o. Un peque\u00f1o grupo de pacientes experiment\u00f3 alteraciones del gusto al utilizar el aerosol nasal. \u00c9ste fue el efecto secundario m\u00e1s frecuente (2,5%), seguido de las hemorragias nasales (1,2%), el dolor de cabeza y la tos (1% cada uno).<\/p>\n<p><em>Fuente: &#8220;La fiebre del heno, una enfermedad muy extendida e infravalorada: \u00a1una nueva terapia da esperanza!&#8221;, conferencia de prensa MEDA, 19 de marzo de 2014, Z\u00farich<\/em><\/p>\n<p><em>PR\u00c1CTICA DERMATOL\u00d3GICA 2014; 24(3): 47-48<\/em><\/p>\n","protected":false},"excerpt":{"rendered":"<p>No todas las personas anhelan los d\u00edas soleados y c\u00e1lidos ya en primavera. Muchos sufren fiebre del heno, una enfermedad generalizada a menudo subestimada. Los pacientes gravemente afectados sufren una&hellip;<\/p>\n","protected":false},"author":4,"featured_media":44858,"comment_status":"closed","ping_status":"","sticky":false,"template":"","format":"standard","meta":{"_acf_changed":false,"pmpro_default_level":"","cat_1_feature_home_top":false,"cat_2_editor_pick":false,"csco_eyebrow_text":"Nueva opci\u00f3n terap\u00e9utica","footnotes":""},"category":[11298,11310,11483,11552],"tags":[23193,12931,24855,52382,13384,44092,13786,52391],"powerkit_post_featured":[],"class_list":["post-345094","post","type-post","status-publish","format-standard","has-post-thumbnail","category-alergologia-e-inmunologia-clinica","category-dermatologia-y-venereologia","category-el-congreso-informa","category-rx-es","tag-aerosol-nasal","tag-alergia-es","tag-dolor-de-cabeza-es","tag-dymista-es","tag-fiebre-del-heno","tag-hemorragia-nasal","tag-tos","tag-trastorno-del-gusto","pmpro-has-access"],"acf":[],"publishpress_future_action":{"enabled":false,"date":"2026-05-05 19:00:25","action":"change-status","newStatus":"draft","terms":[],"taxonomy":"category","extraData":[]},"publishpress_future_workflow_manual_trigger":{"enabledWorkflows":[]},"wpml_current_locale":"es_ES","wpml_translations":[],"_links":{"self":[{"href":"https:\/\/medizinonline.com\/es\/wp-json\/wp\/v2\/posts\/345094","targetHints":{"allow":["GET"]}}],"collection":[{"href":"https:\/\/medizinonline.com\/es\/wp-json\/wp\/v2\/posts"}],"about":[{"href":"https:\/\/medizinonline.com\/es\/wp-json\/wp\/v2\/types\/post"}],"author":[{"embeddable":true,"href":"https:\/\/medizinonline.com\/es\/wp-json\/wp\/v2\/users\/4"}],"replies":[{"embeddable":true,"href":"https:\/\/medizinonline.com\/es\/wp-json\/wp\/v2\/comments?post=345094"}],"version-history":[{"count":0,"href":"https:\/\/medizinonline.com\/es\/wp-json\/wp\/v2\/posts\/345094\/revisions"}],"wp:featuredmedia":[{"embeddable":true,"href":"https:\/\/medizinonline.com\/es\/wp-json\/wp\/v2\/media\/44858"}],"wp:attachment":[{"href":"https:\/\/medizinonline.com\/es\/wp-json\/wp\/v2\/media?parent=345094"}],"wp:term":[{"taxonomy":"category","embeddable":true,"href":"https:\/\/medizinonline.com\/es\/wp-json\/wp\/v2\/category?post=345094"},{"taxonomy":"post_tag","embeddable":true,"href":"https:\/\/medizinonline.com\/es\/wp-json\/wp\/v2\/tags?post=345094"},{"taxonomy":"powerkit_post_featured","embeddable":true,"href":"https:\/\/medizinonline.com\/es\/wp-json\/wp\/v2\/powerkit_post_featured?post=345094"}],"curies":[{"name":"wp","href":"https:\/\/api.w.org\/{rel}","templated":true}]}}