{"id":345364,"date":"2014-05-09T00:00:00","date_gmt":"2014-05-08T22:00:00","guid":{"rendered":"https:\/\/medizinonline.com\/modelos-matematicos-para-la-identificacion-de-subtipos-de-esquizofrenia\/"},"modified":"2014-05-09T00:00:00","modified_gmt":"2014-05-08T22:00:00","slug":"modelos-matematicos-para-la-identificacion-de-subtipos-de-esquizofrenia","status":"publish","type":"post","link":"https:\/\/medizinonline.com\/es\/modelos-matematicos-para-la-identificacion-de-subtipos-de-esquizofrenia\/","title":{"rendered":"Modelos matem\u00e1ticos para la identificaci\u00f3n de subtipos de esquizofrenia"},"content":{"rendered":"<p><strong>Investigadores de la ETH y de la Universidad de Z\u00farich han logrado identificar diferentes subtipos de esquizofrenia utilizando modelos matem\u00e1ticos que analizan im\u00e1genes fMRI del cerebro activo. \u00bfAbre esto el camino a diagn\u00f3sticos m\u00e1s precisos y, por tanto, a opciones terap\u00e9uticas m\u00e1s espec\u00edficas?<\/strong><\/p>\n<p> <!--more--> <\/p>\n<p><em>(ag) <\/em>\u00bfC\u00f3mo se pueden diagnosticar las enfermedades mentales con mayor precisi\u00f3n en el futuro? Cient\u00edficos del Instituto de Ingenier\u00eda Biom\u00e9dica de la ETH, en colaboraci\u00f3n con la Charit\u00e9 de Berl\u00edn, han presentado un m\u00e9todo que permite transferir im\u00e1genes de la actividad cerebral de sujetos de prueba a un modelo matem\u00e1tico que luego indica si padecen o no esquizofrenia. En caso de resultados positivos, se procede a una mayor diferenciaci\u00f3n en subgrupos. En concreto, el modelo &#8220;simple&#8221;, seg\u00fan los investigadores, calcula la fuerza de acoplamiento entre tres regiones cerebrales seleccionadas. Comprueba lo fuerte que es la comunicaci\u00f3n entre estas \u00e1reas y permite as\u00ed sacar conclusiones sobre la gravedad y el tipo de enfermedad de los pacientes esquizofr\u00e9nicos.<\/p>\n<h2 id=\"estudio-sobre-83-personas-de-prueba\">Estudio sobre 83 personas de prueba<\/h2>\n<p>El modelo ya se ha probado en 41 pacientes con esquizofrenia y 42 participantes sanos. Ten\u00edan que mirar y recordar im\u00e1genes (la memoria de trabajo suele estar deteriorada en los esquizofr\u00e9nicos) mientras se registraba su actividad cerebral. La fuerza de acoplamiento de las tres \u00e1reas cerebrales no s\u00f3lo difer\u00eda significativamente entre los grupos de pacientes y de control, sino tambi\u00e9n dentro del propio grupo de esquizofr\u00e9nicos. Surgieron tres subgrupos con diferentes patrones de actividad cerebral, que correspond\u00edan o representaban la gravedad respectiva de la esquizofrenia en comparaci\u00f3n con los s\u00edntomas cl\u00ednicos.<\/p>\n<p>Por supuesto, seg\u00fan los investigadores, el modelo, aunque alentador, dista mucho de estar listo para su uso en la pr\u00e1ctica. En particular, ser\u00eda interesante estudiar a los pacientes no tratados a lo largo del tiempo para ver si el modelo puede utilizarse para confirmar las predicciones de progresi\u00f3n sobre la enfermedad.<\/p>\n<p><em>Fuente: Comunicado de prensa del 7 de enero de 2014, Schaffner M: Using mathematical models to detect schizophrenia. ETH Life 7 de enero de 2014.<\/em><\/p>\n<p>Literatura:<\/p>\n<ol>\n<li>Brodersen KH, et al: Disecci\u00f3n de los trastornos del espectro psiqui\u00e1trico mediante incrustaci\u00f3n generativa. NeuroImage: Clinical 2014; 4: 98-111. doi:10.1016\/j.nicl.2013.11.002.<\/li>\n<\/ol>\n<p><em>InFo NEUROLOG\u00cdA Y PSIQUIATR\u00cdA 2014; 12(3): 38<\/em><\/p>\n","protected":false},"excerpt":{"rendered":"<p>Investigadores de la ETH y de la Universidad de Z\u00farich han logrado identificar diferentes subtipos de esquizofrenia utilizando modelos matem\u00e1ticos que analizan im\u00e1genes fMRI del cerebro activo. \u00bfAbre esto el&hellip;<\/p>\n","protected":false},"author":4,"featured_media":43683,"comment_status":"closed","ping_status":"","sticky":false,"template":"","format":"standard","meta":{"_acf_changed":false,"pmpro_default_level":"","cat_1_feature_home_top":false,"cat_2_editor_pick":false,"csco_eyebrow_text":"Esquizofrenia","footnotes":""},"category":[11470,11435,11552],"tags":[11865,53335,32128,53331,50105],"powerkit_post_featured":[],"class_list":["post-345364","post","type-post","status-publish","format-standard","has-post-thumbnail","category-noticias","category-psiquiatria-y-psicoterapia","category-rx-es","tag-esquizofrenia-es","tag-eth-es","tag-fmri-es","tag-subtipo-es","tag-universidad-de-zurich","pmpro-has-access"],"acf":[],"publishpress_future_action":{"enabled":false,"date":"2026-05-06 02:29:12","action":"change-status","newStatus":"draft","terms":[],"taxonomy":"category","extraData":[]},"publishpress_future_workflow_manual_trigger":{"enabledWorkflows":[]},"wpml_current_locale":"es_ES","wpml_translations":[],"_links":{"self":[{"href":"https:\/\/medizinonline.com\/es\/wp-json\/wp\/v2\/posts\/345364","targetHints":{"allow":["GET"]}}],"collection":[{"href":"https:\/\/medizinonline.com\/es\/wp-json\/wp\/v2\/posts"}],"about":[{"href":"https:\/\/medizinonline.com\/es\/wp-json\/wp\/v2\/types\/post"}],"author":[{"embeddable":true,"href":"https:\/\/medizinonline.com\/es\/wp-json\/wp\/v2\/users\/4"}],"replies":[{"embeddable":true,"href":"https:\/\/medizinonline.com\/es\/wp-json\/wp\/v2\/comments?post=345364"}],"version-history":[{"count":0,"href":"https:\/\/medizinonline.com\/es\/wp-json\/wp\/v2\/posts\/345364\/revisions"}],"wp:featuredmedia":[{"embeddable":true,"href":"https:\/\/medizinonline.com\/es\/wp-json\/wp\/v2\/media\/43683"}],"wp:attachment":[{"href":"https:\/\/medizinonline.com\/es\/wp-json\/wp\/v2\/media?parent=345364"}],"wp:term":[{"taxonomy":"category","embeddable":true,"href":"https:\/\/medizinonline.com\/es\/wp-json\/wp\/v2\/category?post=345364"},{"taxonomy":"post_tag","embeddable":true,"href":"https:\/\/medizinonline.com\/es\/wp-json\/wp\/v2\/tags?post=345364"},{"taxonomy":"powerkit_post_featured","embeddable":true,"href":"https:\/\/medizinonline.com\/es\/wp-json\/wp\/v2\/powerkit_post_featured?post=345364"}],"curies":[{"name":"wp","href":"https:\/\/api.w.org\/{rel}","templated":true}]}}