{"id":345509,"date":"2014-05-07T00:00:00","date_gmt":"2014-05-06T22:00:00","guid":{"rendered":"https:\/\/medizinonline.com\/que-se-puede-hacer-contra-el-deterioro-cognitivo-en-la-vejez\/"},"modified":"2014-05-07T00:00:00","modified_gmt":"2014-05-06T22:00:00","slug":"que-se-puede-hacer-contra-el-deterioro-cognitivo-en-la-vejez","status":"publish","type":"post","link":"https:\/\/medizinonline.com\/es\/que-se-puede-hacer-contra-el-deterioro-cognitivo-en-la-vejez\/","title":{"rendered":"\u00bfQu\u00e9 se puede hacer contra el deterioro cognitivo en la vejez?"},"content":{"rendered":"<p><strong>Uno de los aspectos del envejecimiento tiene que ver con el temor a la disminuci\u00f3n de las capacidades cognitivas. Las causas pueden ser variadas e incluyen unas pocas afecciones tratables y muchas actualmente intratables.<\/strong><\/p>\n<p> <!--more--> <\/p>\n<p>Con el aumento de la esperanza de vida de la poblaci\u00f3n mundial, es de esperar un incremento de las enfermedades relacionadas con la demencia. Seg\u00fan los datos actuales, 26,6 millones de personas en todo el mundo padecen demencia en la actualidad, y se prev\u00e9 que 106,2 millones en 2050. Una pregunta esencial que los neur\u00f3logos reciben regularmente de adultos previamente sanos es la siguiente: \u00bfQu\u00e9 puedo hacer yo mismo para prevenir la demencia?<\/p>\n<p>Seg\u00fan los resultados de los estudios animales y epidemiol\u00f3gicos disponibles hasta el momento, hay indicios de que la actividad f\u00edsica es neuroprotectora y puede reducir significativamente el riesgo de desarrollar demencia o retrasar la aparici\u00f3n de la enfermedad. Mientras no se disponga de otras terapias en las primeras fases de la demencia, la actividad f\u00edsica aer\u00f3bica regular es un factor esencial no s\u00f3lo para la prevenci\u00f3n de la demencia, sino tambi\u00e9n para la salud p\u00fablica.<\/p>\n<p>Un requisito previo para el mejor tratamiento posible del deterioro de la memoria es un diagn\u00f3stico diferencial suficiente y el registro de las comorbilidades presentes con frecuencia. En la demencia de Alzheimer, una vez descartadas otras causas, pueden utilizarse inhibidores de la colinesterasa y antagonistas de los receptores de glutamato para ralentizar la progresi\u00f3n. Es probable que en los pr\u00f3ximos a\u00f1os salgan al mercado nuevos f\u00e1rmacos eficaces para la terapia de la enfermedad de Alzheimer, pues ya hay sustancias prometedoras en fase III de ensayo. La demanda de ofertas terap\u00e9uticas no medicinales para pacientes con demencia tambi\u00e9n aumentar\u00e1 con fuerza en los pr\u00f3ximos a\u00f1os, aqu\u00ed la atenci\u00f3n se centra en la neuropsicolog\u00eda con una ampliaci\u00f3n de las ofertas terap\u00e9uticas.<\/p>\n<p>La estrecha colaboraci\u00f3n entre neur\u00f3logos, geriatras y psiquiatras es especialmente importante para los pacientes con demencia en este \u00e1mbito cada vez m\u00e1s importante de la pol\u00edtica sanitaria.<\/p>\n<p><em><strong>Prof. Dra. med. Barbara Tettenborn<\/strong><\/em><\/p>\n<p><em>InFo NEUROLOG\u00cdA Y PSIQUIATR\u00cdA 2014; 12(3): 4<\/em><\/p>\n","protected":false},"excerpt":{"rendered":"<p>Uno de los aspectos del envejecimiento tiene que ver con el temor a la disminuci\u00f3n de las capacidades cognitivas. Las causas pueden ser variadas e incluyen unas pocas afecciones tratables&hellip;<\/p>\n","protected":false},"author":4,"featured_media":43138,"comment_status":"closed","ping_status":"","sticky":false,"template":"","format":"standard","meta":{"_acf_changed":false,"pmpro_default_level":"","cat_1_feature_home_top":false,"cat_2_editor_pick":false,"csco_eyebrow_text":"Demencia","footnotes":""},"category":[11478,11316,11328,11435,11552],"tags":[12113,53700,28422,19803],"powerkit_post_featured":[],"class_list":["post-345509","post","type-post","status-publish","format-standard","has-post-thumbnail","category-formacion-continua","category-geriatria","category-neurologia","category-psiquiatria-y-psicoterapia","category-rx-es","tag-demencia","tag-deterioro-cognitivo-es","tag-edad","tag-esperanza-de-vida","pmpro-has-access"],"acf":[],"publishpress_future_action":{"enabled":false,"date":"2026-05-06 10:59:10","action":"change-status","newStatus":"draft","terms":[],"taxonomy":"category","extraData":[]},"publishpress_future_workflow_manual_trigger":{"enabledWorkflows":[]},"wpml_current_locale":"es_ES","wpml_translations":[],"_links":{"self":[{"href":"https:\/\/medizinonline.com\/es\/wp-json\/wp\/v2\/posts\/345509","targetHints":{"allow":["GET"]}}],"collection":[{"href":"https:\/\/medizinonline.com\/es\/wp-json\/wp\/v2\/posts"}],"about":[{"href":"https:\/\/medizinonline.com\/es\/wp-json\/wp\/v2\/types\/post"}],"author":[{"embeddable":true,"href":"https:\/\/medizinonline.com\/es\/wp-json\/wp\/v2\/users\/4"}],"replies":[{"embeddable":true,"href":"https:\/\/medizinonline.com\/es\/wp-json\/wp\/v2\/comments?post=345509"}],"version-history":[{"count":0,"href":"https:\/\/medizinonline.com\/es\/wp-json\/wp\/v2\/posts\/345509\/revisions"}],"wp:featuredmedia":[{"embeddable":true,"href":"https:\/\/medizinonline.com\/es\/wp-json\/wp\/v2\/media\/43138"}],"wp:attachment":[{"href":"https:\/\/medizinonline.com\/es\/wp-json\/wp\/v2\/media?parent=345509"}],"wp:term":[{"taxonomy":"category","embeddable":true,"href":"https:\/\/medizinonline.com\/es\/wp-json\/wp\/v2\/category?post=345509"},{"taxonomy":"post_tag","embeddable":true,"href":"https:\/\/medizinonline.com\/es\/wp-json\/wp\/v2\/tags?post=345509"},{"taxonomy":"powerkit_post_featured","embeddable":true,"href":"https:\/\/medizinonline.com\/es\/wp-json\/wp\/v2\/powerkit_post_featured?post=345509"}],"curies":[{"name":"wp","href":"https:\/\/api.w.org\/{rel}","templated":true}]}}