{"id":345580,"date":"2014-04-17T00:00:00","date_gmt":"2014-04-16T22:00:00","guid":{"rendered":"https:\/\/medizinonline.com\/el-principio-mas-barato-un-ahorro-solo-a-primera-vista\/"},"modified":"2014-04-17T00:00:00","modified_gmt":"2014-04-16T22:00:00","slug":"el-principio-mas-barato-un-ahorro-solo-a-primera-vista","status":"publish","type":"post","link":"https:\/\/medizinonline.com\/es\/el-principio-mas-barato-un-ahorro-solo-a-primera-vista\/","title":{"rendered":"El principio m\u00e1s barato: \u00bfun ahorro s\u00f3lo a primera vista?"},"content":{"rendered":"<p><strong>En la conferencia de prensa celebrada en febrero en Z\u00farich, la Asociaci\u00f3n Intergen\u00e9rica y la Universidad de Ciencias Aplicadas Fresenius informaron sobre los resultados de un nuevo estudio sobre el principio del menor coste.<\/strong><\/p>\n<p> <!--more--> <\/p>\n<p>En la conferencia de prensa celebrada en febrero en Z\u00farich, la Asociaci\u00f3n Intergen\u00e9rica y la Universidad de Ciencias Aplicadas Fresenius informaron sobre los resultados de un nuevo estudio sobre el principio del menor coste.<\/p>\n<p><em>(lg)<\/em>  El Dr. Peter Huber, Director General de Intergenerika, una asociaci\u00f3n de empresas de medicamentos gen\u00e9ricos en Suiza, habl\u00f3 sobre la importancia de los precios de los medicamentos en Suiza: seg\u00fan datos de la OCDE, \u00e9stos representan menos del 10% en Suiza y se han mantenido estables durante a\u00f1os. &#8220;Los gen\u00e9ricos suponen una reducci\u00f3n tanto directa como indirecta de los costes sanitarios. Esto se ha demostrado a lo largo de los a\u00f1os. Sin embargo, una mayor contenci\u00f3n de los precios debe considerarse de forma cr\u00edtica&#8221;, afirma el Dr. Huber. La calidad y la facilidad de uso de los productos gen\u00e9ricos en Suiza son elevadas y deben mantenerse a toda costa. Las formas farmac\u00e9uticas optimizadas tambi\u00e9n conducen, por ejemplo, a un mejor cumplimiento y, por tanto, a una mayor eficacia.<\/p>\n<p>As\u00ed pues, el Dr. Huber se pronuncia claramente en contra del principio del precio m\u00e1s bajo y advierte de los ejemplos de otros pa\u00edses como Alemania o los Pa\u00edses Bajos: &#8220;Por ejemplo, en los Pa\u00edses Bajos cerca de medio mill\u00f3n de personas toman su medicaci\u00f3n de forma incorrecta, un efecto de la introducci\u00f3n del principio del precio m\u00e1s bajo&#8221;.<\/p>\n<p>El Prof. Dr. Uwe May y Cosima Bauer, de la Universidad de Ciencias Aplicadas Fresenius, publicaron los resultados de un nuevo estudio sobre las experiencias econ\u00f3micas sanitarias realizadas en Alemania con la introducci\u00f3n de los contratos de descuento desde 2007. Hubo un efecto positivo a corto plazo, las cajas de enfermedad ahorraron unos dos mil millones gracias a la negociaci\u00f3n favorable de los precios de los medicamentos. A largo plazo, sin embargo, este ahorro de costes es desventajoso para todas las partes implicadas: &#8220;Los precios de descuento y de referencia, grosso modo, empeorar\u00edan notablemente la situaci\u00f3n de los pacientes&#8221;. En lugar de limitarse a fijarse en los efectos de ahorro a corto plazo de los medicamentos, el profesor May recomienda un an\u00e1lisis exhaustivo de costes y beneficios que tenga en cuenta todos los tipos de costes del sistema sanitario. Los factores que potencialmente pueden empeorar con la introducci\u00f3n de los contratos de reembolso y fijos son la adherencia de los pacientes a la terapia, la calidad de la atenci\u00f3n, as\u00ed como la incertidumbre sobre las sanciones y el recurso si, a pesar de todo, los m\u00e9dicos siguen recetando medicamentos m\u00e1s caros que no est\u00e1n previstos en los contratos de reembolso, por ejemplo.<\/p>\n<p><em>Fuente: Conferencia de prensa de la asociaci\u00f3n sectorial Intergenerika, 6 de febrero de 2014, Z\u00farich<\/em><\/p>\n<p><em>PR\u00c1CTICA GP 2014; 9(4): 34<\/em><\/p>\n","protected":false},"excerpt":{"rendered":"<p>En la conferencia de prensa celebrada en febrero en Z\u00farich, la Asociaci\u00f3n Intergen\u00e9rica y la Universidad de Ciencias Aplicadas Fresenius informaron sobre los resultados de un nuevo estudio sobre el&hellip;<\/p>\n","protected":false},"author":4,"featured_media":43063,"comment_status":"closed","ping_status":"","sticky":false,"template":"","format":"standard","meta":{"_acf_changed":false,"pmpro_default_level":"","cat_1_feature_home_top":false,"cat_2_editor_pick":false,"csco_eyebrow_text":"Intergenerika y la Universidad Fresenius de Ciencias Aplicadas  ","footnotes":""},"category":[11483,11430,11552],"tags":[53905,53907,19729,53904],"powerkit_post_featured":[],"class_list":["post-345580","post","type-post","status-publish","format-standard","has-post-thumbnail","category-el-congreso-informa","category-prevencion-y-asistencia-sanitaria","category-rx-es","tag-el-principio-mas-barato","tag-empresas-genericas-es","tag-fresenius-es","tag-intergenerika-es","pmpro-has-access"],"acf":[],"publishpress_future_action":{"enabled":false,"date":"2026-05-04 00:04:47","action":"change-status","newStatus":"draft","terms":[],"taxonomy":"category","extraData":[]},"publishpress_future_workflow_manual_trigger":{"enabledWorkflows":[]},"wpml_current_locale":"es_ES","wpml_translations":[],"_links":{"self":[{"href":"https:\/\/medizinonline.com\/es\/wp-json\/wp\/v2\/posts\/345580","targetHints":{"allow":["GET"]}}],"collection":[{"href":"https:\/\/medizinonline.com\/es\/wp-json\/wp\/v2\/posts"}],"about":[{"href":"https:\/\/medizinonline.com\/es\/wp-json\/wp\/v2\/types\/post"}],"author":[{"embeddable":true,"href":"https:\/\/medizinonline.com\/es\/wp-json\/wp\/v2\/users\/4"}],"replies":[{"embeddable":true,"href":"https:\/\/medizinonline.com\/es\/wp-json\/wp\/v2\/comments?post=345580"}],"version-history":[{"count":0,"href":"https:\/\/medizinonline.com\/es\/wp-json\/wp\/v2\/posts\/345580\/revisions"}],"wp:featuredmedia":[{"embeddable":true,"href":"https:\/\/medizinonline.com\/es\/wp-json\/wp\/v2\/media\/43063"}],"wp:attachment":[{"href":"https:\/\/medizinonline.com\/es\/wp-json\/wp\/v2\/media?parent=345580"}],"wp:term":[{"taxonomy":"category","embeddable":true,"href":"https:\/\/medizinonline.com\/es\/wp-json\/wp\/v2\/category?post=345580"},{"taxonomy":"post_tag","embeddable":true,"href":"https:\/\/medizinonline.com\/es\/wp-json\/wp\/v2\/tags?post=345580"},{"taxonomy":"powerkit_post_featured","embeddable":true,"href":"https:\/\/medizinonline.com\/es\/wp-json\/wp\/v2\/powerkit_post_featured?post=345580"}],"curies":[{"name":"wp","href":"https:\/\/api.w.org\/{rel}","templated":true}]}}