{"id":345621,"date":"2014-04-11T00:00:00","date_gmt":"2014-04-10T22:00:00","guid":{"rendered":"https:\/\/medizinonline.com\/motivar-al-paciente-para-que-lleve-a-cabo-la-terapia-cuidadosamente\/"},"modified":"2014-04-11T00:00:00","modified_gmt":"2014-04-10T22:00:00","slug":"motivar-al-paciente-para-que-lleve-a-cabo-la-terapia-cuidadosamente","status":"publish","type":"post","link":"https:\/\/medizinonline.com\/es\/motivar-al-paciente-para-que-lleve-a-cabo-la-terapia-cuidadosamente\/","title":{"rendered":"Motivar al paciente para que lleve a cabo la terapia cuidadosamente"},"content":{"rendered":"<p><strong>Este n\u00famero se centra en dos apasionantes temas dermatol\u00f3gicos de gran relevancia en la pr\u00e1ctica diaria: el tratamiento orientado al paciente de la dermatitis at\u00f3pica y el prurito en la vejez.<\/strong><\/p>\n<p> <!--more--> <\/p>\n<p>La Prof. Dra. med. Dagmar Simon, del Inselspital de Berna, ofrece una visi\u00f3n detallada y relevante para la pr\u00e1ctica de las actuales estrategias de tratamiento contra la dermatitis at\u00f3pica, una enfermedad inflamatoria que se da con frecuencia tanto en ni\u00f1os como en adultos. Al hacerlo, se centra en el paciente individual: \u00bfC\u00f3mo se puede tratar el cuadro cl\u00ednico de forma individualizada? Especialmente debido a la gran diversidad de manifestaciones, este enfoque tiene m\u00e9rito y sentido. El art\u00edculo acompa\u00f1a al lector a trav\u00e9s de las posibilidades de terapia, que en principio siempre incluye el enfoque de terapia dual &#8220;reengrasante y antiinflamatorio&#8221;, pero que puede variar, por ejemplo, en funci\u00f3n de las regiones afectadas, los riesgos de sobreinfecciones, los posibles desencadenantes al\u00e9rgicos o el curso temporal.<\/p>\n<p>El Prof. Simon tambi\u00e9n hace hincapi\u00e9 en la importancia de la educaci\u00f3n del paciente, que en realidad puede ser decisiva para el cumplimiento, pero tambi\u00e9n para el bienestar del paciente.<\/p>\n<p>PD El Dr. med. Paul Bigliardi, del Hospital Universitario Nacional de Singapur, que lleva a\u00f1os dedic\u00e1ndose intensamente a la investigaci\u00f3n cl\u00ednica y experimental sobre el prurito, escribe sobre el prurito en la vejez, cuyo tratamiento es tambi\u00e9n un reto. La percepci\u00f3n tan subjetiva del est\u00edmulo dificulta la investigaci\u00f3n basada en pruebas sobre la terapia. Existen muchas causas posibles del prurito: entre las fisiol\u00f3gicas, cabe mencionar sin duda la piel seca, que suele aparecer en la vejez debido a la reducci\u00f3n del sebo y el sudor. La barrera cut\u00e1nea, nuestro sistema de protecci\u00f3n contra las sustancias irritantes, tambi\u00e9n se ve afectada. Por lo tanto, el reengrasado es tambi\u00e9n un pilar central del tratamiento en este caso, aunque no siempre es f\u00e1cil lograr un buen cumplimiento de la terapia t\u00f3pica, ya que no es infrecuente que las personas mayores tengan problemas para aplicarse la crema por s\u00ed mismas debido a su limitada movilidad&nbsp;.<\/p>\n<p>Por ello, este PRAXIS DE DERMATOLOG\u00cdA le ofrece una vez m\u00e1s un enfoque apasionante e informativo de los problemas cut\u00e1neos de gran actualidad que se plantean con frecuencia en la pr\u00e1ctica. Espero que disfrute con su lectura y le env\u00edo un cordial saludo.<\/p>\n<p>Su<\/p>\n<p><em><strong>Prof. Dr. med. Peter Schmid-Grendelmeier<\/strong><\/em><\/p>\n<p><em>PR\u00c1CTICA DERMATOL\u00d3GICA 2014; 24(2): 4<\/em><\/p>\n","protected":false},"excerpt":{"rendered":"<p>Este n\u00famero se centra en dos apasionantes temas dermatol\u00f3gicos de gran relevancia en la pr\u00e1ctica diaria: el tratamiento orientado al paciente de la dermatitis at\u00f3pica y el prurito en la&hellip;<\/p>\n","protected":false},"author":4,"featured_media":42713,"comment_status":"closed","ping_status":"","sticky":false,"template":"","format":"standard","meta":{"_acf_changed":false,"pmpro_default_level":"","cat_1_feature_home_top":false,"cat_2_editor_pick":false,"csco_eyebrow_text":"Dermatitis at\u00f3pica y prurito en la vejez","footnotes":""},"category":[11310,11316,11470,11552],"tags":[22609,12531,18649,53963,11810],"powerkit_post_featured":[],"class_list":["post-345621","post","type-post","status-publish","format-standard","has-post-thumbnail","category-dermatologia-y-venereologia","category-geriatria","category-noticias","category-rx-es","tag-barrera-cutanea","tag-dermatitis-atopica","tag-prurito-es","tag-reengrasar","tag-terapia-es","pmpro-has-access"],"acf":[],"publishpress_future_action":{"enabled":false,"date":"2026-05-07 01:07:30","action":"change-status","newStatus":"draft","terms":[],"taxonomy":"category","extraData":[]},"publishpress_future_workflow_manual_trigger":{"enabledWorkflows":[]},"wpml_current_locale":"es_ES","wpml_translations":[],"_links":{"self":[{"href":"https:\/\/medizinonline.com\/es\/wp-json\/wp\/v2\/posts\/345621","targetHints":{"allow":["GET"]}}],"collection":[{"href":"https:\/\/medizinonline.com\/es\/wp-json\/wp\/v2\/posts"}],"about":[{"href":"https:\/\/medizinonline.com\/es\/wp-json\/wp\/v2\/types\/post"}],"author":[{"embeddable":true,"href":"https:\/\/medizinonline.com\/es\/wp-json\/wp\/v2\/users\/4"}],"replies":[{"embeddable":true,"href":"https:\/\/medizinonline.com\/es\/wp-json\/wp\/v2\/comments?post=345621"}],"version-history":[{"count":0,"href":"https:\/\/medizinonline.com\/es\/wp-json\/wp\/v2\/posts\/345621\/revisions"}],"wp:featuredmedia":[{"embeddable":true,"href":"https:\/\/medizinonline.com\/es\/wp-json\/wp\/v2\/media\/42713"}],"wp:attachment":[{"href":"https:\/\/medizinonline.com\/es\/wp-json\/wp\/v2\/media?parent=345621"}],"wp:term":[{"taxonomy":"category","embeddable":true,"href":"https:\/\/medizinonline.com\/es\/wp-json\/wp\/v2\/category?post=345621"},{"taxonomy":"post_tag","embeddable":true,"href":"https:\/\/medizinonline.com\/es\/wp-json\/wp\/v2\/tags?post=345621"},{"taxonomy":"powerkit_post_featured","embeddable":true,"href":"https:\/\/medizinonline.com\/es\/wp-json\/wp\/v2\/powerkit_post_featured?post=345621"}],"curies":[{"name":"wp","href":"https:\/\/api.w.org\/{rel}","templated":true}]}}