{"id":346224,"date":"2014-02-17T00:00:00","date_gmt":"2014-02-16T23:00:00","guid":{"rendered":"https:\/\/medizinonline.com\/que-hay-que-tener-en-cuenta-para-los-pacientes-mayores\/"},"modified":"2014-02-17T00:00:00","modified_gmt":"2014-02-16T23:00:00","slug":"que-hay-que-tener-en-cuenta-para-los-pacientes-mayores","status":"publish","type":"post","link":"https:\/\/medizinonline.com\/es\/que-hay-que-tener-en-cuenta-para-los-pacientes-mayores\/","title":{"rendered":"\u00bfQu\u00e9 hay que tener en cuenta para los pacientes mayores?"},"content":{"rendered":"<p><strong>El abdomen agudo es frecuente en la consulta del m\u00e9dico generalista. En la Gran Puesta al D\u00eda de la SGIM de este a\u00f1o en Interlaken, se presentaron las posibilidades en el diagn\u00f3stico y la terapia. En los pacientes de edad avanzada en particular, deben buscarse activamente cinco diagn\u00f3sticos potencialmente letales: Aneurisma a\u00f3rtico abdominal, perforaciones, pancreatitis, isquemia mesent\u00e9rica y obstrucci\u00f3n.<\/strong><\/p>\n<p> <!--more--> <\/p>\n<p>El Prof. Dr. med. Roland Bingisser, del servicio de urgencias del Hospital Universitario de Basilea, abri\u00f3 su conferencia con la historia de un caso: Un hombre de 72 a\u00f1os acude al servicio de urgencias con un dolor abdominal creciente. Vomit\u00f3 dos veces entre las 2 y las 4&nbsp;a.m., parece un poco febril y d\u00e9bil, pero en realidad la visita al m\u00e9dico le parece excesiva. Sus signos vitales son: Frecuencia respiratoria 22, pulso 90, tensi\u00f3n arterial 120\/60. &#8220;\u00bfQu\u00e9 har\u00eda usted primero?&#8221; fue la pregunta del profesor Bingisser al p\u00fablico. &#8220;En cualquier caso, primero debe administrar al paciente un buen analg\u00e9sico, por ejemplo morfina 2 mg i.v., es decir, hacer una analgesia precoz&#8221;.<\/p>\n<h2 id=\"como-tratar-el-abdomen-agudo\">\u00bfC\u00f3mo tratar el abdomen agudo?<\/h2>\n<p>El abdomen agudo se define como un s\u00edndrome cl\u00ednico que se presenta con dolor abdominal intenso y repentino y que requiere tratamiento de urgencia. Sin embargo, el problema de esta definici\u00f3n es que s\u00f3lo cubre a algunos de los pacientes que necesitan terapia de urgencia. As\u00ed que, especialmente para los pacientes mayores, no es exhaustivo.<br \/>\n&#8220;En general, la analgesia debe administrarse lo antes posible y de la forma m\u00e1s razonable posible: La capacidad de examen sigue estando garantizada y, por tanto, los diagn\u00f3sticos no se pasan por alto con m\u00e1s frecuencia. El resultado es comparable, pero los pacientes est\u00e1n claramente m\u00e1s satisfechos con el tratamiento que si se prescinde de la analgesia precoz. El \u00fanico problema es que el 61% de los cirujanos mayores y el 40% de los j\u00f3venes siguen oponi\u00e9ndose a esta terapia aguda&#8221;, afirma el Prof. Bingisser.<\/p>\n<p>Adem\u00e1s, deben administrarse antibi\u00f3ticos inmediatamente si se sospecha sepsis, y la profilaxis antibi\u00f3tica es aconsejable en la apendicitis.<\/p>\n<p>Diagn\u00f3sticamente, la anamnesis exacta<strong> (tab.&nbsp;1)<\/strong> y un estado repetitivo detallado se complementan con un laboratorio (hemograma, PCR, lipasa, az\u00facar en sangre, lactato) y pruebas de imagen, por ejemplo mediante radiograf\u00eda abdominal, ecograf\u00eda y TAC. Si los valores de laboratorio son completamente normales, rara vez es necesaria la intervenci\u00f3n quir\u00fargica, pero hay que tener en cuenta, sobre todo en pacientes de edad avanzada, que las leucocitosis son m\u00e1s raras. En t\u00e9rminos de imagen, el TAC es superior, pero caro y radiante.<\/p>\n<p><img fetchpriority=\"high\" decoding=\"async\" class=\" size-full wp-image-3204\" src=\"https:\/\/medizinonline.com\/wp-content\/uploads\/2014\/02\/Tab1_HP2_s38.jpg-2964ca_1597.jpg\" width=\"855\" height=\"916\" srcset=\"https:\/\/medizinonline.com\/wp-content\/uploads\/2014\/02\/Tab1_HP2_s38.jpg-2964ca_1597.jpg 855w, https:\/\/medizinonline.com\/wp-content\/uploads\/2014\/02\/Tab1_HP2_s38.jpg-2964ca_1597-800x857.jpg 800w, https:\/\/medizinonline.com\/wp-content\/uploads\/2014\/02\/Tab1_HP2_s38.jpg-2964ca_1597-120x129.jpg 120w, https:\/\/medizinonline.com\/wp-content\/uploads\/2014\/02\/Tab1_HP2_s38.jpg-2964ca_1597-90x96.jpg 90w, https:\/\/medizinonline.com\/wp-content\/uploads\/2014\/02\/Tab1_HP2_s38.jpg-2964ca_1597-320x343.jpg 320w, https:\/\/medizinonline.com\/wp-content\/uploads\/2014\/02\/Tab1_HP2_s38.jpg-2964ca_1597-560x600.jpg 560w\" sizes=\"(max-width: 855px) 100vw, 855px\" \/><\/p>\n<p>&#8220;Personalmente, sigo un algoritmo en el diagn\u00f3stico y la terapia<strong> (Fig.&nbsp;1) <\/strong>. Tambi\u00e9n menciona los cinco diagn\u00f3sticos potencialmente letales m\u00e1s importantes que uno debe buscar activamente en cualquier caso. Especialmente en el caso de los pacientes de m\u00e1s edad, cabe suponer un aumento del riesgo en estas zonas. No es necesario realizar una radiograf\u00eda del abdomen, ya que en el estudio OPTIMA se demostr\u00f3 que dicha radiograf\u00eda no modifica el diagn\u00f3stico cl\u00ednico&#8221;, explic\u00f3 el Prof. Bingisser.<\/p>\n<p><img decoding=\"async\" class=\"size-full wp-image-3205 lazyload\" data-src=\"https:\/\/medizinonline.com\/wp-content\/uploads\/2014\/02\/Abb1_s39_HP2.jpg-2d6b82_1598.jpg\" width=\"1100\" height=\"1105\" data-srcset=\"https:\/\/medizinonline.com\/wp-content\/uploads\/2014\/02\/Abb1_s39_HP2.jpg-2d6b82_1598.jpg 1100w, https:\/\/medizinonline.com\/wp-content\/uploads\/2014\/02\/Abb1_s39_HP2.jpg-2d6b82_1598-800x804.jpg 800w, https:\/\/medizinonline.com\/wp-content\/uploads\/2014\/02\/Abb1_s39_HP2.jpg-2d6b82_1598-80x80.jpg 80w, https:\/\/medizinonline.com\/wp-content\/uploads\/2014\/02\/Abb1_s39_HP2.jpg-2d6b82_1598-120x120.jpg 120w, https:\/\/medizinonline.com\/wp-content\/uploads\/2014\/02\/Abb1_s39_HP2.jpg-2d6b82_1598-90x90.jpg 90w, https:\/\/medizinonline.com\/wp-content\/uploads\/2014\/02\/Abb1_s39_HP2.jpg-2d6b82_1598-320x320.jpg 320w, https:\/\/medizinonline.com\/wp-content\/uploads\/2014\/02\/Abb1_s39_HP2.jpg-2d6b82_1598-560x563.jpg 560w\" data-sizes=\"(max-width: 1100px) 100vw, 1100px\" src=\"data:image\/svg+xml;base64,PHN2ZyB3aWR0aD0iMSIgaGVpZ2h0PSIxIiB4bWxucz0iaHR0cDovL3d3dy53My5vcmcvMjAwMC9zdmciPjwvc3ZnPg==\" style=\"--smush-placeholder-width: 1100px; --smush-placeholder-aspect-ratio: 1100\/1105;\" \/><\/p>\n<h2 id=\"causas-y-presentaciones-en-la-vejez\">Causas y presentaciones en la vejez<\/h2>\n<p>Las causas habituales de dolor abdominal agudo son la apendicitis, el c\u00f3lico biliar, el c\u00f3lico ureteral, la diverticulitis, la \u00falcera p\u00e9ptica, la gastroenteritis y el dolor abdominal inespec\u00edfico. El aneurisma a\u00f3rtico abdominal (AAB), la perforaci\u00f3n intestinal, la pancreatitis aguda, la obstrucci\u00f3n intestinal y la isquemia mesent\u00e9rica son potencialmente mortales. &#8220;La edad es un factor de riesgo que debe tenerse en cuenta: Las personas mayores de 50 a\u00f1os parecen tener un mayor riesgo de patolog\u00eda biliar, dolor inespec\u00edfico, apendicitis y obstrucci\u00f3n. Los pacientes mayores tambi\u00e9n acuden m\u00e1s tarde al m\u00e9dico y requieren un diagn\u00f3stico diferencial m\u00e1s amplio. El 20-33% requiere una intervenci\u00f3n de urgencia, y las tasas de mortalidad son del 15-34%&#8221;, explic\u00f3 el Prof. Bingisser. &#8220;En realidad, lo que a menudo pasamos por alto son las neoplasias malignas, aunque hasta un 10% de los pacientes con dolor abdominal inespec\u00edfico mayores de 50 a\u00f1os las padecen. Por desgracia, al final result\u00f3 que el paciente de la casu\u00edstica tambi\u00e9n era uno de ellos. Por lo tanto, en este caso se requiere una precauci\u00f3n especial&#8221;.<\/p>\n<p>Consejos pr\u00e1cticos y posibles escollos en el tratamiento de la colecistitis, la apendicitis y la \u00falcera p\u00e9ptica resumen<strong> las tablas 2-4 <\/strong>.<\/p>\n<p><img decoding=\"async\" class=\"size-full wp-image-3206 lazyload\" data-src=\"https:\/\/medizinonline.com\/wp-content\/uploads\/2014\/02\/Tab2-3_Hp2_s39.jpg-25c698_1596.jpg\" width=\"1100\" height=\"275\" data-srcset=\"https:\/\/medizinonline.com\/wp-content\/uploads\/2014\/02\/Tab2-3_Hp2_s39.jpg-25c698_1596.jpg 1100w, https:\/\/medizinonline.com\/wp-content\/uploads\/2014\/02\/Tab2-3_Hp2_s39.jpg-25c698_1596-800x200.jpg 800w, https:\/\/medizinonline.com\/wp-content\/uploads\/2014\/02\/Tab2-3_Hp2_s39.jpg-25c698_1596-120x30.jpg 120w, https:\/\/medizinonline.com\/wp-content\/uploads\/2014\/02\/Tab2-3_Hp2_s39.jpg-25c698_1596-90x23.jpg 90w, https:\/\/medizinonline.com\/wp-content\/uploads\/2014\/02\/Tab2-3_Hp2_s39.jpg-25c698_1596-320x80.jpg 320w, https:\/\/medizinonline.com\/wp-content\/uploads\/2014\/02\/Tab2-3_Hp2_s39.jpg-25c698_1596-560x140.jpg 560w\" data-sizes=\"(max-width: 1100px) 100vw, 1100px\" src=\"data:image\/svg+xml;base64,PHN2ZyB3aWR0aD0iMSIgaGVpZ2h0PSIxIiB4bWxucz0iaHR0cDovL3d3dy53My5vcmcvMjAwMC9zdmciPjwvc3ZnPg==\" style=\"--smush-placeholder-width: 1100px; --smush-placeholder-aspect-ratio: 1100\/275;\" \/><\/p>\n<p><img decoding=\"async\" class=\"size-full wp-image-3207 lazyload\" data-src=\"https:\/\/medizinonline.com\/wp-content\/uploads\/2014\/02\/Tab4_s40_Hp2.jpg-2228bf_1595.jpg\" width=\"842\" height=\"260\" data-srcset=\"https:\/\/medizinonline.com\/wp-content\/uploads\/2014\/02\/Tab4_s40_Hp2.jpg-2228bf_1595.jpg 842w, https:\/\/medizinonline.com\/wp-content\/uploads\/2014\/02\/Tab4_s40_Hp2.jpg-2228bf_1595-800x247.jpg 800w, https:\/\/medizinonline.com\/wp-content\/uploads\/2014\/02\/Tab4_s40_Hp2.jpg-2228bf_1595-120x37.jpg 120w, https:\/\/medizinonline.com\/wp-content\/uploads\/2014\/02\/Tab4_s40_Hp2.jpg-2228bf_1595-90x28.jpg 90w, https:\/\/medizinonline.com\/wp-content\/uploads\/2014\/02\/Tab4_s40_Hp2.jpg-2228bf_1595-320x99.jpg 320w, https:\/\/medizinonline.com\/wp-content\/uploads\/2014\/02\/Tab4_s40_Hp2.jpg-2228bf_1595-560x173.jpg 560w\" data-sizes=\"(max-width: 842px) 100vw, 842px\" src=\"data:image\/svg+xml;base64,PHN2ZyB3aWR0aD0iMSIgaGVpZ2h0PSIxIiB4bWxucz0iaHR0cDovL3d3dy53My5vcmcvMjAwMC9zdmciPjwvc3ZnPg==\" style=\"--smush-placeholder-width: 842px; --smush-placeholder-aspect-ratio: 842\/260;\" \/><\/p>\n<p><em>Fuente: &#8220;Dolor abdominal agudo&#8221;, Seminario en la SGIM Gran Actualizaci\u00f3n, 14-15 de noviembre de 2013, Interlaken<\/em><\/p>\n<p><em>PR\u00c1CTICA DE GP 2014; 9(2): 38-40<\/em><\/p>\n","protected":false},"excerpt":{"rendered":"<p>El abdomen agudo es frecuente en la consulta del m\u00e9dico generalista. En la Gran Puesta al D\u00eda de la SGIM de este a\u00f1o en Interlaken, se presentaron las posibilidades en&hellip;<\/p>\n","protected":false},"author":4,"featured_media":41188,"comment_status":"closed","ping_status":"","sticky":false,"template":"","format":"standard","meta":{"_acf_changed":false,"pmpro_default_level":"","cat_1_feature_home_top":false,"cat_2_editor_pick":false,"csco_eyebrow_text":"Abdomen agudo","footnotes":""},"category":[11483,11358,11316,11552],"tags":[57003,57029,28744,57037,57032,15209,29475,57020,57025,57011,57015,25606,52898],"powerkit_post_featured":[],"class_list":["post-346224","post","type-post","status-publish","format-standard","has-post-thumbnail","category-el-congreso-informa","category-gastroenterologia-y-hepatologia","category-geriatria","category-rx-es","tag-abdomen-agudo-es","tag-analgesia-precoz","tag-aneurisma-aortico-abdominal","tag-apendicitis","tag-consulta-de-cirugia-visceral","tag-dolor-abdominal","tag-historial-medico-es-2","tag-isquemia-mesentrica-es","tag-obstruccion","tag-perforacion","tag-pnacreatitis-es","tag-sepsis-es","tag-ulcera-peptica-es","pmpro-has-access"],"acf":[],"publishpress_future_action":{"enabled":false,"date":"2026-05-04 08:55:18","action":"change-status","newStatus":"draft","terms":[],"taxonomy":"category","extraData":[]},"publishpress_future_workflow_manual_trigger":{"enabledWorkflows":[]},"wpml_current_locale":"es_ES","wpml_translations":[],"_links":{"self":[{"href":"https:\/\/medizinonline.com\/es\/wp-json\/wp\/v2\/posts\/346224","targetHints":{"allow":["GET"]}}],"collection":[{"href":"https:\/\/medizinonline.com\/es\/wp-json\/wp\/v2\/posts"}],"about":[{"href":"https:\/\/medizinonline.com\/es\/wp-json\/wp\/v2\/types\/post"}],"author":[{"embeddable":true,"href":"https:\/\/medizinonline.com\/es\/wp-json\/wp\/v2\/users\/4"}],"replies":[{"embeddable":true,"href":"https:\/\/medizinonline.com\/es\/wp-json\/wp\/v2\/comments?post=346224"}],"version-history":[{"count":0,"href":"https:\/\/medizinonline.com\/es\/wp-json\/wp\/v2\/posts\/346224\/revisions"}],"wp:featuredmedia":[{"embeddable":true,"href":"https:\/\/medizinonline.com\/es\/wp-json\/wp\/v2\/media\/41188"}],"wp:attachment":[{"href":"https:\/\/medizinonline.com\/es\/wp-json\/wp\/v2\/media?parent=346224"}],"wp:term":[{"taxonomy":"category","embeddable":true,"href":"https:\/\/medizinonline.com\/es\/wp-json\/wp\/v2\/category?post=346224"},{"taxonomy":"post_tag","embeddable":true,"href":"https:\/\/medizinonline.com\/es\/wp-json\/wp\/v2\/tags?post=346224"},{"taxonomy":"powerkit_post_featured","embeddable":true,"href":"https:\/\/medizinonline.com\/es\/wp-json\/wp\/v2\/powerkit_post_featured?post=346224"}],"curies":[{"name":"wp","href":"https:\/\/api.w.org\/{rel}","templated":true}]}}