{"id":346430,"date":"2014-01-09T00:00:00","date_gmt":"2014-01-08T23:00:00","guid":{"rendered":"https:\/\/medizinonline.com\/la-multimorbilidad-y-la-comedicacion-requieren-una-buena-estrategia-terapeutica\/"},"modified":"2014-01-09T00:00:00","modified_gmt":"2014-01-08T23:00:00","slug":"la-multimorbilidad-y-la-comedicacion-requieren-una-buena-estrategia-terapeutica","status":"publish","type":"post","link":"https:\/\/medizinonline.com\/es\/la-multimorbilidad-y-la-comedicacion-requieren-una-buena-estrategia-terapeutica\/","title":{"rendered":"La multimorbilidad y la comedicaci\u00f3n requieren una buena estrategia terap\u00e9utica"},"content":{"rendered":"<p><strong>En el Medidays de Z\u00farich se presentaron dos \u00e1reas de deterioro en la vejez: la degeneraci\u00f3n macular y la osteoporosis. La atenci\u00f3n se centr\u00f3 en el diagn\u00f3stico y la terapia, por lo que el esclarecimiento precoz y el uso de f\u00e1rmacos anti-VEGF se recomiendan especialmente para la degeneraci\u00f3n macular h\u00fameda. En cuanto a la terapia de la osteoporosis, se centr\u00f3 en la eficacia y la viabilidad de ciertos reg\u00edmenes de tratamiento en una poblaci\u00f3n mayor multim\u00f3rbida y que toma medicaci\u00f3n comedida.<\/strong><\/p>\n<p> <!--more--> <\/p>\n<p>El doctor Roman Eberhard, de la Cl\u00ednica Oftalmol\u00f3gica del Hospital Universitario de Z\u00farich, habl\u00f3 sobre los fundamentos, el diagn\u00f3stico y la terapia de la degeneraci\u00f3n macular asociada a la edad (DMAE): &#8220;En el mundo occidental, \u00e9sta es la causa m\u00e1s com\u00fan de ceguera en pacientes mayores de 65 a\u00f1os. E incluso en las personas de 45 a 64 a\u00f1os, sigue justo detr\u00e1s de la retinopat\u00eda diab\u00e9tica como segunda causa m\u00e1s frecuente. La prevalencia es del 30% en pacientes mayores de 75 a\u00f1os. Afecta al 9,3% de los estadounidenses blancos y al 7,4% de los afroamericanos&#8221;.<\/p>\n<h2 id=\"aparicion-y-presentacion-del-sufrimiento\">Aparici\u00f3n y presentaci\u00f3n del sufrimiento<\/h2>\n<p>La degeneraci\u00f3n del epitelio pigmentario de la retina (EPR) provoca dep\u00f3sitos en la membrana de Bruch, que separa el EPR de la coroides. Se forman drusas y los fotorreceptores se atrofian. Los factores de riesgo conocidos son la edad, la gen\u00e9tica (por ejemplo, la incidencia es menor en las personas de piel oscura), el tabaquismo, las enfermedades circulatorias (presi\u00f3n arterial, l\u00edpidos en sangre), la luz ultravioleta intensa y una dieta incorrecta. La afecci\u00f3n puede clasificarse en una forma seca y otra exudativa (h\u00fameda):<\/p>\n<p><strong>Forma seca: <\/strong>La forma seca representa alrededor del 80% de todos los casos de DMAE. Se asocia con drusas, desplazamiento pigmentario del EPR y atrofias del EPR. La progresi\u00f3n es lenta y lleva a\u00f1os. \u00c9sta es tambi\u00e9n una de las caracter\u00edsticas m\u00e1s t\u00edpicas de la DMAE seca. La transici\u00f3n a la forma exudativa es posible.<\/p>\n<p><strong>Forma h\u00fameda: <\/strong>La forma exudativa (h\u00fameda) representa alrededor del 20% de todas las DMAE. Se asocia a neovascularizaci\u00f3n coroidea (NVC), a la que puede unirse desprendimiento del epitelio pigmentario, edema macular cistoide, hemorragias o fibrosis terminal. El factor VEGF est\u00e1 significativamente implicado en ello. Esta forma suele ir acompa\u00f1ada de una p\u00e9rdida grave de visi\u00f3n en un plazo de semanas a meses. Por lo tanto, debe buscarse un tratamiento precoz, lo que tambi\u00e9n significa que los pacientes con DMAE h\u00fameda deben ser identificados y remitidos a un oftalm\u00f3logo lo antes posible. Si no se trata, la DMAE h\u00fameda conduce r\u00e1pidamente a una p\u00e9rdida visual grave y a menudo irreversible.<\/p>\n<p>Concretamente, la DMAE se presenta con s\u00edntomas como metamorfopsia (l\u00edneas distorsionadas), p\u00e9rdida visual (problemas para leer), p\u00e9rdida de sensibilidad al contraste y escotoma central relativo o absoluto. El diagn\u00f3stico se basa en la prueba de agudeza visual a distancia, la presentaci\u00f3n de la llamada red de Amsler, la oftalmoscopia, la angiograf\u00eda por fluorescencia (los vasos patol\u00f3gicos muestran fugas debido a la alteraci\u00f3n de la barrera hemato-retiniana) y la tomograf\u00eda de coherencia \u00f3ptica (OCT).<\/p>\n<h2 id=\"formas-de-terapia\">Formas de terapia<\/h2>\n<p>Las vitaminas C y E, la lute\u00edna, los \u00e1cidos grasos omega-3, el betacaroteno, el zinc y el \u00f3xido de cobre proporcionan un efecto protector menor en la forma seca. El tratamiento de la forma exudativa se realiza principalmente con f\u00e1rmacos anti-VEGF (por ejemplo, <sup>Lucentis\u00ae<\/sup>), aplicados por v\u00eda intrav\u00edtrea a trav\u00e9s de la pars plana. Adem\u00e1s, existe la terapia fotodin\u00e1mica con fotosensibilizador (por ejemplo, <sup>Visudyne\u00ae<\/sup>), la fotocoagulaci\u00f3n t\u00e9rmica con l\u00e1ser o los procedimientos quir\u00fargicos. Desde los f\u00e1rmacos anti-VEGF, que son muy caros pero bien eficaces y de bajo riesgo, los tres \u00faltimos han perdido mucha importancia. La terapia antiangiog\u00e9nesis con Lucentis<sup><br \/>\n  <em>\u00ae<\/em><br \/>\n<\/sup> o Eylea<sup><br \/>\n  <sub>\u00ae<\/sub><br \/>\n<\/sup> conduce a una inhibici\u00f3n del crecimiento de los vasos sangu\u00edneos coroideos proliferantes. Estos medicamentos no deben inyectarse mientras la forma est\u00e9 todav\u00eda seca.<\/p>\n<p>&#8220;La DMAE es una enfermedad de la retina de causa desconocida, que aparece con mayor frecuencia a partir de los 50 a\u00f1os. La forma exudativa debe reconocerse a tiempo, puede hacerse regularmente un autoexamen mediante reticulaci\u00f3n de Amsler. La terapia anti-VEGF es la m\u00e1s eficaz en este caso&#8221;, resumi\u00f3 el Dr. Eberhard.<\/p>\n<h2 id=\"terapia-medicinal-de-la-osteoporosis-en-la-vejez\">Terapia medicinal de la osteoporosis en la vejez<\/h2>\n<p>La doctora Diana P. Frey, de la Cl\u00ednica de Reumatolog\u00eda del Hospital Universitario de Z\u00farich, habl\u00f3 sobre el tratamiento farmacol\u00f3gico adecuado para la osteoporosis en la vejez. &#8220;La edad es un factor de riesgo importante para la osteoporosis, por lo que son sobre todo las personas mayores las que necesitan aclararse y recibir un acompa\u00f1amiento m\u00e9dico con respecto a esta afecci\u00f3n. La multimorbilidad y la comedicaci\u00f3n son, por tanto, factores centrales que deben tenerse en cuenta&#8221;, afirm\u00f3 la Dra. Frey al presentar su conferencia. En la osteoporosis que no provoca ning\u00fan s\u00edntoma, el cumplimiento por parte del paciente suele ser deficiente, sobre todo si el modo de ingesta es complicado o, en el mejor de los casos, va acompa\u00f1ado de una disminuci\u00f3n de la memoria. En los pacientes de edad avanzada, los reg\u00edmenes sencillos y bien controlados (parenteral, sustancias en el consultorio) son, por tanto, preferibles a la terapia oral. Tomar m\u00e1s de un medicamento comedido no s\u00f3lo puede complicar la pauta de ingesta de medicamentos para la osteoporosis, sino tambi\u00e9n dificultar la absorci\u00f3n o provocar interacciones.<\/p>\n<h2 id=\"eficacia-en-la-poblacion-de-pacientes-de-edad-avanzada\">Eficacia en la poblaci\u00f3n de pacientes de edad avanzada<\/h2>\n<p>Si la poblaci\u00f3n del estudio estaba formada por mujeres, la mayor\u00eda de las participantes eran posmenop\u00e1usicas, pero a menudo s\u00f3lo se estudiaba a un peque\u00f1o n\u00famero de pacientes muy ancianas. En el caso del raloxifeno, por ejemplo, no existen datos sobre su eficacia en mujeres mayores de 70 a\u00f1os, lo que significa que esta sustancia no debe utilizarse en esta poblaci\u00f3n. Por el contrario, el efecto de la medicaci\u00f3n para la osteoporosis tiende a ser mejor con un mayor riesgo de fractura, que suelen tener las personas mayores con la misma densidad \u00f3sea, y por tanto el &#8220;n\u00famero necesario a tratar&#8221; (NNT) es menor. Esto se demostr\u00f3, por ejemplo, en el estudio FREEDOM para denosumab (Prolia\u00ae) en un subgrupo de alto riesgo de &gt;75 a\u00f1os <strong>(Fig. 1)<\/strong> [1].<\/p>\n<p><img fetchpriority=\"high\" decoding=\"async\" class=\" size-full wp-image-2944\" src=\"https:\/\/medizinonline.com\/wp-content\/uploads\/2014\/01\/Abb1_KS1.jpg-0490f4_1450.jpg\" width=\"1100\" height=\"610\" srcset=\"https:\/\/medizinonline.com\/wp-content\/uploads\/2014\/01\/Abb1_KS1.jpg-0490f4_1450.jpg 1100w, https:\/\/medizinonline.com\/wp-content\/uploads\/2014\/01\/Abb1_KS1.jpg-0490f4_1450-800x444.jpg 800w, https:\/\/medizinonline.com\/wp-content\/uploads\/2014\/01\/Abb1_KS1.jpg-0490f4_1450-120x67.jpg 120w, https:\/\/medizinonline.com\/wp-content\/uploads\/2014\/01\/Abb1_KS1.jpg-0490f4_1450-90x50.jpg 90w, https:\/\/medizinonline.com\/wp-content\/uploads\/2014\/01\/Abb1_KS1.jpg-0490f4_1450-320x177.jpg 320w, https:\/\/medizinonline.com\/wp-content\/uploads\/2014\/01\/Abb1_KS1.jpg-0490f4_1450-560x311.jpg 560w\" sizes=\"(max-width: 1100px) 100vw, 1100px\" \/><\/p>\n<p>En <strong>la tabla 1<\/strong> se muestra un resumen de los efectos secundarios que deben tenerse en cuenta en el contexto de la farmacoterapia en la vejez.<\/p>\n<p><strong><img decoding=\"async\" class=\"size-full wp-image-2945 lazyload\" data-src=\"https:\/\/medizinonline.com\/wp-content\/uploads\/2014\/01\/Tab1_KS1.jpg-06ba3e_1451.jpg\" width=\"1100\" height=\"1100\" data-srcset=\"https:\/\/medizinonline.com\/wp-content\/uploads\/2014\/01\/Tab1_KS1.jpg-06ba3e_1451.jpg 1100w, https:\/\/medizinonline.com\/wp-content\/uploads\/2014\/01\/Tab1_KS1.jpg-06ba3e_1451-800x800.jpg 800w, https:\/\/medizinonline.com\/wp-content\/uploads\/2014\/01\/Tab1_KS1.jpg-06ba3e_1451-80x80.jpg 80w, https:\/\/medizinonline.com\/wp-content\/uploads\/2014\/01\/Tab1_KS1.jpg-06ba3e_1451-120x120.jpg 120w, https:\/\/medizinonline.com\/wp-content\/uploads\/2014\/01\/Tab1_KS1.jpg-06ba3e_1451-90x90.jpg 90w, https:\/\/medizinonline.com\/wp-content\/uploads\/2014\/01\/Tab1_KS1.jpg-06ba3e_1451-320x320.jpg 320w, https:\/\/medizinonline.com\/wp-content\/uploads\/2014\/01\/Tab1_KS1.jpg-06ba3e_1451-560x560.jpg 560w\" data-sizes=\"(max-width: 1100px) 100vw, 1100px\" src=\"data:image\/svg+xml;base64,PHN2ZyB3aWR0aD0iMSIgaGVpZ2h0PSIxIiB4bWxucz0iaHR0cDovL3d3dy53My5vcmcvMjAwMC9zdmciPjwvc3ZnPg==\" style=\"--smush-placeholder-width: 1100px; --smush-placeholder-aspect-ratio: 1100\/1100;\" \/><\/strong><\/p>\n<p><em>Fuente: &#8220;Deficiencias comunes en la vejez&#8221;, seminario en Medidays, 2-6 de septiembre de 2013, Z\u00farich<\/em><\/p>\n<h3 id=\"literatura\">Literatura:<\/h3>\n<ol>\n<li>Boonen S, et al: El tratamiento con denosumab reduce la incidencia de nuevas fracturas vertebrales y de cadera en mujeres posmenop\u00e1usicas de alto riesgo. J Clin Endocrinol Metab 2011 jun; 96(6): 1727-1736. doi: 10.1210\/jc.2010-2784. epub 2011 mar 16.<\/li>\n<\/ol>\n<p><em>ESPECIAL DEL CONGRESO 2014; (6)1: 31-32<\/em><\/p>\n","protected":false},"excerpt":{"rendered":"<p>En el Medidays de Z\u00farich se presentaron dos \u00e1reas de deterioro en la vejez: la degeneraci\u00f3n macular y la osteoporosis. La atenci\u00f3n se centr\u00f3 en el diagn\u00f3stico y la terapia,&hellip;<\/p>\n","protected":false},"author":4,"featured_media":40102,"comment_status":"closed","ping_status":"","sticky":false,"template":"","format":"standard","meta":{"_acf_changed":false,"pmpro_default_level":"","cat_1_feature_home_top":false,"cat_2_editor_pick":false,"csco_eyebrow_text":"Deficiencias en la vejez","footnotes":""},"category":[11483,11316,11386,11552],"tags":[26651,34520,22005,58473,39004,15267,58476,58461,41249,28422,58485,58457,26814,58469,58479,58482,18720,16712,58488,16152,58465],"powerkit_post_featured":[],"class_list":["post-346430","post","type-post","status-publish","format-standard","has-post-thumbnail","category-el-congreso-informa","category-geriatria","category-oftalmologia","category-rx-es","tag-acidos-grasos-omega-3","tag-amd-es","tag-bifosfonatos","tag-cnv-es","tag-comedicacion","tag-cumplimiento","tag-degeneracion-del-epitelio-pigmentario-de-la-retina","tag-degeneracion-macular-asociada-a-la-edad","tag-denosumab-es","tag-edad","tag-farmaco-anti-vegf-es","tag-libertad","tag-luz-ultravioleta","tag-membrana-es","tag-metamorfosis","tag-multimorbilidad-es","tag-osteoporosis-es","tag-prevalencia-es","tag-raloxifeno-es","tag-retina-es","tag-rpe-es","pmpro-has-access"],"acf":[],"publishpress_future_action":{"enabled":false,"date":"2026-05-06 08:20:16","action":"change-status","newStatus":"draft","terms":[],"taxonomy":"category","extraData":[]},"publishpress_future_workflow_manual_trigger":{"enabledWorkflows":[]},"wpml_current_locale":"es_ES","wpml_translations":[],"_links":{"self":[{"href":"https:\/\/medizinonline.com\/es\/wp-json\/wp\/v2\/posts\/346430","targetHints":{"allow":["GET"]}}],"collection":[{"href":"https:\/\/medizinonline.com\/es\/wp-json\/wp\/v2\/posts"}],"about":[{"href":"https:\/\/medizinonline.com\/es\/wp-json\/wp\/v2\/types\/post"}],"author":[{"embeddable":true,"href":"https:\/\/medizinonline.com\/es\/wp-json\/wp\/v2\/users\/4"}],"replies":[{"embeddable":true,"href":"https:\/\/medizinonline.com\/es\/wp-json\/wp\/v2\/comments?post=346430"}],"version-history":[{"count":0,"href":"https:\/\/medizinonline.com\/es\/wp-json\/wp\/v2\/posts\/346430\/revisions"}],"wp:featuredmedia":[{"embeddable":true,"href":"https:\/\/medizinonline.com\/es\/wp-json\/wp\/v2\/media\/40102"}],"wp:attachment":[{"href":"https:\/\/medizinonline.com\/es\/wp-json\/wp\/v2\/media?parent=346430"}],"wp:term":[{"taxonomy":"category","embeddable":true,"href":"https:\/\/medizinonline.com\/es\/wp-json\/wp\/v2\/category?post=346430"},{"taxonomy":"post_tag","embeddable":true,"href":"https:\/\/medizinonline.com\/es\/wp-json\/wp\/v2\/tags?post=346430"},{"taxonomy":"powerkit_post_featured","embeddable":true,"href":"https:\/\/medizinonline.com\/es\/wp-json\/wp\/v2\/powerkit_post_featured?post=346430"}],"curies":[{"name":"wp","href":"https:\/\/api.w.org\/{rel}","templated":true}]}}