{"id":346653,"date":"2013-11-27T00:00:00","date_gmt":"2013-11-26T23:00:00","guid":{"rendered":"https:\/\/medizinonline.com\/sello-de-formacion-de-alta-calidad-y-orientada-a-la-practica-desde-hace-cinco-anos\/"},"modified":"2013-11-27T00:00:00","modified_gmt":"2013-11-26T23:00:00","slug":"sello-de-formacion-de-alta-calidad-y-orientada-a-la-practica-desde-hace-cinco-anos","status":"publish","type":"post","link":"https:\/\/medizinonline.com\/es\/sello-de-formacion-de-alta-calidad-y-orientada-a-la-practica-desde-hace-cinco-anos\/","title":{"rendered":"Sello de formaci\u00f3n de alta calidad y orientada a la pr\u00e1ctica desde hace cinco a\u00f1os"},"content":{"rendered":"<p><strong>En 2008 se cre\u00f3 una plataforma de formaci\u00f3n para especialistas interesados en el c\u00e1ncer de mama bajo el nombre de Kollegium Brustkrebs. La plataforma se caracteriza por un alto nivel de calidad y est\u00e1 reconocida por las asociaciones profesionales. Los cursos de jornada completa tambi\u00e9n son muy populares como cursos en bloque y pueden acreditarse para la obtenci\u00f3n del Diploma de Senolog\u00eda.<\/strong><\/p>\n<p> <!--more--> <\/p>\n<p>El diagn\u00f3stico, la terapia y el postratamiento del c\u00e1ncer de mama han cambiado significativamente en las \u00faltimas d\u00e9cadas y siguen evolucionando a un ritmo constante en la actualidad. Casi a diario se publican nuevos datos sobre m\u00e9todos de diagn\u00f3stico y enfoques terap\u00e9uticos. Por ello, en el trabajo diario no siempre es f\u00e1cil mantenerse al d\u00eda e integrar los datos m\u00e1s recientes en las decisiones cotidianas de la cl\u00ednica o la consulta. Para poder actualizar los propios conocimientos, los grandes eventos congresuales son muy importantes. Sin embargo, debido a su tama\u00f1o, no suelen ser muy interactivos. En este contexto, se fund\u00f3 la plataforma de formaci\u00f3n Kollegium Brustkrebs (Escuela Superior de C\u00e1ncer de Mama), que ofrece formaci\u00f3n estandarizada con calidad garantizada en todo el pa\u00eds.<\/p>\n<p>El objetivo de la Escuela Superior de C\u00e1ncer de Mama es la transferencia interactiva de conocimientos orientados a la pr\u00e1ctica en el marco de la formaci\u00f3n continua regional y la optimizaci\u00f3n de la cooperaci\u00f3n entre los especialistas de la pr\u00e1ctica privada y los centros tumorales. El contenido de la formaci\u00f3n lo elabora un grupo de expertos, se actualiza continuamente y se pone a disposici\u00f3n de los centros regionales que deseen impartir formaci\u00f3n de alto nivel sobre el c\u00e1ncer de mama.<\/p>\n<p>El programa de formaci\u00f3n consta de dos m\u00f3dulos: El primer m\u00f3dulo se centra en los aspectos b\u00e1sicos del tratamiento del c\u00e1ncer de mama, como la epidemiolog\u00eda y los factores de riesgo, el diagn\u00f3stico, el concepto terap\u00e9utico b\u00e1sico, la terapia primaria y adyuvante, as\u00ed como los principios de la terapia dirigida, y tambi\u00e9n ofrece un taller sobre procedimientos m\u00ednimamente invasivos. Se trata de un taller pr\u00e1ctico, reconocido bajo la acreditaci\u00f3n del MIBB, que ense\u00f1a a realizar biopsias con diferentes equipos. El segundo m\u00f3dulo se centra en las habilidades interpersonales en el trato con pacientes de c\u00e1ncer de mama y complementa otros contenidos no considerados en detalle en el primer m\u00f3dulo. Temas como el c\u00e1ncer de mama metast\u00e1sico, la conformidad, la imagen corporal y la sexualidad en el c\u00e1ncer de mama, pero tambi\u00e9n temas como el c\u00e1ncer de mama en diferentes grupos de edad ocupan un lugar destacado. Como parte de este segundo m\u00f3dulo, los participantes debaten varios casos en una junta tumoral y elaboran el procedimiento para la terapia.<\/p>\n<p>El programa de formaci\u00f3n est\u00e1 dirigido a especialistas que atienden a pacientes con c\u00e1ncer de mama y que desean experimentar una formaci\u00f3n compacta, emocionante y competente.<br \/>\nLa respuesta a los actos celebrados en los \u00faltimos cinco a\u00f1os confirma que el Colegio del C\u00e1ncer de Mama es un buen programa. De acuerdo con las directrices de la Academia Suiza de Ciencias M\u00e9dicas, la plataforma cuenta con el apoyo de varias empresas -Pfizer AG, Orion Pharma AG y Roche Pharma (Suiza) AG- y el reconocimiento de las sociedades profesionales.<\/p>\n<p><strong>El panel de expertos del Kollegium Brustkrebs incluye a renombrados representantes de los campos de la senolog\u00eda, la ginecolog\u00eda y la oncolog\u00eda:<\/strong><\/p>\n<ul>\n<li>Presidente: Prof. Dr. med. Andreas G\u00fcnthert, Hospital Cantonal de Lucerna<\/li>\n<li>Prof. Dr. med. Stefan Aebi, Hospital Cantonal de Lucerna<\/li>\n<li>Dra. Karoline Bischof, ZiSMed Z\u00farich<\/li>\n<li>Dra. Susanne Bucher, Hospital Cantonal de Lucerna<\/li>\n<li>Dra. Manuela Eicher, RN, Universidad de Ciencias Aplicadas a la Salud, Friburgo<\/li>\n<li>Prof. Dr. med. Uwe G\u00fcth, Hospital Cantonal de Winterthur<\/li>\n<li>PD Dr.med. Cornelia Leo, Hospital Universitario de Z\u00farich<\/li>\n<li>Dra. Kristina L\u00f6ssl, Inselspital\/Universidad de Berna<\/li>\n<li>PD Dr. med. Christoph Rageth, Centro de Mama de Z\u00farich<\/li>\n<li>PD Dr med Georges Vlastos, HUG, in Memoriam<\/li>\n<li>Dr. med. Khalil Zaman, Lausana<\/li>\n<li>PD Dra. med. Rosanna Zanetti D\u00e4llenbach, Hospital Universitario de Basilea<\/li>\n<\/ul>\n<p><strong>M\u00e1s informaci\u00f3n<\/strong><br \/>\n<a href=\"http:\/\/www.kollegium-brustkrebs.ch\" target=\"_blank\" rel=\"noopener\">www.kollegium-brustkrebs.ch<\/a><\/p>\n<p><em>InFo Oncolog\u00eda y Hematolog\u00eda 2013; 1(1): 4<\/em><\/p>\n","protected":false},"excerpt":{"rendered":"<p>En 2008 se cre\u00f3 una plataforma de formaci\u00f3n para especialistas interesados en el c\u00e1ncer de mama bajo el nombre de Kollegium Brustkrebs. La plataforma se caracteriza por un alto nivel&hellip;<\/p>\n","protected":false},"author":4,"featured_media":38688,"comment_status":"closed","ping_status":"","sticky":false,"template":"","format":"standard","meta":{"_acf_changed":false,"pmpro_default_level":"","cat_1_feature_home_top":false,"cat_2_editor_pick":false,"csco_eyebrow_text":"C\u00e1ncer de mama universitario","footnotes":""},"category":[11298,11478,11369,11336,11552],"tags":[13548,13552,26846,15267,14175,59415,29613,50521,36027,59419,11810],"powerkit_post_featured":[],"class_list":["post-346653","post","type-post","status-publish","format-standard","has-post-thumbnail","category-alergologia-e-inmunologia-clinica","category-formacion-continua","category-ginecologia","category-oncologia","category-rx-es","tag-cancer-de-mama","tag-carcinoma-de-mama","tag-cuidado-posterior","tag-cumplimiento","tag-diagnostico-es-2","tag-formacion-practica","tag-ginacologia","tag-junta-tumoral","tag-oncologia-es","tag-senologia-es","tag-terapia-es","pmpro-has-access"],"acf":[],"publishpress_future_action":{"enabled":false,"date":"2026-05-05 12:45:40","action":"change-status","newStatus":"draft","terms":[],"taxonomy":"category","extraData":[]},"publishpress_future_workflow_manual_trigger":{"enabledWorkflows":[]},"wpml_current_locale":"es_ES","wpml_translations":[],"_links":{"self":[{"href":"https:\/\/medizinonline.com\/es\/wp-json\/wp\/v2\/posts\/346653","targetHints":{"allow":["GET"]}}],"collection":[{"href":"https:\/\/medizinonline.com\/es\/wp-json\/wp\/v2\/posts"}],"about":[{"href":"https:\/\/medizinonline.com\/es\/wp-json\/wp\/v2\/types\/post"}],"author":[{"embeddable":true,"href":"https:\/\/medizinonline.com\/es\/wp-json\/wp\/v2\/users\/4"}],"replies":[{"embeddable":true,"href":"https:\/\/medizinonline.com\/es\/wp-json\/wp\/v2\/comments?post=346653"}],"version-history":[{"count":0,"href":"https:\/\/medizinonline.com\/es\/wp-json\/wp\/v2\/posts\/346653\/revisions"}],"wp:featuredmedia":[{"embeddable":true,"href":"https:\/\/medizinonline.com\/es\/wp-json\/wp\/v2\/media\/38688"}],"wp:attachment":[{"href":"https:\/\/medizinonline.com\/es\/wp-json\/wp\/v2\/media?parent=346653"}],"wp:term":[{"taxonomy":"category","embeddable":true,"href":"https:\/\/medizinonline.com\/es\/wp-json\/wp\/v2\/category?post=346653"},{"taxonomy":"post_tag","embeddable":true,"href":"https:\/\/medizinonline.com\/es\/wp-json\/wp\/v2\/tags?post=346653"},{"taxonomy":"powerkit_post_featured","embeddable":true,"href":"https:\/\/medizinonline.com\/es\/wp-json\/wp\/v2\/powerkit_post_featured?post=346653"}],"curies":[{"name":"wp","href":"https:\/\/api.w.org\/{rel}","templated":true}]}}