{"id":346891,"date":"2013-10-24T00:00:00","date_gmt":"2013-10-23T22:00:00","guid":{"rendered":"https:\/\/medizinonline.com\/la-plataforma-nacional-de-conocimientos-sobre-edad-y-adiccion-esta-en-linea\/"},"modified":"2013-10-24T00:00:00","modified_gmt":"2013-10-23T22:00:00","slug":"la-plataforma-nacional-de-conocimientos-sobre-edad-y-adiccion-esta-en-linea","status":"publish","type":"post","link":"https:\/\/medizinonline.com\/es\/la-plataforma-nacional-de-conocimientos-sobre-edad-y-adiccion-esta-en-linea\/","title":{"rendered":"La plataforma nacional de conocimientos sobre edad y adicci\u00f3n est\u00e1 en l\u00ednea"},"content":{"rendered":"<p><strong>La reci\u00e9n creada p\u00e1gina web <a href=\"http:\/\/www.alterundsucht.ch\" target=\"_blank\" rel=\"noopener\">www.alterundsucht.ch<\/a> re\u00fane los \u00faltimos conocimientos sobre el alcohol en la vejez. Est\u00e1 dirigido a las personas mayores, a sus allegados y a los grupos profesionales que cuidan, acompa\u00f1an o asesoran a las personas mayores en su trabajo diario.<\/strong><\/p>\n<p> <!--more--> <\/p>\n<p>La p\u00e1gina web www.alterundsucht.ch ha sido desarrollada en colaboraci\u00f3n con el Centro Suizo de Coordinaci\u00f3n y Especializaci\u00f3n en Adicciones Infodrog, Adicci\u00f3n Suiza, la Cl\u00ednica Forel y el Centro Especializado de Z\u00farich para la Prevenci\u00f3n del Abuso de Alcohol y Drogas (Z\u00fcFAM). La informaci\u00f3n sobre el consumo de alcohol en la vejez est\u00e1 disponible en alem\u00e1n, franc\u00e9s e italiano. Para la elaboraci\u00f3n del contenido de la web se incluyeron estudios cient\u00edficos actuales y se recab\u00f3 la opini\u00f3n tanto de las personas mayores como de los profesionales. Se desarroll\u00f3 con el apoyo financiero del Programa Nacional sobre el Alcohol. Est\u00e1 prevista su ampliaci\u00f3n a otras sustancias y temas.<\/p>\n<h2 id=\"para-personas-mayores-y-familiares\">Para personas mayores y familiares<\/h2>\n<p>En la p\u00e1gina web, las personas mayores y sus familiares pueden encontrar informaci\u00f3n sobre los cambios del organismo en la vejez y su importancia para el consumo de alcohol. Con la edad, el contenido de agua en el cuerpo disminuye, el alcohol est\u00e1 menos diluido y por lo tanto tiene un efecto m\u00e1s fuerte. Un consumo bajo o incluso nulo de alcohol puede contribuir a una buena calidad de vida \u00a1incluso en la vejez! La p\u00e1gina web tambi\u00e9n informa de que el consumo de alcohol puede provocar interacciones problem\u00e1ticas cuando se toman medicamentos. Los familiares reciben consejos sobre c\u00f3mo tratar a las personas que est\u00e1n bajo los efectos del alcohol y sobre lo que pueden hacer por s\u00ed mismos.<\/p>\n<h2 id=\"para-el-personal-profesional\">Para el personal profesional<\/h2>\n<p>La informaci\u00f3n, las directrices y las herramientas \u00fatiles para el cuidado y el asesoramiento de las personas mayores se ponen a disposici\u00f3n de m\u00e9dicos, directores de instituciones para mayores y profesionales de Spitex, trabajo social y asesoramiento. Merece la pena hacer algo con respecto a un problema de alcohol a cualquier edad. El tratamiento suele tener \u00e9xito, sobre todo para las personas que s\u00f3lo han desarrollado un problema con el alcohol en la vejez. La p\u00e1gina web tambi\u00e9n ofrece informaci\u00f3n sobre servicios de apoyo para personas mayores con problemas de alcoholismo.<\/p>\n<p><em>Fuente: Comunicado de prensa<\/em><\/p>\n<p><em><strong>Socio colaborador:<\/strong><br \/>\nInfodrog, Centro Suizo de Coordinaci\u00f3n y Expertos en Adicciones, Berna<br \/>\nAdicci\u00f3n Suiza, Lausana<br \/>\nCl\u00ednica Forel, Ellikon an der Thur<br \/>\nCentro zuriqu\u00e9s para la prevenci\u00f3n del abuso de alcohol y drogas (Z\u00fcFAM), Z\u00farich<\/em><\/p>\n","protected":false},"excerpt":{"rendered":"<p>La reci\u00e9n creada p\u00e1gina web www.alterundsucht.ch re\u00fane los \u00faltimos conocimientos sobre el alcohol en la vejez. Est\u00e1 dirigido a las personas mayores, a sus allegados y a los grupos profesionales&hellip;<\/p>\n","protected":false},"author":4,"featured_media":37613,"comment_status":"closed","ping_status":"","sticky":false,"template":"","format":"standard","meta":{"_acf_changed":false,"pmpro_default_level":"","cat_1_feature_home_top":false,"cat_2_editor_pick":false,"csco_eyebrow_text":"Adicci\u00f3n","footnotes":""},"category":[11316,11470,11435,11552],"tags":[22427,33392,28422,60432],"powerkit_post_featured":[],"class_list":["post-346891","post","type-post","status-publish","format-standard","has-post-thumbnail","category-geriatria","category-noticias","category-psiquiatria-y-psicoterapia","category-rx-es","tag-adiccion","tag-alcohol","tag-edad","tag-plataforma-de-conocimiento","pmpro-has-access"],"acf":[],"publishpress_future_action":{"enabled":false,"date":"2026-05-07 03:30:09","action":"change-status","newStatus":"draft","terms":[],"taxonomy":"category","extraData":[]},"publishpress_future_workflow_manual_trigger":{"enabledWorkflows":[]},"wpml_current_locale":"es_ES","wpml_translations":[],"_links":{"self":[{"href":"https:\/\/medizinonline.com\/es\/wp-json\/wp\/v2\/posts\/346891","targetHints":{"allow":["GET"]}}],"collection":[{"href":"https:\/\/medizinonline.com\/es\/wp-json\/wp\/v2\/posts"}],"about":[{"href":"https:\/\/medizinonline.com\/es\/wp-json\/wp\/v2\/types\/post"}],"author":[{"embeddable":true,"href":"https:\/\/medizinonline.com\/es\/wp-json\/wp\/v2\/users\/4"}],"replies":[{"embeddable":true,"href":"https:\/\/medizinonline.com\/es\/wp-json\/wp\/v2\/comments?post=346891"}],"version-history":[{"count":0,"href":"https:\/\/medizinonline.com\/es\/wp-json\/wp\/v2\/posts\/346891\/revisions"}],"wp:featuredmedia":[{"embeddable":true,"href":"https:\/\/medizinonline.com\/es\/wp-json\/wp\/v2\/media\/37613"}],"wp:attachment":[{"href":"https:\/\/medizinonline.com\/es\/wp-json\/wp\/v2\/media?parent=346891"}],"wp:term":[{"taxonomy":"category","embeddable":true,"href":"https:\/\/medizinonline.com\/es\/wp-json\/wp\/v2\/category?post=346891"},{"taxonomy":"post_tag","embeddable":true,"href":"https:\/\/medizinonline.com\/es\/wp-json\/wp\/v2\/tags?post=346891"},{"taxonomy":"powerkit_post_featured","embeddable":true,"href":"https:\/\/medizinonline.com\/es\/wp-json\/wp\/v2\/powerkit_post_featured?post=346891"}],"curies":[{"name":"wp","href":"https:\/\/api.w.org\/{rel}","templated":true}]}}