{"id":347854,"date":"2013-03-12T00:00:00","date_gmt":"2013-03-11T23:00:00","guid":{"rendered":"https:\/\/medizinonline.com\/mas-mujeres-afectadas\/"},"modified":"2013-03-12T00:00:00","modified_gmt":"2013-03-11T23:00:00","slug":"mas-mujeres-afectadas","status":"publish","type":"post","link":"https:\/\/medizinonline.com\/es\/mas-mujeres-afectadas\/","title":{"rendered":"M\u00e1s mujeres afectadas"},"content":{"rendered":"<p><strong>Alrededor de 150.000 personas en Suiza est\u00e1n afectadas por la apnea del sue\u00f1o. La enfermedad, con sus s\u00edntomas de ronquidos, paradas respiratorias y somnolencia diurna, sigue consider\u00e1ndose predominantemente un &#8220;problema de hombres&#8221;, ya que se da con menos frecuencia en mujeres y est\u00e1 poco investigada. Recientemente, la apnea del sue\u00f1o en las mujeres ha sido objeto de un intenso debate en los c\u00edrculos de expertos. Diversos estudios han demostrado que muchas m\u00e1s mujeres padecen apnea del sue\u00f1o de lo que se supon\u00eda, pero que a menudo la enfermedad no se reconoce en ellas y, en consecuencia, no se trata [1].<\/strong><\/p>\n<p> <!--more--> <\/p>\n<p>Los estudios epidemiol\u00f3gicos demuestran que un tercio de los enfermos de apnea del sue\u00f1o son mujeres. En Suiza, sin embargo, la proporci\u00f3n de apnea del sue\u00f1o diagnosticada en mujeres es s\u00f3lo del 13%. Las mujeres muestran m\u00e1s a menudo s\u00edntomas at\u00edpicos y menos claros, como insomnio, piernas inquietas, dolores de cabeza matutinos y depresi\u00f3n. Hasta ahora no ha sido posible desarrollar un cuestionario sencillo que detecte con fiabilidad la apnea del sue\u00f1o en las mujeres. &#8220;Los estudios indican que la apnea del sue\u00f1o est\u00e1 infradiagnosticada en las mujeres&#8221;, afirma el Dr. Robert Thurnheer. Despu\u00e9s de la menopausia, el riesgo de apnea del sue\u00f1o aumenta dos veces y media de forma inmediata.<\/p>\n<p>El s\u00edndrome de apnea del sue\u00f1o no tratado puede reducir la esperanza de vida en a\u00f1os. Un estudio reciente [2] muestra que la apnea del sue\u00f1o grave no tratada tambi\u00e9n se asocia a un mayor riesgo de infarto de miocardio en las mujeres.&nbsp;<\/p>\n<h2 id=\"la-apnea-del-sueno-puede-tratarse\">La apnea del sue\u00f1o puede tratarse<\/h2>\n<p>Por ello, los trastornos del sue\u00f1o, la somnolencia diurna o las paradas respiratorias nocturnas deben ser aclarados y tratados por un m\u00e9dico lo antes posible. Una sencilla prueba de riesgo en l\u00ednea en www.lungenliga.ch proporciona la informaci\u00f3n inicial. La terapia CPAP suele tener \u00e9xito tanto en mujeres como en hombres: la mascarilla respiratoria ayuda a conseguir un sue\u00f1o normal, reduce los riesgos para la salud y mejora la calidad de vida.<\/p>\n<p><em>Fuente: Comunicado de prensa Liga Pulmonar Suiza<\/em><\/p>\n<h4 id=\"literatura\">Literatura:<\/h4>\n<ol>\n<li><em>Valipour A: Diferencias relacionadas con el sexo en el s\u00edndrome de apnea obstructiva del sue\u00f1o. Neumolog\u00eda 2012; 66: 584-588.<\/em><\/li>\n<li><em>Campos-Rodriguez F.,et al.: Mortalidad cardiovascular en mujeres con apnea obstructiva del sue\u00f1o con o sin tratamiento de presi\u00f3n positiva continua en las v\u00edas respiratorias: un estudio de cohortes. Ann Intern Med 2012; 156(2): 115-122.<\/em><\/li>\n<\/ol>\n","protected":false},"excerpt":{"rendered":"<p>Alrededor de 150.000 personas en Suiza est\u00e1n afectadas por la apnea del sue\u00f1o. La enfermedad, con sus s\u00edntomas de ronquidos, paradas respiratorias y somnolencia diurna, sigue consider\u00e1ndose predominantemente un &#8220;problema&hellip;<\/p>\n","protected":false},"author":4,"featured_media":32056,"comment_status":"closed","ping_status":"","sticky":false,"template":"","format":"standard","meta":{"_acf_changed":false,"pmpro_default_level":"","cat_1_feature_home_top":false,"cat_2_editor_pick":false,"csco_eyebrow_text":"Apnea del sue\u00f1o","footnotes":""},"category":[11324,11475,11435,11552],"tags":[12461,12463,64102,64085,17809,64074,64093],"powerkit_post_featured":[],"class_list":["post-347854","post","type-post","status-publish","format-standard","has-post-thumbnail","category-cardiologia","category-estudios","category-psiquiatria-y-psicoterapia","category-rx-es","tag-apnea-del-sueno","tag-la-respiracion-se-detiene","tag-mascara-respiratoria-es","tag-problemas-para-dormir-es","tag-ronquidos","tag-somnolencia-diurna-es","tag-terapia-cpap-es","pmpro-has-access"],"acf":[],"publishpress_future_action":{"enabled":false,"date":"2026-05-02 07:37:41","action":"change-status","newStatus":"draft","terms":[],"taxonomy":"category","extraData":[]},"publishpress_future_workflow_manual_trigger":{"enabledWorkflows":[]},"wpml_current_locale":"es_ES","wpml_translations":[],"_links":{"self":[{"href":"https:\/\/medizinonline.com\/es\/wp-json\/wp\/v2\/posts\/347854","targetHints":{"allow":["GET"]}}],"collection":[{"href":"https:\/\/medizinonline.com\/es\/wp-json\/wp\/v2\/posts"}],"about":[{"href":"https:\/\/medizinonline.com\/es\/wp-json\/wp\/v2\/types\/post"}],"author":[{"embeddable":true,"href":"https:\/\/medizinonline.com\/es\/wp-json\/wp\/v2\/users\/4"}],"replies":[{"embeddable":true,"href":"https:\/\/medizinonline.com\/es\/wp-json\/wp\/v2\/comments?post=347854"}],"version-history":[{"count":0,"href":"https:\/\/medizinonline.com\/es\/wp-json\/wp\/v2\/posts\/347854\/revisions"}],"wp:featuredmedia":[{"embeddable":true,"href":"https:\/\/medizinonline.com\/es\/wp-json\/wp\/v2\/media\/32056"}],"wp:attachment":[{"href":"https:\/\/medizinonline.com\/es\/wp-json\/wp\/v2\/media?parent=347854"}],"wp:term":[{"taxonomy":"category","embeddable":true,"href":"https:\/\/medizinonline.com\/es\/wp-json\/wp\/v2\/category?post=347854"},{"taxonomy":"post_tag","embeddable":true,"href":"https:\/\/medizinonline.com\/es\/wp-json\/wp\/v2\/tags?post=347854"},{"taxonomy":"powerkit_post_featured","embeddable":true,"href":"https:\/\/medizinonline.com\/es\/wp-json\/wp\/v2\/powerkit_post_featured?post=347854"}],"curies":[{"name":"wp","href":"https:\/\/api.w.org\/{rel}","templated":true}]}}