{"id":348126,"date":"2013-03-05T00:00:00","date_gmt":"2013-03-04T23:00:00","guid":{"rendered":"https:\/\/medizinonline.com\/desconfianza-institucionalizada-un-requisito-para-la-certificacion\/"},"modified":"2013-03-05T00:00:00","modified_gmt":"2013-03-04T23:00:00","slug":"desconfianza-institucionalizada-un-requisito-para-la-certificacion","status":"publish","type":"post","link":"https:\/\/medizinonline.com\/es\/desconfianza-institucionalizada-un-requisito-para-la-certificacion\/","title":{"rendered":"Desconfianza institucionalizada: \u00a1un requisito para la certificaci\u00f3n!"},"content":{"rendered":"<p><strong>&#8220;Doctor&#8221; &#8211; de hecho todav\u00eda hay gente que me llama as\u00ed&#8230;. &#8211; &#8220;\u00a1por favor, prescriba esto por escrito!&#8221; Eso es lo que pronto dir\u00e1n en todas las residencias de ancianos y geri\u00e1tricos. &#8220;\u00a1Por favor, visualice aqu\u00ed&#8230;!&#8221; &#8220;No, la receta con la nota DS 2 x 1 al d\u00eda no es suficiente, tambi\u00e9n tiene que enviar la receta por fax&#8230;&#8221;<\/strong><\/p>\n<p> <!--more--> <\/p>\n<p>\u00bfLe suenan estas afirmaciones? \u00bfEscribe todas las recetas con pulcritud en una hoja de prescripci\u00f3n, que luego es mecanografiada en la documentaci\u00f3n electr\u00f3nica de enfermer\u00eda por el especialista en enfermer\u00eda mejor cualificado?<\/p>\n<p>Cuesta creer c\u00f3mo se cultiva sistem\u00e1ticamente la desconfianza entre las enfermeras y nosotros, los m\u00e9dicos. El hecho de que las recetas deban registrarse por escrito en una unidad de cuidados intensivos tiene sentido y probablemente nadie lo cuestione. Pero es molesto, incluso vergonzoso, que cada ordenanza en el hogar, por trivial que sea, tenga que constar por escrito. Me molesta el hecho de que se nos acuse sistem\u00e1ticamente a los m\u00e9dicos de distanciarnos de nuestras instrucciones verbales y de culpar a las enfermeras de posibles errores en el tratamiento. Conf\u00edo en los cuidadores y por ello marco visualmente las hojas Kardex en blanco. Soy consciente de que alg\u00fan d\u00eda se podr\u00eda abusar de ello. Hasta la fecha, nunca se ha producido un caso de este tipo. No puedo imaginar una colaboraci\u00f3n fruct\u00edfera con los cuidadores sin confianza mutua. La confianza entre el paciente, el m\u00e9dico y el personal de enfermer\u00eda es un requisito previo para un buen tratamiento y unos buenos cuidados. La desconfianza sistem\u00e1tica impuesta desde &#8220;arriba&#8221; envenena el clima y, en \u00faltima instancia, perjudica a los pacientes. El decreto escrito y a la vista sirve sobre todo a la seguridad de las autoridades. Tenemos que fomentar la confianza entre enfermeras y m\u00e9dicos a trav\u00e9s de nuestra experiencia y el respeto mutuo. La seguridad s\u00f3lo puede surgir en un clima de confianza. La seguridad no se puede prescribir, hay que trabajar por ella. Ofrezca a los hogares que supervisa participar en la formaci\u00f3n. Durante las discusiones de los casos, puede recoger las preguntas y preocupaciones de los cuidadores y comentar los temas presentados. Genere confianza a trav\u00e9s de sus habilidades y tratando a los cuidadores con respeto.<br \/>\n\u00a1Vale la pena!<\/p>\n<p>Cordialmente, suyo<\/p>\n","protected":false},"excerpt":{"rendered":"<p>&#8220;Doctor&#8221; &#8211; de hecho todav\u00eda hay gente que me llama as\u00ed&#8230;. &#8211; &#8220;\u00a1por favor, prescriba esto por escrito!&#8221; Eso es lo que pronto dir\u00e1n en todas las residencias de ancianos&hellip;<\/p>\n","protected":false},"author":4,"featured_media":31071,"comment_status":"closed","ping_status":"","sticky":false,"template":"","format":"standard","meta":{"_acf_changed":false,"pmpro_default_level":"","cat_1_feature_home_top":false,"cat_2_editor_pick":false,"csco_eyebrow_text":"Al grano","footnotes":""},"category":[11470,11430,11552],"tags":[65036,65034,65032,65022,65026,65028,65038,65029],"powerkit_post_featured":[],"class_list":["post-348126","post","type-post","status-publish","format-standard","has-post-thumbnail","category-noticias","category-prevencion-y-asistencia-sanitaria","category-rx-es","tag-agradecimiento","tag-competencia-profesional","tag-confie-en","tag-desconfie","tag-documentacion-escrita","tag-promulgar","tag-respetar","tag-ver","pmpro-has-access"],"acf":[],"publishpress_future_action":{"enabled":false,"date":"2026-05-09 13:16:41","action":"change-status","newStatus":"draft","terms":[],"taxonomy":"category","extraData":[]},"publishpress_future_workflow_manual_trigger":{"enabledWorkflows":[]},"wpml_current_locale":"es_ES","wpml_translations":[],"_links":{"self":[{"href":"https:\/\/medizinonline.com\/es\/wp-json\/wp\/v2\/posts\/348126","targetHints":{"allow":["GET"]}}],"collection":[{"href":"https:\/\/medizinonline.com\/es\/wp-json\/wp\/v2\/posts"}],"about":[{"href":"https:\/\/medizinonline.com\/es\/wp-json\/wp\/v2\/types\/post"}],"author":[{"embeddable":true,"href":"https:\/\/medizinonline.com\/es\/wp-json\/wp\/v2\/users\/4"}],"replies":[{"embeddable":true,"href":"https:\/\/medizinonline.com\/es\/wp-json\/wp\/v2\/comments?post=348126"}],"version-history":[{"count":0,"href":"https:\/\/medizinonline.com\/es\/wp-json\/wp\/v2\/posts\/348126\/revisions"}],"wp:featuredmedia":[{"embeddable":true,"href":"https:\/\/medizinonline.com\/es\/wp-json\/wp\/v2\/media\/31071"}],"wp:attachment":[{"href":"https:\/\/medizinonline.com\/es\/wp-json\/wp\/v2\/media?parent=348126"}],"wp:term":[{"taxonomy":"category","embeddable":true,"href":"https:\/\/medizinonline.com\/es\/wp-json\/wp\/v2\/category?post=348126"},{"taxonomy":"post_tag","embeddable":true,"href":"https:\/\/medizinonline.com\/es\/wp-json\/wp\/v2\/tags?post=348126"},{"taxonomy":"powerkit_post_featured","embeddable":true,"href":"https:\/\/medizinonline.com\/es\/wp-json\/wp\/v2\/powerkit_post_featured?post=348126"}],"curies":[{"name":"wp","href":"https:\/\/api.w.org\/{rel}","templated":true}]}}