{"id":350998,"date":"2023-02-12T01:00:00","date_gmt":"2023-02-12T00:00:00","guid":{"rendered":"https:\/\/medizinonline.com\/equilibrio-de-liquidos-desequilibrado-conclusiones-de-un-gran-estudio-de-cohortes\/"},"modified":"2023-02-14T11:33:05","modified_gmt":"2023-02-14T10:33:05","slug":"equilibrio-de-liquidos-desequilibrado-conclusiones-de-un-gran-estudio-de-cohortes","status":"publish","type":"post","link":"https:\/\/medizinonline.com\/es\/equilibrio-de-liquidos-desequilibrado-conclusiones-de-un-gran-estudio-de-cohortes\/","title":{"rendered":"Equilibrio de l\u00edquidos desequilibrado: conclusiones de un gran estudio de cohortes"},"content":{"rendered":"\n<p><strong>En el mayor estudio sobre diabetes ins\u00edpida realizado hasta la fecha, se incluyeron m\u00e1s de 1.000 pacientes de todo el mundo. Las evaluaciones muestran que una gran parte de los afectados tienen carencias de atenci\u00f3n y muchos sufren problemas psicol\u00f3gicos. Los resultados de la encuesta en l\u00ednea se publicaron en la revista <em>Lancet Endocrinology<\/em>.  <\/strong><\/p>\n\n<!--more-->\n\n<p>La hormona antidiur\u00e9tica (p\u00e9ptido arginina vasopresina, AVP) se produce en el hipot\u00e1lamo, en el dienc\u00e9falo, y es liberada a la sangre por la neurohip\u00f3fisis. En las personas sanas, asegura en los ri\u00f1ones que el organismo pierda la menor cantidad de agua posible. Sin embargo, esta interacci\u00f3n se desincroniza si se bebe demasiado: quienes consumen constantemente cantidades excesivas de l\u00edquido perjudican la funci\u00f3n de formaci\u00f3n de orina de los ri\u00f1ones, que ya no pueden retener las cantidades de l\u00edquido [1].  <\/p>\n\n<h3 id=\"clasificar-correctamente-el-sindrome-poliuria-polidipsia\" class=\"wp-block-heading\">Clasificar correctamente el s\u00edndrome poliuria-polidipsia<\/h3>\n\n<p>La causa m\u00e1s com\u00fan de poliuria y polidipsia es la presencia de una diabetes ins\u00edpida central, en la que est\u00e1 alterada la liberaci\u00f3n osmosensible de AVP (p\u00e9ptido arginina vasopresina) desde la neurohip\u00f3fisis. Mucho menos com\u00fan es la diabetes ins\u00edpida renal o nefrog\u00e9nica. Aqu\u00ed, hay insensibilidad de la antidiuresis mediada por AVP en los ri\u00f1ones. La tercera causa posible es la polidipsia primaria. A menudo resulta de la supresi\u00f3n de la liberaci\u00f3n de AVP por un aumento excesivo del consumo de l\u00edquidos [2].<\/p>\n\n<p><\/p>\n\n<figure class=\"wp-block-gallery has-nested-images columns-default is-cropped wp-block-gallery-2 is-layout-flex wp-block-gallery-is-layout-flex\">\n<figure class=\"wp-block-image size-full\"><a href=\"https:\/\/medizinonline.com\/wp-content\/uploads\/2023\/01\/Kasten_HP1_s32.png\"><img fetchpriority=\"high\" decoding=\"async\" width=\"1456\" height=\"615\" data-id=\"349549\" src=\"https:\/\/medizinonline.com\/wp-content\/uploads\/2023\/01\/Kasten_HP1_s32.png\" alt=\"\" class=\"wp-image-349549\" srcset=\"https:\/\/medizinonline.com\/wp-content\/uploads\/2023\/01\/Kasten_HP1_s32.png 1456w, https:\/\/medizinonline.com\/wp-content\/uploads\/2023\/01\/Kasten_HP1_s32-800x338.png 800w, https:\/\/medizinonline.com\/wp-content\/uploads\/2023\/01\/Kasten_HP1_s32-1160x490.png 1160w, https:\/\/medizinonline.com\/wp-content\/uploads\/2023\/01\/Kasten_HP1_s32-120x51.png 120w, https:\/\/medizinonline.com\/wp-content\/uploads\/2023\/01\/Kasten_HP1_s32-90x38.png 90w, https:\/\/medizinonline.com\/wp-content\/uploads\/2023\/01\/Kasten_HP1_s32-320x135.png 320w, https:\/\/medizinonline.com\/wp-content\/uploads\/2023\/01\/Kasten_HP1_s32-560x237.png 560w, https:\/\/medizinonline.com\/wp-content\/uploads\/2023\/01\/Kasten_HP1_s32-240x101.png 240w, https:\/\/medizinonline.com\/wp-content\/uploads\/2023\/01\/Kasten_HP1_s32-180x76.png 180w, https:\/\/medizinonline.com\/wp-content\/uploads\/2023\/01\/Kasten_HP1_s32-640x270.png 640w, https:\/\/medizinonline.com\/wp-content\/uploads\/2023\/01\/Kasten_HP1_s32-1120x473.png 1120w\" sizes=\"(max-width: 1456px) 100vw, 1456px\" \/><\/a><\/figure>\n<\/figure>\n\n<h3 id=\"encuesta-internacional-en-linea-a-gran-escala\" class=\"wp-block-heading\">Encuesta internacional en l\u00ednea a gran escala<\/h3>\n\n<p>La encuesta en l\u00ednea fue desarrollada por un equipo de expertos en estrecha colaboraci\u00f3n con representantes de los pacientes. Mediante la participaci\u00f3n directa de las personas afectadas por la enfermedad, se podr\u00eda hacer especial hincapi\u00e9 en la investigaci\u00f3n de los resultados relevantes para el paciente. El reclutamiento para participar en la encuesta se realiz\u00f3 a trav\u00e9s de diversos canales con el apoyo de las organizaciones de pacientes. Entre el 23 de agosto de 2021 y el 7 de febrero de 2022, 1034 pacientes con diabetes ins\u00edpida central participaron en la encuesta [3]. El 91% de los participantes eran adultos (rango de edad 34-54) y el 9% ni\u00f1os y j\u00f3venes (rango de edad 6-15). El 47% de los participantes ten\u00edan una disfunci\u00f3n aislada de la pituitaria posterior y el 53% una disfunci\u00f3n combinada de la pituitaria anterior y posterior. Las principales causas fueron idiop\u00e1ticas (30% de los casos) o la presencia de tumores y quistes (46% de los casos). El 26% de los 994 pacientes que recibieron tratamiento con desmopresina presentaron hiponatremia que condujo a la hospitalizaci\u00f3n. En los pacientes en los que se omiti\u00f3 o retras\u00f3 rutinariamente la administraci\u00f3n de desmopresina -un agente antidiur\u00e9tico del grupo de los analg\u00e9sicos ADH- para permitir la acuaresis intermitente, la prevalencia de hiponatremia fue significativamente menor (OR 0,55; IC 95%: 0,39-0,77; p=0,0006). De los 535 pacientes ingresados en el hospital por cualquier motivo m\u00e9dico, el 13% (IC del 95%; 0,10-0,16) no recibi\u00f3 desmopresina sin reposici\u00f3n de l\u00edquidos intravenosos. Seg\u00fan el autoinforme, los pacientes afectados presentaban s\u00edntomas de deshidrataci\u00f3n. El 64% (n=660) de todos los participantes informaron de una reducci\u00f3n de la calidad de vida y el 36% (n=369) de cambios psicol\u00f3gicos que consideraban relacionados con la diabetes ins\u00edpida central. El 80% (n=823) de los participantes se enfrent\u00f3 a una situaci\u00f3n en la que los profesionales sanitarios confundieron la diabetes ins\u00edpida central con la diabetes mellitus. El 85% de los participantes se mostr\u00f3 a favor de cambiar el nombre de la enfermedad. Los nombres alternativos preferidos fueron &#8220;deficiencia de vasopresina&#8221; y &#8220;deficiencia de arginina vasopresina&#8221;.  <\/p>\n\n<p><\/p>\n\n<figure class=\"wp-block-image size-full\"><a href=\"https:\/\/medizinonline.com\/wp-content\/uploads\/2023\/01\/ABB1_HP1_s32.png\"><img decoding=\"async\" width=\"2209\" height=\"1102\" data-src=\"https:\/\/medizinonline.com\/wp-content\/uploads\/2023\/01\/ABB1_HP1_s32.png\" alt=\"\" class=\"wp-image-349550 lazyload\" data-srcset=\"https:\/\/medizinonline.com\/wp-content\/uploads\/2023\/01\/ABB1_HP1_s32.png 2209w, https:\/\/medizinonline.com\/wp-content\/uploads\/2023\/01\/ABB1_HP1_s32-800x399.png 800w, https:\/\/medizinonline.com\/wp-content\/uploads\/2023\/01\/ABB1_HP1_s32-1160x579.png 1160w, https:\/\/medizinonline.com\/wp-content\/uploads\/2023\/01\/ABB1_HP1_s32-2048x1022.png 2048w, https:\/\/medizinonline.com\/wp-content\/uploads\/2023\/01\/ABB1_HP1_s32-120x60.png 120w, https:\/\/medizinonline.com\/wp-content\/uploads\/2023\/01\/ABB1_HP1_s32-90x45.png 90w, https:\/\/medizinonline.com\/wp-content\/uploads\/2023\/01\/ABB1_HP1_s32-320x160.png 320w, https:\/\/medizinonline.com\/wp-content\/uploads\/2023\/01\/ABB1_HP1_s32-560x279.png 560w, https:\/\/medizinonline.com\/wp-content\/uploads\/2023\/01\/ABB1_HP1_s32-1920x958.png 1920w, https:\/\/medizinonline.com\/wp-content\/uploads\/2023\/01\/ABB1_HP1_s32-240x120.png 240w, https:\/\/medizinonline.com\/wp-content\/uploads\/2023\/01\/ABB1_HP1_s32-180x90.png 180w, https:\/\/medizinonline.com\/wp-content\/uploads\/2023\/01\/ABB1_HP1_s32-640x319.png 640w, https:\/\/medizinonline.com\/wp-content\/uploads\/2023\/01\/ABB1_HP1_s32-1120x559.png 1120w, https:\/\/medizinonline.com\/wp-content\/uploads\/2023\/01\/ABB1_HP1_s32-1600x798.png 1600w\" data-sizes=\"(max-width: 2209px) 100vw, 2209px\" src=\"data:image\/svg+xml;base64,PHN2ZyB3aWR0aD0iMSIgaGVpZ2h0PSIxIiB4bWxucz0iaHR0cDovL3d3dy53My5vcmcvMjAwMC9zdmciPjwvc3ZnPg==\" style=\"--smush-placeholder-width: 2209px; --smush-placeholder-aspect-ratio: 2209\/1102;\" \/><\/a><\/figure>\n\n<h3 id=\"la-copeptina-como-marcador-sustitutivo-significativo-de-la-vasopresina\" class=\"wp-block-heading\">La copeptina como marcador sustitutivo significativo de la vasopresina<\/h3>\n\n<p>Hoy en d\u00eda se promueve un algoritmo basado en la copeptina <strong>(Fig. 1<\/strong>) como patr\u00f3n oro para el diagn\u00f3stico diferencial del s\u00edndrome poliuria-polidipsia. La copeptina es un marcador sustitutivo estable y fiable de la vasopresina que refleja la concentraci\u00f3n de vasopresina en la circulaci\u00f3n. El desarrollo de los ensayos de copeptina supuso un gran avance en el diagn\u00f3stico diferencial del s\u00edndrome poliuria-polidipsia. As\u00ed pues, un valor de copeptina basal sin sed previa puede diagnosticar una diabetes ins\u00edpida nefrog\u00e9nica. Para distinguir la diabetes ins\u00edpida central de la polidipsia primaria, se requiere una estimulaci\u00f3n osm\u00f3tica (con soluci\u00f3n salina hipert\u00f3nica) o no osm\u00f3tica (con arginina). Ambas pruebas permiten distinguir entre estas entidades con una mayor fiabilidad diagn\u00f3stica que la prueba de la sed. Un diagn\u00f3stico correcto es un requisito previo para una terapia espec\u00edfica.<\/p>\n\n<p><\/p>\n\n<p>Literatura: <\/p>\n\n<ol class=\"wp-block-list\">\n<li>  &#8220;Beber por litros: una nueva prueba determina la causa de un equilibrio de l\u00edquidos patol\u00f3gicamente alterado&#8221;, Centro M\u00e9dico Universitario de Leipzig, 02.08.2018.  <\/li>\n\n\n\n<li>Chifu I, Fenske W: Nuevo est\u00e1ndar de diagn\u00f3stico en la diabetes ins\u00edpida. Dtsch Med Wochenschr 2018; 143(24): 1739-1744.  <\/li>\n\n\n\n<li>Atila C, et al: La diabetes ins\u00edpida central desde la perspectiva del paciente: gesti\u00f3n, comorbilidades psicol\u00f3gicas y cambio de nombre de la afecci\u00f3n: resultados de una encuesta internacional a trav\u00e9s de Internet. Lancet Diabetes Endocrinol 2022; 10(10): 700-709.<\/li>\n\n\n\n<li>&#8220;La diabetes ins\u00edpida desde la perspectiva del paciente&#8221;, Universidad de Basilea, 15.09.2022.<\/li>\n\n\n\n<li>Christ-Crain M: Copeptina: importancia en el diagn\u00f3stico del s\u00edndrome poliuria-polidipsia. J Clin Endocrinol Stoffw 2020; 13: 142-150.<\/li>\n<\/ol>\n\n<p><br\/><em>PR\u00c1CTICA GP 2023; 18(1): 32-33<\/em><\/p>\n","protected":false},"excerpt":{"rendered":"<p>En el mayor estudio sobre diabetes ins\u00edpida realizado hasta la fecha, se incluyeron m\u00e1s de 1.000 pacientes de todo el mundo. Las evaluaciones muestran que una gran parte de los&hellip;<\/p>\n","protected":false},"author":7,"featured_media":126521,"comment_status":"closed","ping_status":"closed","sticky":false,"template":"","format":"standard","meta":{"_acf_changed":false,"pmpro_default_level":"","cat_1_feature_home_top":false,"cat_2_editor_pick":false,"csco_eyebrow_text":"","footnotes":""},"category":[11352,11475,11478,11288,11377,11552],"tags":[65290,65299,65296,65291,65293,35447],"powerkit_post_featured":[],"class_list":["post-350998","post","type-post","status-publish","format-standard","has-post-thumbnail","category-endocrinologia-y-diabetologia","category-estudios","category-formacion-continua","category-medicina-interna-general","category-nefrologia","category-rx-es","tag-diabetes-insipida","tag-encuesta-en-linea","tag-equilibrio-es-2","tag-equilibrio-de-liquidos","tag-escasez-de-suministros","tag-estudio-de-cohortes","pmpro-has-access"],"acf":[],"publishpress_future_action":{"enabled":false,"date":"2026-05-06 11:04:14","action":"change-status","newStatus":"draft","terms":[],"taxonomy":"category","extraData":[]},"publishpress_future_workflow_manual_trigger":{"enabledWorkflows":[]},"wpml_current_locale":"es_ES","wpml_translations":[],"_links":{"self":[{"href":"https:\/\/medizinonline.com\/es\/wp-json\/wp\/v2\/posts\/350998","targetHints":{"allow":["GET"]}}],"collection":[{"href":"https:\/\/medizinonline.com\/es\/wp-json\/wp\/v2\/posts"}],"about":[{"href":"https:\/\/medizinonline.com\/es\/wp-json\/wp\/v2\/types\/post"}],"author":[{"embeddable":true,"href":"https:\/\/medizinonline.com\/es\/wp-json\/wp\/v2\/users\/7"}],"replies":[{"embeddable":true,"href":"https:\/\/medizinonline.com\/es\/wp-json\/wp\/v2\/comments?post=350998"}],"version-history":[{"count":1,"href":"https:\/\/medizinonline.com\/es\/wp-json\/wp\/v2\/posts\/350998\/revisions"}],"predecessor-version":[{"id":351003,"href":"https:\/\/medizinonline.com\/es\/wp-json\/wp\/v2\/posts\/350998\/revisions\/351003"}],"wp:featuredmedia":[{"embeddable":true,"href":"https:\/\/medizinonline.com\/es\/wp-json\/wp\/v2\/media\/126521"}],"wp:attachment":[{"href":"https:\/\/medizinonline.com\/es\/wp-json\/wp\/v2\/media?parent=350998"}],"wp:term":[{"taxonomy":"category","embeddable":true,"href":"https:\/\/medizinonline.com\/es\/wp-json\/wp\/v2\/category?post=350998"},{"taxonomy":"post_tag","embeddable":true,"href":"https:\/\/medizinonline.com\/es\/wp-json\/wp\/v2\/tags?post=350998"},{"taxonomy":"powerkit_post_featured","embeddable":true,"href":"https:\/\/medizinonline.com\/es\/wp-json\/wp\/v2\/powerkit_post_featured?post=350998"}],"curies":[{"name":"wp","href":"https:\/\/api.w.org\/{rel}","templated":true}]}}