{"id":352222,"date":"2023-02-19T01:00:00","date_gmt":"2023-02-19T00:00:00","guid":{"rendered":"https:\/\/medizinonline.com\/reconocer-los-deficits-en-la-paroxismia-vestibular-la-esclerosis-multiple-y-co\/"},"modified":"2023-02-23T14:47:18","modified_gmt":"2023-02-23T13:47:18","slug":"reconocer-los-deficits-en-la-paroxismia-vestibular-la-esclerosis-multiple-y-co","status":"publish","type":"post","link":"https:\/\/medizinonline.com\/es\/reconocer-los-deficits-en-la-paroxismia-vestibular-la-esclerosis-multiple-y-co\/","title":{"rendered":"Reconocer los d\u00e9ficits en la paroxismia vestibular, la esclerosis m\u00faltiple y co."},"content":{"rendered":"\n<p><\/p>\n\n<p><strong>El sistema nervioso central est\u00e1 permanentemente expuesto a multitud de desaf\u00edos. Algunos obst\u00e1culos pueden superarse, otros necesitan ayuda. Los investigadores trabajan a toda velocidad para descifrar los procesos con el fin de desarrollar medidas terap\u00e9uticas adecuadas basadas en una mejor comprensi\u00f3n. En el DGN se presentaron los resultados de estudios actuales sobre diferentes enfermedades cerebrales (nerviosas).<\/strong><\/p>\n\n<!--more-->\n\n<p>La paroxismia vestibular (PV) es un &#8220;conflicto vasculonervioso&#8221; en el \u00e1ngulo pontocerebeloso, que provoca breves ataques de v\u00e9rtigo, generalmente espont\u00e1neos. Tambi\u00e9n se han notificado episodios breves de presi\u00f3n en los o\u00eddos, p\u00e9rdida de audici\u00f3n y\/o ac\u00fafenos. En el punto en el que los nervios auditivo y vestibular entran en el cerebro, existe un contacto permanente entre los nervios y un bucle vascular. Los impulsos nerviosos pueden entonces saltar de un lado a otro entre las fibras nerviosas individuales sin obst\u00e1culos. Estos &#8220;cortocircuitos&#8221; provocan una hiperexcitabilidad de los nervios auditivos y\/o vestibulares con los s\u00edntomas t\u00edpicos. En la actualidad se han establecido nuevos criterios diagn\u00f3sticos para distinguir entre una forma definitiva (dVP) y una probable (pVP). En una cohorte de pacientes bien diagnosticados, se describieron con m\u00e1s detalle los s\u00edntomas cl\u00ednicos y los hallazgos vestibulares [1].  <\/p>\n\n<p>Se identificaron 146 pacientes con una VPP (n=73) y una VPD (N=73). Los afectados sufr\u00edan entre cinco y 30 ataques al d\u00eda. Los s\u00edntomas cl\u00ednicos de las dos formas difer\u00edan significativamente con respecto al tipo de v\u00e9rtigo. Los pacientes con dVP informaron de v\u00e9rtigos rotatorios con mayor frecuencia. En dos tercios de los afectados, los ataques se produjeron espont\u00e1neamente, en una cuarta parte fueron desencadenados por movimientos de la cabeza. En cuanto al diagn\u00f3stico vestibular, un tercio de los pacientes mostraron nistagmo inducido por hiperventilaci\u00f3n y desviaci\u00f3n de la vertical visual subjetiva. El 18% tuvo que cambiar de la medicaci\u00f3n original de carbamazepina y oxcarbazepina a gabapentina, lacosamida o fenito\u00edna debido a los efectos secundarios. Tres cuartas partes de los pacientes con dVP podr\u00edan recibir ayuda. Permanecieron libres de ataques &#8211; m\u00e1s de la mitad sin medicaci\u00f3n. Los enfermos con ataques persistentes tambi\u00e9n ten\u00edan una frecuencia de ataques significativamente mayor al inicio del tratamiento. En general, puede decirse que el pron\u00f3stico a largo plazo de la VP es favorable. Un intento de tratamiento parece tener sentido.  <\/p>\n\n<h3 id=\"carga-de-la-enfermedad-de-la-em-en-fases-tempranas\" class=\"wp-block-heading\">Carga de la enfermedad de la EM en fases tempranas<\/h3>\n\n<p>Ninguna enfermedad es igual y no hay dos pacientes que se sientan igual. Por lo tanto, la diferente percepci\u00f3n de la presencia y gravedad de los s\u00edntomas de la esclerosis m\u00faltiple (EM) puede llevar a subestimar la prevalencia y relevancia de los s\u00edntomas. Por tanto, el objetivo de una encuesta era captar la perspectiva del paciente para facilitar el reconocimiento de la transici\u00f3n de la EMRR a la EMP [2]. La encuesta proporciona informaci\u00f3n sobre los s\u00edntomas de la enfermedad, el mantenimiento de las habilidades de la vida diaria, la carga de la enfermedad y los beneficios de las terapias sintom\u00e1ticas y modificadoras del curso. Se realiz\u00f3 entre 4555 pacientes adultos con EMPM.  <\/p>\n\n<p>Se descubri\u00f3 que los problemas para caminar eran los m\u00e1s molestos. La fatiga, el deterioro cognitivo, las alteraciones visuales y el entumecimiento y hormigueo fueron m\u00e1s frecuentes en los enfermos de EMRR y EMPS con un estado de discapacidad m\u00e1s bajo que en los pacientes con un estado de discapacidad m\u00e1s alto. El 65,8% de todos los pacientes con EMRR y el 92,9% de todos los afectados por EMPS informaron de un empeoramiento de los s\u00edntomas independiente de las reca\u00eddas. El 24,4 de los pacientes con EMRR y el 43,5% de los pacientes con EMPP no recibieron ninguna terapia modificadora de la enfermedad, el 36,9% de todos los enfermos de EMPP recibieron tratamiento sintom\u00e1tico. En conjunto, una proporci\u00f3n relevante de pacientes con EMRR presentaba una mayor duraci\u00f3n de la enfermedad, una discapacidad creciente, un empeoramiento de los s\u00edntomas independiente de las reca\u00eddas y un patr\u00f3n de s\u00edntomas y una carga de enfermedad similares a los del grupo de EMSP. Esto sugiere que la transici\u00f3n a SPMS est\u00e1 infradiagnosticada en la pr\u00e1ctica cl\u00ednica.<\/p>\n\n<h3 id=\"terapia-endovascular-para-infartos-cerebrales\" class=\"wp-block-heading\">Terapia endovascular para infartos cerebrales<\/h3>\n\n<p>La terapia endovascular (EVT) se utiliza cada vez m\u00e1s para tratar los ictus causados por la oclusi\u00f3n aislada de la arteria cerebral posterior. En un metaan\u00e1lisis, se examin\u00f3 ahora con m\u00e1s detalle el beneficio cl\u00ednico en comparaci\u00f3n con la gesti\u00f3n cl\u00ednica pura (BMM) [3]. Para ello, se incluyeron en el an\u00e1lisis 12 de los 441 art\u00edculos. Cuatro de los doce estudios compararon directamente la EVT con la BMM. En los dem\u00e1s, se estudi\u00f3 un m\u00e9todo u otro. Se incluy\u00f3 a un total de 679 pacientes. Se realiz\u00f3 una EVT en 338 afectados y una BMM en 341.  <\/p>\n\n<p>Despu\u00e9s de tres meses, se obtuvo un buen resultado funcional en el 48,1% de los pacientes con BMM y en el 58,0% de los pacientes con EVT. En el an\u00e1lisis comparativo no se detectaron diferencias significativas en la frecuencia de un buen resultado cl\u00ednico. En consecuencia, los expertos concluyen que la EVT es un tratamiento seguro.  <\/p>\n\n<h3 id=\"a-veces-merece-la-pena-echar-un-segundo-vistazo\" class=\"wp-block-heading\">A veces merece la pena echar un segundo vistazo<\/h3>\n\n<p>En el siglo XIX, la neuros\u00edfilis era la causa m\u00e1s com\u00fan de demencia. Entretanto, esta forma de demencia se ha vuelto poco frecuente. No obstante, una prueba a veces puede ser \u00fatil, como descubri\u00f3 un estudio [4]. Para ello, se someti\u00f3 a pacientes geri\u00e1tricos hospitalizados con anomal\u00edas cognitivas o neuropat\u00eda a un inmunoensayo de electroquimioluminiscencia para la detecci\u00f3n de anticuerpos dirigidos contra T. pallidum como reacci\u00f3n de b\u00fasqueda de lues. Si el resultado era positivo, se realizaban m\u00e1s pruebas de laboratorio para determinar si estaba indicada la antibiosis. En 42 de 4116 pacientes (1%), la TP-ECLIA detect\u00f3 anticuerpos en suero contra T. pallidum. Se realiz\u00f3 un an\u00e1lisis del l\u00edquido cefalorraqu\u00eddeo en 10 pacientes. Cinco personas afectadas recibieron finalmente tratamiento antibi\u00f3tico.  <\/p>\n\n<p><em>Congreso: Neuro Semana (DGN)<\/em><\/p>\n\n<p><br\/>Literatura:<\/p>\n\n<ol class=\"wp-block-list\">\n<li>Steinmetz K, Becker-Bense S, Strobl R, et al: Paroxismia vestibular: caracter\u00edsticas cl\u00ednicas y evoluci\u00f3n a largo plazo. DGN-P292.<\/li>\n\n\n\n<li>Bayas A, Christ M, Schuh K: Encuesta a pacientes sobre la carga de la enfermedad y los primeros signos de progresi\u00f3n de la esclerosis m\u00faltiple en Alemania (MSPerspectives). DGN-IP018.<\/li>\n\n\n\n<li>Berberich A, Finitsis S, Strambo D, et al: Tratamiento endovascular frente a tratamiento cl\u00ednico de los infartos cerebrales causados por oclusi\u00f3n de la arteria cerebral posterior: un metaan\u00e1lisis. DGN-P124.<\/li>\n\n\n\n<li>Djukic M, Eiffert H, Lange P, et al: El papel de la serolog\u00eda lues en el diagn\u00f3stico diferencial del deterioro cognitivo y las polineuropat\u00edas en pacientes de una cl\u00ednica geri\u00e1trica. DGN-P213.<\/li>\n<\/ol>\n\n<p><\/p>\n\n<p><em>InFo NEUROLOGY &amp; PSYCHIATRY 2023; 21(1): 18 (publicado el 8.2.22, antes de impresi\u00f3n).<\/em><\/p>\n","protected":false},"excerpt":{"rendered":"<p>El sistema nervioso central est\u00e1 permanentemente expuesto a multitud de desaf\u00edos. Algunos obst\u00e1culos pueden superarse, otros necesitan ayuda. Los investigadores trabajan a toda velocidad para descifrar los procesos con el&hellip;<\/p>\n","protected":false},"author":7,"featured_media":350553,"comment_status":"closed","ping_status":"closed","sticky":false,"template":"","format":"standard","meta":{"_acf_changed":false,"pmpro_default_level":"","cat_1_feature_home_top":false,"cat_2_editor_pick":false,"csco_eyebrow_text":"Trastornos cerebrales (nerviosos)","footnotes":""},"category":[11483,11475,11328,11552],"tags":[12820,12113,12343],"powerkit_post_featured":[],"class_list":["post-352222","post","type-post","status-publish","format-standard","has-post-thumbnail","category-el-congreso-informa","category-estudios","category-neurologia","category-rx-es","tag-apoplejia","tag-demencia","tag-esclerosis-multiple","pmpro-has-access"],"acf":[],"publishpress_future_action":{"enabled":false,"date":"2026-05-03 20:54:51","action":"change-status","newStatus":"draft","terms":[],"taxonomy":"category","extraData":[]},"publishpress_future_workflow_manual_trigger":{"enabledWorkflows":[]},"wpml_current_locale":"es_ES","wpml_translations":[],"_links":{"self":[{"href":"https:\/\/medizinonline.com\/es\/wp-json\/wp\/v2\/posts\/352222","targetHints":{"allow":["GET"]}}],"collection":[{"href":"https:\/\/medizinonline.com\/es\/wp-json\/wp\/v2\/posts"}],"about":[{"href":"https:\/\/medizinonline.com\/es\/wp-json\/wp\/v2\/types\/post"}],"author":[{"embeddable":true,"href":"https:\/\/medizinonline.com\/es\/wp-json\/wp\/v2\/users\/7"}],"replies":[{"embeddable":true,"href":"https:\/\/medizinonline.com\/es\/wp-json\/wp\/v2\/comments?post=352222"}],"version-history":[{"count":1,"href":"https:\/\/medizinonline.com\/es\/wp-json\/wp\/v2\/posts\/352222\/revisions"}],"predecessor-version":[{"id":352229,"href":"https:\/\/medizinonline.com\/es\/wp-json\/wp\/v2\/posts\/352222\/revisions\/352229"}],"wp:featuredmedia":[{"embeddable":true,"href":"https:\/\/medizinonline.com\/es\/wp-json\/wp\/v2\/media\/350553"}],"wp:attachment":[{"href":"https:\/\/medizinonline.com\/es\/wp-json\/wp\/v2\/media?parent=352222"}],"wp:term":[{"taxonomy":"category","embeddable":true,"href":"https:\/\/medizinonline.com\/es\/wp-json\/wp\/v2\/category?post=352222"},{"taxonomy":"post_tag","embeddable":true,"href":"https:\/\/medizinonline.com\/es\/wp-json\/wp\/v2\/tags?post=352222"},{"taxonomy":"powerkit_post_featured","embeddable":true,"href":"https:\/\/medizinonline.com\/es\/wp-json\/wp\/v2\/powerkit_post_featured?post=352222"}],"curies":[{"name":"wp","href":"https:\/\/api.w.org\/{rel}","templated":true}]}}